{"id":31963,"date":"2025-06-16T16:59:26","date_gmt":"2025-06-16T20:59:26","guid":{"rendered":"https:\/\/noticiasveraces.com\/?p=31963"},"modified":"2025-06-16T16:59:26","modified_gmt":"2025-06-16T20:59:26","slug":"victimas-por-lluvias-torrenciales-en-sudafrica-llegan-a-90-dw-16-06-2025","status":"publish","type":"post","link":"https:\/\/noticiasveraces.com\/?p=31963","title":{"rendered":"V\u00edctimas por lluvias torrenciales en Sud\u00e1frica llegan a 90 \u2013 DW \u2013 16\/06\/2025"},"content":{"rendered":"<p> \n<\/p>\n<div>\n<p>Las autoridades sudafricanas informaron este lunes (16.06.2025) que el n\u00famero de muertos causados por las devastadoras inundaciones ocurridas la pasada semana en el este del pa\u00eds ascendi\u00f3 a 90. Tras la tragedia, que ha desplazado de sus hogares a m\u00e1s de mil personas, el Gobierno sudafricano ha establecido un d\u00eda nacional de duelo para el pr\u00f3ximo jueves.<\/p>\n<p>\u00abDesafortunadamente, la cifra (de fallecidos) ha aumentado de 88 de ayer a 90\u00bb tras hallarse a \u00faltima hora del domingo dos nuevos cad\u00e1veres, afirm\u00f3 Khuselwa Rantjie, portavoz del Gobierno de la provincia del Cabo Oriental, donde se encuentra la zona siniestrada de Mthatha, la m\u00e1s castigada por las inundaciones. \u00abDe esos 90, el n\u00famero de ni\u00f1os (muertos) es 30\u00bb, precis\u00f3 la portavoz a la radio local Cape Talk.<\/p>\n<p>El pasado viernes, el presidente del pa\u00eds, Cyril Ramaphosa, visit\u00f3 Mthatha y atribuy\u00f3 la cat\u00e1strofe a la \u00abgravedad\u00bb del cambio clim\u00e1tico y calcul\u00f3 que las aguas alcanzaron m\u00e1s de cuatro metros de altura. El ministro de Gobernanza Cooperativa y Asuntos Tradicionales, Velenkosini Hlabisa, confirm\u00f3 el jueves pasado que los hechos han sido \u00abclasificados\u00bb como desastre nacional, una categor\u00eda ligeramente diferente a la \u00abdeclaraci\u00f3n\u00bb, ya que permite una actuaci\u00f3n m\u00e1s r\u00e1pida de las autoridades.<\/p>\n<h2>Pa\u00eds vulnerable<\/h2>\n<p>La clasificaci\u00f3n de desastre nacional cubre cuatro provincias: el Cabo Oriental (la m\u00e1s afectada y tambi\u00e9n la m\u00e1s pobre del pa\u00eds), KwaZulu-Natal, el Estado Libre y el Cabo Occidental. Las autoridades se\u00f1alaron adem\u00e1s que 2.686 personas se quedaron sin hogar y fueron acogidas en refugios temporales. Miles de casas, carreteras, escuelas y centros de salud quedaron sepultados bajo el lodo.<\/p>\n<p>La provincia estuvo azotada por inclemencias meteorol\u00f3gicas el pasado lunes, cuando un frente fr\u00edo azot\u00f3 la regi\u00f3n, trayendo consigo intensas lluvias, fuertes vientos y nevadas en zonas altas. Las fuertes lluvias son habituales durante el invierno en Sud\u00e1frica, pero el pa\u00eds tambi\u00e9n es muy vulnerable a las fluctuaciones meteorol\u00f3gicas y al cambio clim\u00e1tico, seg\u00fan el Fondo Verde para el Clima, un organismo de la ONU.<\/p>\n<p>DZC (EFE, AFP)<\/p>\n<\/div>\n\n","protected":false},"excerpt":{"rendered":"<p>Las autoridades sudafricanas informaron este lunes (16.06.2025) que el n\u00famero de muertos causados por las devastadoras inundaciones ocurridas la pasada semana en el este del pa\u00eds ascendi\u00f3 a 90. Tras la tragedia, que ha desplazado de sus hogares a m\u00e1s de mil personas, el Gobierno sudafricano ha establecido un d\u00eda nacional de duelo para el &hellip;<\/p>\n","protected":false},"author":1,"featured_media":31964,"comment_status":"open","ping_status":"open","sticky":false,"template":"","format":"standard","meta":{"fifu_image_url":"https:\/\/static.dw.com\/image\/72876774_6.jpg","fifu_image_alt":"","footnotes":""},"categories":[13],"tags":[],"class_list":["post-31963","post","type-post","status-publish","format-standard","has-post-thumbnail","","category-mundo"],"_links":{"self":[{"href":"https:\/\/noticiasveraces.com\/index.php?rest_route=\/wp\/v2\/posts\/31963","targetHints":{"allow":["GET"]}}],"collection":[{"href":"https:\/\/noticiasveraces.com\/index.php?rest_route=\/wp\/v2\/posts"}],"about":[{"href":"https:\/\/noticiasveraces.com\/index.php?rest_route=\/wp\/v2\/types\/post"}],"author":[{"embeddable":true,"href":"https:\/\/noticiasveraces.com\/index.php?rest_route=\/wp\/v2\/users\/1"}],"replies":[{"embeddable":true,"href":"https:\/\/noticiasveraces.com\/index.php?rest_route=%2Fwp%2Fv2%2Fcomments&post=31963"}],"version-history":[{"count":0,"href":"https:\/\/noticiasveraces.com\/index.php?rest_route=\/wp\/v2\/posts\/31963\/revisions"}],"wp:featuredmedia":[{"embeddable":true,"href":"https:\/\/noticiasveraces.com\/index.php?rest_route=\/wp\/v2\/media\/31964"}],"wp:attachment":[{"href":"https:\/\/noticiasveraces.com\/index.php?rest_route=%2Fwp%2Fv2%2Fmedia&parent=31963"}],"wp:term":[{"taxonomy":"category","embeddable":true,"href":"https:\/\/noticiasveraces.com\/index.php?rest_route=%2Fwp%2Fv2%2Fcategories&post=31963"},{"taxonomy":"post_tag","embeddable":true,"href":"https:\/\/noticiasveraces.com\/index.php?rest_route=%2Fwp%2Fv2%2Ftags&post=31963"}],"curies":[{"name":"wp","href":"https:\/\/api.w.org\/{rel}","templated":true}]}}