{"id":31961,"date":"2025-06-16T15:57:57","date_gmt":"2025-06-16T19:57:57","guid":{"rendered":"https:\/\/noticiasveraces.com\/?p=31961"},"modified":"2025-06-16T15:57:57","modified_gmt":"2025-06-16T19:57:57","slug":"la-tibia-reaccion-de-alemania-al-conflicto-iran-israel-dw-16-06-2025","status":"publish","type":"post","link":"https:\/\/noticiasveraces.com\/?p=31961","title":{"rendered":"La tibia reacci\u00f3n de Alemania al conflicto Ir\u00e1n-Israel \u2013 DW \u2013 16\/06\/2025"},"content":{"rendered":"<p> \n<\/p>\n<div>\n<p>Las reacciones alemanas\u00a0al ataque de Israel contra Ir\u00e1n\u00a0resultan familiares: el Gobierno se abstiene de criticar a Israel o lo hace con un tono mucho m\u00e1s suave que el de otros Gobiernos europeos.<\/p>\n<p>El canciller,\u00a0Friedrich Merz\u00a0, del partido democristiano CDU, dijo el pasado domingo (15.06.) que \u00abIsrael tiene derecho a defender su existencia y la seguridad de sus ciudadanos\u201d y a\u00f1adi\u00f3 que \u00abel programa iran\u00ed de armas nucleares es una amenaza existencial para el Estado de Israel\u00bb.<\/p>\n<p>El lunes (16.06.2025), Norbert R\u00f6ttgen, experto en pol\u00edtica exterior del grupo parlamentario del partido\u00a0CDU, declar\u00f3 en la cadena alemana ARD: \u00abTendr\u00eda consecuencias devastadoras si Ir\u00e1n, un r\u00e9gimen terrorista tanto hacia dentro\u00a0como hacia el exterior, se convirtiera en una potencia nuclear\u201d.<\/p>\n<p>En cuanto al debate sobre si las acciones de Israel violan el derecho internacional, R\u00f6ttgen\u00a0se\u00f1al\u00f3 que, en este punto, \u00abes inevitable que exista cierta zona gris\u00bb, pero que, en realidad, se trata de un \u00abdilema\u00bb.<\/p>\n<h2>\u00bfHa violado Israel el derecho internacional?<\/h2>\n<p>Mucho m\u00e1s claro lo tiene el experto en derecho internacional Dominik Steiger, de la Universidad T\u00e9cnica de Dresde.\u00a0Steiger\u00a0declar\u00f3 a la cadena ZDF que es evidente que Ir\u00e1n ha avanzado mucho en su programa nuclear en los \u00faltimos a\u00f1os.<\/p>\n<p>El derecho internacional exige que haya una amenaza inminente para justificar un ataque preventivo, como el que llev\u00f3 a cabo Israel el viernes. Para Steiger, \u00abla situaci\u00f3n es clar\u00edsima: en este caso, la amenaza era demasiado abstracta, por lo que Israel no deber\u00eda haber atacado\u00bb.<\/p>\n<p><span data-slot-id=\"Article_InContent-1\" class=\"rich-text-ad\"\/><\/p>\n<h2>Evacuaci\u00f3n de Israel, muy dif\u00edcil<\/h2>\n<p>Por su parte, el portavoz del Ministerio de\u00a0Exteriores, Christian Wagner,\u00a0coment\u00f3 sobre la situaci\u00f3n de los ciudadanos alemanes en Israel que las opciones para salir del pa\u00eds por tierra son limitadas y peligrosas. El espacio a\u00e9reo israel\u00ed est\u00e1 cerrado.<\/p>\n<p>A la pregunta de por qu\u00e9 Alemania no ha\u00a0organizado convoyes para que sus ciudadanos llegaran a Jordania, como s\u00ed\u00a0hizo Polonia, Wagner\u00a0se\u00f1al\u00f3 que hab\u00eda demasiados alemanes\u00a0en Israel.<\/p>\n<p>El viernes (13.6.2025), se estim\u00f3\u00a0en 3.500 el n\u00famero de personas que se hab\u00edan presentado en la embajada; ahora la cifra ya asciende a 4.000. En Ir\u00e1n, calcularon que hab\u00eda all\u00ed unos\u00a01.000 ciudadanos alemanes.<\/p>\n<h2>Gobierno alem\u00e1n sorprendido por ataques<\/h2>\n<p>Al ministro de Exteriores alem\u00e1n, Johann Wadephul (CDU), los ataques lo tomaron por sorpresa en Egipto. Originalmente, hab\u00eda planeado visitar Israel durante el fin de semana, pero no lo hizo.\u00a0El primer ministro israel\u00ed, Benjam\u00edn Netanyahu,\u00a0inform\u00f3 al canciller Merz la noche del s\u00e1bado, pero, al parecer, lo hizo\u00a0ya despu\u00e9s de producidos los primeros ataques.<\/p>\n<p>La corresponsal de DW, Giulia Saudelli, acompa\u00f1\u00f3 a Wadephul en su viaje: \u00abEs dif\u00edcil imaginar que Wadephul no se sorprendiera cuando lo despertaron la madrugada del viernes, apenas horas despu\u00e9s de aterrizar en El Cairo, con una llamada de su hom\u00f3logo israel\u00ed\u201d, comenta.<\/p>\n<p>Saudelli dice que \u00absin duda, fue una se\u00f1al para los socios de la regi\u00f3n que Wadephul decidiera quedarse en la regi\u00f3n en lugar de regresar inmediatamente a Berl\u00edn, a pesar de que se cancelaron las escalas en L\u00edbano, Jordania e Israel\u00bb.<\/p>\n<p>El ministro alem\u00e1n declar\u00f3\u00a0el lunes (16.6.2025)\u00a0antes de volver a Berl\u00edn que\u00a0Ir\u00e1n debe abandonar definitivamente sus armas nucleares: \u00abSi esto sucede ahora por la parte\u00a0iran\u00ed, entonces existe una oportunidad real, y debemos aprovecharla juntos\u00bb.<\/p>\n<h2>Ausencia de participaci\u00f3n alemana en ataques contra Ir\u00e1n<\/h2>\n<p>En lo que respecta a la escalada militar entre Israel e Ir\u00e1n, Alemania ha criticado de manera tibia\u00a0al Gobierno de Benjamin Netanyahu, a\u00a0diferencia de lo ocurrido en las \u00faltimas semanas con el conflicto en\u00a0Gaza. A\u00a0finales de mayo, el canciller Merz declar\u00f3: \u00abLo que hace el Ej\u00e9rcito israel\u00ed en la Franja de Gaza, francamente, ya no entiendo cu\u00e1l es el objetivo\u201d.<\/p>\n<p>En cuanto a si Alemania ha\u00a0prestado ayuda a Israel, Merz declar\u00f3\u00a0que Israel solamente ha\u00a0solicitado a Alemania que suministrara\u00a0equipos contra incendios. Por su parte,\u00a0el ministro de Defensa alem\u00e1n, Boris Pistorius (SPD), asegur\u00f3 en la cadena de televisi\u00f3n alemana ARD:\u00a0\u00abTampoco s\u00e9 de qu\u00e9 forma deber\u00edamos o podr\u00edamos participar activamente en este conflicto\u201d.<\/p>\n<p>(RMR\/MS)<\/p>\n<\/p>\n<\/div>\n\n","protected":false},"excerpt":{"rendered":"<p>Las reacciones alemanas\u00a0al ataque de Israel contra Ir\u00e1n\u00a0resultan familiares: el Gobierno se abstiene de criticar a Israel o lo hace con un tono mucho m\u00e1s suave que el de otros Gobiernos europeos. El canciller,\u00a0Friedrich Merz\u00a0, del partido democristiano CDU, dijo el pasado domingo (15.06.) que \u00abIsrael tiene derecho a defender su existencia y la seguridad &hellip;<\/p>\n","protected":false},"author":1,"featured_media":31962,"comment_status":"open","ping_status":"open","sticky":false,"template":"","format":"standard","meta":{"fifu_image_url":"https:\/\/static.dw.com\/image\/71773960_6.jpg","fifu_image_alt":"","footnotes":""},"categories":[13],"tags":[],"class_list":["post-31961","post","type-post","status-publish","format-standard","has-post-thumbnail","","category-mundo"],"_links":{"self":[{"href":"https:\/\/noticiasveraces.com\/index.php?rest_route=\/wp\/v2\/posts\/31961","targetHints":{"allow":["GET"]}}],"collection":[{"href":"https:\/\/noticiasveraces.com\/index.php?rest_route=\/wp\/v2\/posts"}],"about":[{"href":"https:\/\/noticiasveraces.com\/index.php?rest_route=\/wp\/v2\/types\/post"}],"author":[{"embeddable":true,"href":"https:\/\/noticiasveraces.com\/index.php?rest_route=\/wp\/v2\/users\/1"}],"replies":[{"embeddable":true,"href":"https:\/\/noticiasveraces.com\/index.php?rest_route=%2Fwp%2Fv2%2Fcomments&post=31961"}],"version-history":[{"count":0,"href":"https:\/\/noticiasveraces.com\/index.php?rest_route=\/wp\/v2\/posts\/31961\/revisions"}],"wp:featuredmedia":[{"embeddable":true,"href":"https:\/\/noticiasveraces.com\/index.php?rest_route=\/wp\/v2\/media\/31962"}],"wp:attachment":[{"href":"https:\/\/noticiasveraces.com\/index.php?rest_route=%2Fwp%2Fv2%2Fmedia&parent=31961"}],"wp:term":[{"taxonomy":"category","embeddable":true,"href":"https:\/\/noticiasveraces.com\/index.php?rest_route=%2Fwp%2Fv2%2Fcategories&post=31961"},{"taxonomy":"post_tag","embeddable":true,"href":"https:\/\/noticiasveraces.com\/index.php?rest_route=%2Fwp%2Fv2%2Ftags&post=31961"}],"curies":[{"name":"wp","href":"https:\/\/api.w.org\/{rel}","templated":true}]}}