{"id":31917,"date":"2025-06-16T09:28:16","date_gmt":"2025-06-16T13:28:16","guid":{"rendered":"https:\/\/noticiasveraces.com\/?p=31917"},"modified":"2025-06-16T09:28:16","modified_gmt":"2025-06-16T13:28:16","slug":"trump-se-reune-con-el-primer-ministro-canadiense-en-la-cumbre-del-g7","status":"publish","type":"post","link":"https:\/\/noticiasveraces.com\/?p=31917","title":{"rendered":"Trump se re\u00fane con el primer ministro canadiense en la cumbre del G7"},"content":{"rendered":"<p> \n<\/p>\n<div id=\"content\">\n<p>IE 11 no es compatible. Para una experiencia \u00f3ptima, visite nuestro sitio en otro navegador.<button type=\"button\" aria-label=\"close\" class=\"alert-banner__close-button icon icon-close\"\/><\/p>\n<div>\n<div class=\"video-page\" data-testid=\"video-page\">\n<div class=\"video-page__video\">\n<div class=\"video-page__main\">\n<div class=\"video-page__player\" data-testid=\"video-page__player\">\n<div class=\"styles_gridStackWrapper__Z_AMc styles_videoContainer___xc7B video-container paused\" data-testid=\"gamma-video-player-autoplay\">\n<div class=\"styles_gridStackWrapper__Z_AMc videoSlate styles_videoSlate__IvkAP\"><picture class=\"\" data-testid=\"picture\"><source media=\"(min-width: 1240px)\" srcset=\"https:\/\/media-cldnry.s-nbcnews.com\/image\/upload\/t_focal-860x484,f_auto,q_auto:best\/mpx\/2704722219\/2025_06\/trump_carney_split-7bkv9s.jpg\"\/><source media=\"(min-width: 758px)\" srcset=\"https:\/\/media-cldnry.s-nbcnews.com\/image\/upload\/t_focal-1000x563,f_auto,q_auto:best\/mpx\/2704722219\/2025_06\/trump_carney_split-7bkv9s.jpg\"\/><source media=\"(min-width: 320px)\" srcset=\"https:\/\/media-cldnry.s-nbcnews.com\/image\/upload\/t_focal-760x428,f_auto,q_auto:best\/mpx\/2704722219\/2025_06\/trump_carney_split-7bkv9s.jpg\"\/><img decoding=\"async\" src=\"https:\/\/media-cldnry.s-nbcnews.com\/image\/upload\/t_focal-760x428,f_auto,q_auto:best\/mpx\/2704722219\/2025_06\/trump_carney_split-7bkv9s.jpg\" alt=\"\"\/><\/picture><\/div>\n<\/div>\n<\/div>\n<div class=\"video-page__drawer\"><button class=\"styles_prevButton___kn9P styles_disabled__TOBLY\" type=\"button\" data-testid=\"prev-button\"><span class=\"icon icon-back\"\/><\/button><\/p>\n<div class=\"styles_playlistDrawer__ttvMO\" data-testid=\"playlist-drawer\">\n<section class=\"styles_playlist__AdfYR\">\n<ul class=\"styles_videos__IxbCG\">\n<li class=\"styles_video__WPPDb\">\n<div class=\"playlist-drawer__video\" data-testid=\"playlist-drawer-video\">\n<p>A continuaci\u00f3n<\/p>\n<div class=\"playlist-drawer__thumbnail\"><picture class=\"playlist-drawer__thumbnail\" data-testid=\"picture\"><source media=\"(min-width: 1000px)\" srcset=\"https:\/\/media-cldnry.s-nbcnews.com\/image\/upload\/t_focal-280x140,f_auto,q_auto:best\/mpx\/2704722219\/2025_06\/1750074096582_tdy_news_7a_ikeda_karen_read_250616_1920x1080-2l1r9o.jpg\"\/><source media=\"(min-width: 758px)\" srcset=\"https:\/\/media-cldnry.s-nbcnews.com\/image\/upload\/t_focal-760x380,f_auto,q_auto:best\/mpx\/2704722219\/2025_06\/1750074096582_tdy_news_7a_ikeda_karen_read_250616_1920x1080-2l1r9o.jpg\"\/><source media=\"(min-width: 320px)\" srcset=\"https:\/\/media-cldnry.s-nbcnews.com\/image\/upload\/t_focal-520x260,f_auto,q_auto:best\/mpx\/2704722219\/2025_06\/1750074096582_tdy_news_7a_ikeda_karen_read_250616_1920x1080-2l1r9o.jpg\"\/><img decoding=\"async\" loading=\"lazy\" src=\"https:\/\/media-cldnry.s-nbcnews.com\/image\/upload\/t_focal-520x260,f_auto,q_auto:best\/mpx\/2704722219\/2025_06\/1750074096582_tdy_news_7a_ikeda_karen_read_250616_1920x1080-2l1r9o.jpg\" alt=\"\"\/><\/picture><\/div>\n<p><h2 class=\"playlist-drawer__title\" data-testid=\"playlist-title\">Los miembros del jurado regresan a la corte para deliberar el destino de Karen Read<\/h2>\n<p><span class=\"playlist-drawer__duration founders-mono\" data-testid=\"playlist-duration\">02:34<\/span><\/p>\n<\/div>\n<\/li>\n<li class=\"styles_video__WPPDb\">\n<div class=\"playlist-drawer__video\" data-testid=\"playlist-drawer-video\">\n<div class=\"playlist-drawer__thumbnail\"><picture class=\"playlist-drawer__thumbnail\" data-testid=\"picture\"><source media=\"(min-width: 1000px)\" srcset=\"https:\/\/media-cldnry.s-nbcnews.com\/image\/upload\/t_focal-280x140,f_auto,q_auto:best\/mpx\/2704722219\/2025_06\/1750072775154_tsy_news_7a_solis_dylan_wx_250616_1920x1080-w815js.jpg\"\/><source media=\"(min-width: 758px)\" srcset=\"https:\/\/media-cldnry.s-nbcnews.com\/image\/upload\/t_focal-760x380,f_auto,q_auto:best\/mpx\/2704722219\/2025_06\/1750072775154_tsy_news_7a_solis_dylan_wx_250616_1920x1080-w815js.jpg\"\/><source media=\"(min-width: 320px)\" srcset=\"https:\/\/media-cldnry.s-nbcnews.com\/image\/upload\/t_focal-520x260,f_auto,q_auto:best\/mpx\/2704722219\/2025_06\/1750072775154_tsy_news_7a_solis_dylan_wx_250616_1920x1080-w815js.jpg\"\/><img decoding=\"async\" loading=\"lazy\" src=\"https:\/\/media-cldnry.s-nbcnews.com\/image\/upload\/t_focal-520x260,f_auto,q_auto:best\/mpx\/2704722219\/2025_06\/1750072775154_tsy_news_7a_solis_dylan_wx_250616_1920x1080-w815js.jpg\" alt=\"\"\/><\/picture><\/div>\n<p><h2 class=\"playlist-drawer__title\" data-testid=\"playlist-title\">Las inundaciones repentinas mortales abruman comunidades en Virginia Occidental<\/h2>\n<p><span class=\"playlist-drawer__duration founders-mono\" data-testid=\"playlist-duration\">02:48<\/span><\/p>\n<\/div>\n<\/li>\n<li class=\"styles_video__WPPDb\">\n<div class=\"playlist-drawer__video\" data-testid=\"playlist-drawer-video\">\n<div class=\"playlist-drawer__thumbnail\"><picture class=\"playlist-drawer__thumbnail\" data-testid=\"picture\"><source media=\"(min-width: 1000px)\" srcset=\"https:\/\/media-cldnry.s-nbcnews.com\/image\/upload\/t_focal-280x140,f_auto,q_auto:best\/mpx\/2704722219\/2025_06\/1750072601622_tdy_news_7a_commissioner_minnesota_250616_1920x1080-l9plgh.jpg\"\/><source media=\"(min-width: 758px)\" srcset=\"https:\/\/media-cldnry.s-nbcnews.com\/image\/upload\/t_focal-760x380,f_auto,q_auto:best\/mpx\/2704722219\/2025_06\/1750072601622_tdy_news_7a_commissioner_minnesota_250616_1920x1080-l9plgh.jpg\"\/><source media=\"(min-width: 320px)\" srcset=\"https:\/\/media-cldnry.s-nbcnews.com\/image\/upload\/t_focal-520x260,f_auto,q_auto:best\/mpx\/2704722219\/2025_06\/1750072601622_tdy_news_7a_commissioner_minnesota_250616_1920x1080-l9plgh.jpg\"\/><img decoding=\"async\" loading=\"lazy\" src=\"https:\/\/media-cldnry.s-nbcnews.com\/image\/upload\/t_focal-520x260,f_auto,q_auto:best\/mpx\/2704722219\/2025_06\/1750072601622_tdy_news_7a_commissioner_minnesota_250616_1920x1080-l9plgh.jpg\" alt=\"\"\/><\/picture><\/div>\n<p><h2 class=\"playlist-drawer__title\" data-testid=\"playlist-title\">Detalles oficiales de Minnesota Captura del legislador sospechoso de disparos<\/h2>\n<p><span class=\"playlist-drawer__duration founders-mono\" data-testid=\"playlist-duration\">03:02<\/span><\/p>\n<\/div>\n<\/li>\n<li class=\"styles_video__WPPDb\">\n<div class=\"playlist-drawer__video\" data-testid=\"playlist-drawer-video\">\n<div class=\"playlist-drawer__thumbnail\"><picture class=\"playlist-drawer__thumbnail\" data-testid=\"picture\"><source media=\"(min-width: 1000px)\" srcset=\"https:\/\/media-cldnry.s-nbcnews.com\/image\/upload\/t_focal-280x140,f_auto,q_auto:best\/mpx\/2704722219\/2025_06\/1750072414626_tdy_news_7a_vespa_minnesota_250616_1920x1080-o1g9yl.jpg\"\/><source media=\"(min-width: 758px)\" srcset=\"https:\/\/media-cldnry.s-nbcnews.com\/image\/upload\/t_focal-760x380,f_auto,q_auto:best\/mpx\/2704722219\/2025_06\/1750072414626_tdy_news_7a_vespa_minnesota_250616_1920x1080-o1g9yl.jpg\"\/><source media=\"(min-width: 320px)\" srcset=\"https:\/\/media-cldnry.s-nbcnews.com\/image\/upload\/t_focal-520x260,f_auto,q_auto:best\/mpx\/2704722219\/2025_06\/1750072414626_tdy_news_7a_vespa_minnesota_250616_1920x1080-o1g9yl.jpg\"\/><img decoding=\"async\" loading=\"lazy\" src=\"https:\/\/media-cldnry.s-nbcnews.com\/image\/upload\/t_focal-520x260,f_auto,q_auto:best\/mpx\/2704722219\/2025_06\/1750072414626_tdy_news_7a_vespa_minnesota_250616_1920x1080-o1g9yl.jpg\" alt=\"\"\/><\/picture><\/div>\n<p><h2 class=\"playlist-drawer__title\" data-testid=\"playlist-title\">Sospechoso en el tiroteo de los legisladores de Minnesota bajo custodia<\/h2>\n<p><span class=\"playlist-drawer__duration founders-mono\" data-testid=\"playlist-duration\">02:15<\/span><\/p>\n<\/div>\n<\/li>\n<li class=\"styles_video__WPPDb\">\n<div class=\"playlist-drawer__video\" data-testid=\"playlist-drawer-video\">\n<div class=\"playlist-drawer__thumbnail\"><picture class=\"playlist-drawer__thumbnail\" data-testid=\"picture\"><source media=\"(min-width: 1000px)\" srcset=\"https:\/\/media-cldnry.s-nbcnews.com\/image\/upload\/t_focal-280x140,f_auto,q_auto:best\/mpx\/2704722219\/2025_06\/1750046497476_now_brk_walz_minn_suspect_250615_1920x1080-7xj3cg.jpg\"\/><source media=\"(min-width: 758px)\" srcset=\"https:\/\/media-cldnry.s-nbcnews.com\/image\/upload\/t_focal-760x380,f_auto,q_auto:best\/mpx\/2704722219\/2025_06\/1750046497476_now_brk_walz_minn_suspect_250615_1920x1080-7xj3cg.jpg\"\/><source media=\"(min-width: 320px)\" srcset=\"https:\/\/media-cldnry.s-nbcnews.com\/image\/upload\/t_focal-520x260,f_auto,q_auto:best\/mpx\/2704722219\/2025_06\/1750046497476_now_brk_walz_minn_suspect_250615_1920x1080-7xj3cg.jpg\"\/><img decoding=\"async\" loading=\"lazy\" src=\"https:\/\/media-cldnry.s-nbcnews.com\/image\/upload\/t_focal-520x260,f_auto,q_auto:best\/mpx\/2704722219\/2025_06\/1750046497476_now_brk_walz_minn_suspect_250615_1920x1080-7xj3cg.jpg\" alt=\"\"\/><\/picture><\/div>\n<p><h2 class=\"playlist-drawer__title\" data-testid=\"playlist-title\">El gobernador de Minnesota, Walz, anuncia que el sospechoso de disparos es arrestado<\/h2>\n<p><span class=\"playlist-drawer__duration founders-mono\" data-testid=\"playlist-duration\">04:10<\/span><\/p>\n<\/div>\n<\/li>\n<li class=\"styles_video__WPPDb\">\n<div class=\"playlist-drawer__video\" data-testid=\"playlist-drawer-video\">\n<div class=\"playlist-drawer__thumbnail\"><picture class=\"playlist-drawer__thumbnail\" data-testid=\"picture\"><source media=\"(min-width: 1000px)\" srcset=\"https:\/\/media-cldnry.s-nbcnews.com\/image\/upload\/t_focal-280x140,f_auto,q_auto:best\/mpx\/2704722219\/2025_06\/f_tov_utah_shooting_250615.00_00_03_04.Still001-02aatr.jpg\"\/><source media=\"(min-width: 758px)\" srcset=\"https:\/\/media-cldnry.s-nbcnews.com\/image\/upload\/t_focal-760x380,f_auto,q_auto:best\/mpx\/2704722219\/2025_06\/f_tov_utah_shooting_250615.00_00_03_04.Still001-02aatr.jpg\"\/><source media=\"(min-width: 320px)\" srcset=\"https:\/\/media-cldnry.s-nbcnews.com\/image\/upload\/t_focal-520x260,f_auto,q_auto:best\/mpx\/2704722219\/2025_06\/f_tov_utah_shooting_250615.00_00_03_04.Still001-02aatr.jpg\"\/><img decoding=\"async\" loading=\"lazy\" src=\"https:\/\/media-cldnry.s-nbcnews.com\/image\/upload\/t_focal-520x260,f_auto,q_auto:best\/mpx\/2704722219\/2025_06\/f_tov_utah_shooting_250615.00_00_03_04.Still001-02aatr.jpg\" alt=\"\"\/><\/picture><\/div>\n<p><h2 class=\"playlist-drawer__title\" data-testid=\"playlist-title\">La multitud corre para cubrirse despu\u00e9s de que estallan los disparos en el rally de Utah &#8216;No Kings&#8217;<\/h2>\n<p><span class=\"playlist-drawer__duration founders-mono\" data-testid=\"playlist-duration\">00:49<\/span><\/p>\n<\/div>\n<\/li>\n<li class=\"styles_video__WPPDb\">\n<div class=\"playlist-drawer__video\" data-testid=\"playlist-drawer-video\">\n<div class=\"playlist-drawer__thumbnail\"><picture class=\"playlist-drawer__thumbnail\" data-testid=\"picture\"><source media=\"(min-width: 1000px)\" srcset=\"https:\/\/media-cldnry.s-nbcnews.com\/image\/upload\/t_focal-280x140,f_auto,q_auto:best\/mpx\/2704722219\/2025_06\/tm-kare-rommate-5400av.jpg\"\/><source media=\"(min-width: 758px)\" srcset=\"https:\/\/media-cldnry.s-nbcnews.com\/image\/upload\/t_focal-760x380,f_auto,q_auto:best\/mpx\/2704722219\/2025_06\/tm-kare-rommate-5400av.jpg\"\/><source media=\"(min-width: 320px)\" srcset=\"https:\/\/media-cldnry.s-nbcnews.com\/image\/upload\/t_focal-520x260,f_auto,q_auto:best\/mpx\/2704722219\/2025_06\/tm-kare-rommate-5400av.jpg\"\/><img decoding=\"async\" loading=\"lazy\" src=\"https:\/\/media-cldnry.s-nbcnews.com\/image\/upload\/t_focal-520x260,f_auto,q_auto:best\/mpx\/2704722219\/2025_06\/tm-kare-rommate-5400av.jpg\" alt=\"\"\/><\/picture><\/div>\n<p><h2 class=\"playlist-drawer__title\" data-testid=\"playlist-title\">&#8216;Ojal\u00e1 pudiera haber estado all\u00ed para detenerlo&#8217;: compa\u00f1ero de cuarto sospechoso de Minnesota<\/h2>\n<p><span class=\"playlist-drawer__duration founders-mono\" data-testid=\"playlist-duration\">00:57<\/span><\/p>\n<\/div>\n<\/li>\n<li class=\"styles_video__WPPDb\">\n<div class=\"playlist-drawer__video\" data-testid=\"playlist-drawer-video\">\n<div class=\"playlist-drawer__thumbnail\"><picture class=\"playlist-drawer__thumbnail\" data-testid=\"picture\"><source media=\"(min-width: 1000px)\" srcset=\"https:\/\/media-cldnry.s-nbcnews.com\/image\/upload\/t_focal-280x140,f_auto,q_auto:best\/mpx\/2704722219\/2025_06\/1749952828107_nbc_spec_minn_suspect_manhunt_250614_1920x1080-b8jggd.jpg\"\/><source media=\"(min-width: 758px)\" srcset=\"https:\/\/media-cldnry.s-nbcnews.com\/image\/upload\/t_focal-760x380,f_auto,q_auto:best\/mpx\/2704722219\/2025_06\/1749952828107_nbc_spec_minn_suspect_manhunt_250614_1920x1080-b8jggd.jpg\"\/><source media=\"(min-width: 320px)\" srcset=\"https:\/\/media-cldnry.s-nbcnews.com\/image\/upload\/t_focal-520x260,f_auto,q_auto:best\/mpx\/2704722219\/2025_06\/1749952828107_nbc_spec_minn_suspect_manhunt_250614_1920x1080-b8jggd.jpg\"\/><img decoding=\"async\" loading=\"lazy\" src=\"https:\/\/media-cldnry.s-nbcnews.com\/image\/upload\/t_focal-520x260,f_auto,q_auto:best\/mpx\/2704722219\/2025_06\/1749952828107_nbc_spec_minn_suspect_manhunt_250614_1920x1080-b8jggd.jpg\" alt=\"\"\/><\/picture><\/div>\n<p><h2 class=\"playlist-drawer__title\" data-testid=\"playlist-title\">Manhunt en marcha para sospechoso en el legislador de Minnesota matando<\/h2>\n<p><span class=\"playlist-drawer__duration founders-mono\" data-testid=\"playlist-duration\">02:58<\/span><\/p>\n<\/div>\n<\/li>\n<li class=\"styles_video__WPPDb\">\n<div class=\"playlist-drawer__video\" data-testid=\"playlist-drawer-video\">\n<div class=\"playlist-drawer__thumbnail\"><picture class=\"playlist-drawer__thumbnail\" data-testid=\"picture\"><source media=\"(min-width: 1000px)\" srcset=\"https:\/\/media-cldnry.s-nbcnews.com\/image\/upload\/t_focal-280x140,f_auto,q_auto:best\/mpx\/2704722219\/2025_06\/trump-parade1-93r77b.jpg\"\/><source media=\"(min-width: 758px)\" srcset=\"https:\/\/media-cldnry.s-nbcnews.com\/image\/upload\/t_focal-760x380,f_auto,q_auto:best\/mpx\/2704722219\/2025_06\/trump-parade1-93r77b.jpg\"\/><source media=\"(min-width: 320px)\" srcset=\"https:\/\/media-cldnry.s-nbcnews.com\/image\/upload\/t_focal-520x260,f_auto,q_auto:best\/mpx\/2704722219\/2025_06\/trump-parade1-93r77b.jpg\"\/><img decoding=\"async\" loading=\"lazy\" src=\"https:\/\/media-cldnry.s-nbcnews.com\/image\/upload\/t_focal-520x260,f_auto,q_auto:best\/mpx\/2704722219\/2025_06\/trump-parade1-93r77b.jpg\" alt=\"\"\/><\/picture><\/div>\n<p><h2 class=\"playlist-drawer__title\" data-testid=\"playlist-title\">Mire los aspectos m\u00e1s destacados del 250 aniversario del ej\u00e9rcito en menos de 3 minutos<\/h2>\n<p><span class=\"playlist-drawer__duration founders-mono\" data-testid=\"playlist-duration\">02:46<\/span><\/p>\n<\/div>\n<\/li>\n<li class=\"styles_video__WPPDb\">\n<div class=\"playlist-drawer__video\" data-testid=\"playlist-drawer-video\">\n<div class=\"playlist-drawer__thumbnail\"><picture class=\"playlist-drawer__thumbnail\" data-testid=\"picture\"><source media=\"(min-width: 1000px)\" srcset=\"https:\/\/media-cldnry.s-nbcnews.com\/image\/upload\/t_focal-280x140,f_auto,q_auto:best\/mpx\/2704722219\/2025_06\/1749947221995_nbc_spec_noriega_teargas_250614_1920x1080-n27dr0.jpg\"\/><source media=\"(min-width: 758px)\" srcset=\"https:\/\/media-cldnry.s-nbcnews.com\/image\/upload\/t_focal-760x380,f_auto,q_auto:best\/mpx\/2704722219\/2025_06\/1749947221995_nbc_spec_noriega_teargas_250614_1920x1080-n27dr0.jpg\"\/><source media=\"(min-width: 320px)\" srcset=\"https:\/\/media-cldnry.s-nbcnews.com\/image\/upload\/t_focal-520x260,f_auto,q_auto:best\/mpx\/2704722219\/2025_06\/1749947221995_nbc_spec_noriega_teargas_250614_1920x1080-n27dr0.jpg\"\/><img decoding=\"async\" loading=\"lazy\" src=\"https:\/\/media-cldnry.s-nbcnews.com\/image\/upload\/t_focal-520x260,f_auto,q_auto:best\/mpx\/2704722219\/2025_06\/1749947221995_nbc_spec_noriega_teargas_250614_1920x1080-n27dr0.jpg\" alt=\"\"\/><\/picture><\/div>\n<p><h2 class=\"playlist-drawer__title\" data-testid=\"playlist-title\">La polic\u00eda despliega gases lacrim\u00f3genos en La protesta cerca del edificio federal<\/h2>\n<p><span class=\"playlist-drawer__duration founders-mono\" data-testid=\"playlist-duration\">06:15<\/span><\/p>\n<\/div>\n<\/li>\n<li class=\"styles_video__WPPDb\">\n<div class=\"playlist-drawer__video\" data-testid=\"playlist-drawer-video\">\n<div class=\"playlist-drawer__thumbnail\"><picture class=\"playlist-drawer__thumbnail\" data-testid=\"picture\"><source media=\"(min-width: 1000px)\" srcset=\"https:\/\/media-cldnry.s-nbcnews.com\/image\/upload\/t_focal-280x140,f_auto,q_auto:best\/mpx\/2704722219\/2025_06\/1749945656893_nbc_spec_celebration_protests_250614_1920x1080-njzbg5.jpg\"\/><source media=\"(min-width: 758px)\" srcset=\"https:\/\/media-cldnry.s-nbcnews.com\/image\/upload\/t_focal-760x380,f_auto,q_auto:best\/mpx\/2704722219\/2025_06\/1749945656893_nbc_spec_celebration_protests_250614_1920x1080-njzbg5.jpg\"\/><source media=\"(min-width: 320px)\" srcset=\"https:\/\/media-cldnry.s-nbcnews.com\/image\/upload\/t_focal-520x260,f_auto,q_auto:best\/mpx\/2704722219\/2025_06\/1749945656893_nbc_spec_celebration_protests_250614_1920x1080-njzbg5.jpg\"\/><img decoding=\"async\" loading=\"lazy\" src=\"https:\/\/media-cldnry.s-nbcnews.com\/image\/upload\/t_focal-520x260,f_auto,q_auto:best\/mpx\/2704722219\/2025_06\/1749945656893_nbc_spec_celebration_protests_250614_1920x1080-njzbg5.jpg\" alt=\"\"\/><\/picture><\/div>\n<p><h2 class=\"playlist-drawer__title\" data-testid=\"playlist-title\">La polic\u00eda se muda a las calles despejadas como 20,000 protestas en Los \u00c1ngeles<\/h2>\n<p><span class=\"playlist-drawer__duration founders-mono\" data-testid=\"playlist-duration\">04:22<\/span><\/p>\n<\/div>\n<\/li>\n<li class=\"styles_video__WPPDb\">\n<div class=\"playlist-drawer__video\" data-testid=\"playlist-drawer-video\">\n<div class=\"playlist-drawer__thumbnail\"><picture class=\"playlist-drawer__thumbnail\" data-testid=\"picture\"><source media=\"(min-width: 1000px)\" srcset=\"https:\/\/media-cldnry.s-nbcnews.com\/image\/upload\/t_focal-280x140,f_auto,q_auto:best\/mpx\/2704722219\/2025_06\/1749935761558_now_brk_minnesota_fbi_reward_250614_1920x1080-younlh.jpg\"\/><source media=\"(min-width: 758px)\" srcset=\"https:\/\/media-cldnry.s-nbcnews.com\/image\/upload\/t_focal-760x380,f_auto,q_auto:best\/mpx\/2704722219\/2025_06\/1749935761558_now_brk_minnesota_fbi_reward_250614_1920x1080-younlh.jpg\"\/><source media=\"(min-width: 320px)\" srcset=\"https:\/\/media-cldnry.s-nbcnews.com\/image\/upload\/t_focal-520x260,f_auto,q_auto:best\/mpx\/2704722219\/2025_06\/1749935761558_now_brk_minnesota_fbi_reward_250614_1920x1080-younlh.jpg\"\/><img decoding=\"async\" loading=\"lazy\" src=\"https:\/\/media-cldnry.s-nbcnews.com\/image\/upload\/t_focal-520x260,f_auto,q_auto:best\/mpx\/2704722219\/2025_06\/1749935761558_now_brk_minnesota_fbi_reward_250614_1920x1080-younlh.jpg\" alt=\"\"\/><\/picture><\/div>\n<p><h2 class=\"playlist-drawer__title\" data-testid=\"playlist-title\">El FBI ofrece una recompensa de $ 50k por sospechoso en tiroteos de legisladores de Minnesota<\/h2>\n<p><span class=\"playlist-drawer__duration founders-mono\" data-testid=\"playlist-duration\">01:49<\/span><\/p>\n<\/div>\n<\/li>\n<li class=\"styles_video__WPPDb\">\n<div class=\"playlist-drawer__video\" data-testid=\"playlist-drawer-video\">\n<div class=\"playlist-drawer__thumbnail\"><picture class=\"playlist-drawer__thumbnail\" data-testid=\"picture\"><source media=\"(min-width: 1000px)\" srcset=\"https:\/\/media-cldnry.s-nbcnews.com\/image\/upload\/t_focal-280x140,f_auto,q_auto:best\/mpx\/2704722219\/2025_06\/1749930631829_now_brk_philadelphia_nokings_250614_1920x1080-7d6xjt.jpg\"\/><source media=\"(min-width: 758px)\" srcset=\"https:\/\/media-cldnry.s-nbcnews.com\/image\/upload\/t_focal-760x380,f_auto,q_auto:best\/mpx\/2704722219\/2025_06\/1749930631829_now_brk_philadelphia_nokings_250614_1920x1080-7d6xjt.jpg\"\/><source media=\"(min-width: 320px)\" srcset=\"https:\/\/media-cldnry.s-nbcnews.com\/image\/upload\/t_focal-520x260,f_auto,q_auto:best\/mpx\/2704722219\/2025_06\/1749930631829_now_brk_philadelphia_nokings_250614_1920x1080-7d6xjt.jpg\"\/><img decoding=\"async\" loading=\"lazy\" src=\"https:\/\/media-cldnry.s-nbcnews.com\/image\/upload\/t_focal-520x260,f_auto,q_auto:best\/mpx\/2704722219\/2025_06\/1749930631829_now_brk_philadelphia_nokings_250614_1920x1080-7d6xjt.jpg\" alt=\"\"\/><\/picture><\/div>\n<p><h2 class=\"playlist-drawer__title\" data-testid=\"playlist-title\">Miles de personas se unen en Filadelfia para la protesta de &#8216;no reyes&#8217;<\/h2>\n<p><span class=\"playlist-drawer__duration founders-mono\" data-testid=\"playlist-duration\">03:15<\/span><\/p>\n<\/div>\n<\/li>\n<li class=\"styles_video__WPPDb\">\n<div class=\"playlist-drawer__video\" data-testid=\"playlist-drawer-video\">\n<div class=\"playlist-drawer__thumbnail\"><picture class=\"playlist-drawer__thumbnail\" data-testid=\"picture\"><source media=\"(min-width: 1000px)\" srcset=\"https:\/\/media-cldnry.s-nbcnews.com\/image\/upload\/t_focal-280x140,f_auto,q_auto:best\/mpx\/2704722219\/2025_06\/1749927128061_now_brk_minnesota_suspect_named_250614_1920x1080-c5grf2.jpg\"\/><source media=\"(min-width: 758px)\" srcset=\"https:\/\/media-cldnry.s-nbcnews.com\/image\/upload\/t_focal-760x380,f_auto,q_auto:best\/mpx\/2704722219\/2025_06\/1749927128061_now_brk_minnesota_suspect_named_250614_1920x1080-c5grf2.jpg\"\/><source media=\"(min-width: 320px)\" srcset=\"https:\/\/media-cldnry.s-nbcnews.com\/image\/upload\/t_focal-520x260,f_auto,q_auto:best\/mpx\/2704722219\/2025_06\/1749927128061_now_brk_minnesota_suspect_named_250614_1920x1080-c5grf2.jpg\"\/><img decoding=\"async\" loading=\"lazy\" src=\"https:\/\/media-cldnry.s-nbcnews.com\/image\/upload\/t_focal-520x260,f_auto,q_auto:best\/mpx\/2704722219\/2025_06\/1749927128061_now_brk_minnesota_suspect_named_250614_1920x1080-c5grf2.jpg\" alt=\"\"\/><\/picture><\/div>\n<p><h2 class=\"playlist-drawer__title\" data-testid=\"playlist-title\">Sospechoso nombrado en el tiroteo fatal del legislador de Minnesota<\/h2>\n<p><span class=\"playlist-drawer__duration founders-mono\" data-testid=\"playlist-duration\">05:09<\/span><\/p>\n<\/div>\n<\/li>\n<li class=\"styles_video__WPPDb\">\n<div class=\"playlist-drawer__video\" data-testid=\"playlist-drawer-video\">\n<div class=\"playlist-drawer__thumbnail\"><picture class=\"playlist-drawer__thumbnail\" data-testid=\"picture\"><source media=\"(min-width: 1000px)\" srcset=\"https:\/\/media-cldnry.s-nbcnews.com\/image\/upload\/t_focal-280x140,f_auto,q_auto:best\/mpx\/2704722219\/2025_06\/1749925642726_now_brk_trump_minnesota_250612_1920x1080-cj8t1t.jpg\"\/><source media=\"(min-width: 758px)\" srcset=\"https:\/\/media-cldnry.s-nbcnews.com\/image\/upload\/t_focal-760x380,f_auto,q_auto:best\/mpx\/2704722219\/2025_06\/1749925642726_now_brk_trump_minnesota_250612_1920x1080-cj8t1t.jpg\"\/><source media=\"(min-width: 320px)\" srcset=\"https:\/\/media-cldnry.s-nbcnews.com\/image\/upload\/t_focal-520x260,f_auto,q_auto:best\/mpx\/2704722219\/2025_06\/1749925642726_now_brk_trump_minnesota_250612_1920x1080-cj8t1t.jpg\"\/><img decoding=\"async\" loading=\"lazy\" src=\"https:\/\/media-cldnry.s-nbcnews.com\/image\/upload\/t_focal-520x260,f_auto,q_auto:best\/mpx\/2704722219\/2025_06\/1749925642726_now_brk_trump_minnesota_250612_1920x1080-cj8t1t.jpg\" alt=\"\"\/><\/picture><\/div>\n<p><h2 class=\"playlist-drawer__title\" data-testid=\"playlist-title\">Trump emite una declaraci\u00f3n condenando los tiroteos de Minnesota<\/h2>\n<p><span class=\"playlist-drawer__duration founders-mono\" data-testid=\"playlist-duration\">02:11<\/span><\/p>\n<\/div>\n<\/li>\n<li class=\"styles_video__WPPDb\">\n<div class=\"playlist-drawer__video\" data-testid=\"playlist-drawer-video\">\n<div class=\"playlist-drawer__thumbnail\"><picture class=\"playlist-drawer__thumbnail\" data-testid=\"picture\"><source media=\"(min-width: 1000px)\" srcset=\"https:\/\/media-cldnry.s-nbcnews.com\/image\/upload\/t_focal-280x140,f_auto,q_auto:best\/mpx\/2704722219\/2025_06\/NoKingsMiami-aoz8af.jpg\"\/><source media=\"(min-width: 758px)\" srcset=\"https:\/\/media-cldnry.s-nbcnews.com\/image\/upload\/t_focal-760x380,f_auto,q_auto:best\/mpx\/2704722219\/2025_06\/NoKingsMiami-aoz8af.jpg\"\/><source media=\"(min-width: 320px)\" srcset=\"https:\/\/media-cldnry.s-nbcnews.com\/image\/upload\/t_focal-520x260,f_auto,q_auto:best\/mpx\/2704722219\/2025_06\/NoKingsMiami-aoz8af.jpg\"\/><img decoding=\"async\" loading=\"lazy\" src=\"https:\/\/media-cldnry.s-nbcnews.com\/image\/upload\/t_focal-520x260,f_auto,q_auto:best\/mpx\/2704722219\/2025_06\/NoKingsMiami-aoz8af.jpg\" alt=\"\"\/><\/picture><\/div>\n<p><h2 class=\"playlist-drawer__title\" data-testid=\"playlist-title\">Miles se re\u00fanen en ciudades de todo el pa\u00eds para manifestaciones de &#8216;no reyes&#8217;<\/h2>\n<p><span class=\"playlist-drawer__duration founders-mono\" data-testid=\"playlist-duration\">01:56<\/span><\/p>\n<\/div>\n<\/li>\n<li class=\"styles_video__WPPDb\">\n<div class=\"playlist-drawer__video\" data-testid=\"playlist-drawer-video\">\n<div class=\"playlist-drawer__thumbnail\"><picture class=\"playlist-drawer__thumbnail\" data-testid=\"picture\"><source media=\"(min-width: 1000px)\" srcset=\"https:\/\/media-cldnry.s-nbcnews.com\/image\/upload\/t_focal-280x140,f_auto,q_auto:best\/mpx\/2704722219\/2025_06\/1749921861297_now_nokings_minn_shootings_250614_1920x1080-4ias55.jpg\"\/><source media=\"(min-width: 758px)\" srcset=\"https:\/\/media-cldnry.s-nbcnews.com\/image\/upload\/t_focal-760x380,f_auto,q_auto:best\/mpx\/2704722219\/2025_06\/1749921861297_now_nokings_minn_shootings_250614_1920x1080-4ias55.jpg\"\/><source media=\"(min-width: 320px)\" srcset=\"https:\/\/media-cldnry.s-nbcnews.com\/image\/upload\/t_focal-520x260,f_auto,q_auto:best\/mpx\/2704722219\/2025_06\/1749921861297_now_nokings_minn_shootings_250614_1920x1080-4ias55.jpg\"\/><img decoding=\"async\" loading=\"lazy\" src=\"https:\/\/media-cldnry.s-nbcnews.com\/image\/upload\/t_focal-520x260,f_auto,q_auto:best\/mpx\/2704722219\/2025_06\/1749921861297_now_nokings_minn_shootings_250614_1920x1080-4ias55.jpg\" alt=\"\"\/><\/picture><\/div>\n<p><h2 class=\"playlist-drawer__title\" data-testid=\"playlist-title\">Flyers &#8216;no reyes&#8217; que se encuentran dentro del auto del sospechoso en tiroteos de Minnesota &#8216;dirigidos&#8217;<\/h2>\n<p><span class=\"playlist-drawer__duration founders-mono\" data-testid=\"playlist-duration\">03:25<\/span><\/p>\n<\/div>\n<\/li>\n<li class=\"styles_video__WPPDb\">\n<div class=\"playlist-drawer__video\" data-testid=\"playlist-drawer-video\">\n<div class=\"playlist-drawer__thumbnail\"><picture class=\"playlist-drawer__thumbnail\" data-testid=\"picture\"><source media=\"(min-width: 1000px)\" srcset=\"https:\/\/media-cldnry.s-nbcnews.com\/image\/upload\/t_focal-280x140,f_auto,q_auto:best\/mpx\/2704722219\/2025_06\/1749915410639_n_msnbc_brk_minnesota_shooting_presser_250614_1920x1080-2e96w4.jpg\"\/><source media=\"(min-width: 758px)\" srcset=\"https:\/\/media-cldnry.s-nbcnews.com\/image\/upload\/t_focal-760x380,f_auto,q_auto:best\/mpx\/2704722219\/2025_06\/1749915410639_n_msnbc_brk_minnesota_shooting_presser_250614_1920x1080-2e96w4.jpg\"\/><source media=\"(min-width: 320px)\" srcset=\"https:\/\/media-cldnry.s-nbcnews.com\/image\/upload\/t_focal-520x260,f_auto,q_auto:best\/mpx\/2704722219\/2025_06\/1749915410639_n_msnbc_brk_minnesota_shooting_presser_250614_1920x1080-2e96w4.jpg\"\/><img decoding=\"async\" loading=\"lazy\" src=\"https:\/\/media-cldnry.s-nbcnews.com\/image\/upload\/t_focal-520x260,f_auto,q_auto:best\/mpx\/2704722219\/2025_06\/1749915410639_n_msnbc_brk_minnesota_shooting_presser_250614_1920x1080-2e96w4.jpg\" alt=\"\"\/><\/picture><\/div>\n<p><h2 class=\"playlist-drawer__title\" data-testid=\"playlist-title\">El legislador de Minnesota mat\u00f3 y otro herido en tiroteos &#8216;motivados pol\u00edticamente&#8217;<\/h2>\n<p><span class=\"playlist-drawer__duration founders-mono\" data-testid=\"playlist-duration\">05:08<\/span><\/p>\n<\/div>\n<\/li>\n<li class=\"styles_video__WPPDb\">\n<div class=\"playlist-drawer__video\" data-testid=\"playlist-drawer-video\">\n<div class=\"playlist-drawer__thumbnail\"><picture class=\"playlist-drawer__thumbnail\" data-testid=\"picture\"><source media=\"(min-width: 1000px)\" srcset=\"https:\/\/media-cldnry.s-nbcnews.com\/image\/upload\/t_focal-280x140,f_auto,q_auto:best\/mpx\/2704722219\/2025_06\/1749914181067_nbc_spec_minnesota_shootings_250614_1920x1080-upndd6.jpg\"\/><source media=\"(min-width: 758px)\" srcset=\"https:\/\/media-cldnry.s-nbcnews.com\/image\/upload\/t_focal-760x380,f_auto,q_auto:best\/mpx\/2704722219\/2025_06\/1749914181067_nbc_spec_minnesota_shootings_250614_1920x1080-upndd6.jpg\"\/><source media=\"(min-width: 320px)\" srcset=\"https:\/\/media-cldnry.s-nbcnews.com\/image\/upload\/t_focal-520x260,f_auto,q_auto:best\/mpx\/2704722219\/2025_06\/1749914181067_nbc_spec_minnesota_shootings_250614_1920x1080-upndd6.jpg\"\/><img decoding=\"async\" loading=\"lazy\" src=\"https:\/\/media-cldnry.s-nbcnews.com\/image\/upload\/t_focal-520x260,f_auto,q_auto:best\/mpx\/2704722219\/2025_06\/1749914181067_nbc_spec_minnesota_shootings_250614_1920x1080-upndd6.jpg\" alt=\"\"\/><\/picture><\/div>\n<p><h2 class=\"playlist-drawer__title\" data-testid=\"playlist-title\">El legislador de Minnesota mat\u00f3 y otro herido en tiroteos &#8216;motivados pol\u00edticamente&#8217;<\/h2>\n<p><span class=\"playlist-drawer__duration founders-mono\" data-testid=\"playlist-duration\">03:11<\/span><\/p>\n<\/div>\n<\/li>\n<li class=\"styles_video__WPPDb\">\n<div class=\"playlist-drawer__video\" data-testid=\"playlist-drawer-video\">\n<div class=\"playlist-drawer__thumbnail\"><picture class=\"playlist-drawer__thumbnail\" data-testid=\"picture\"><source media=\"(min-width: 1000px)\" srcset=\"https:\/\/media-cldnry.s-nbcnews.com\/image\/upload\/t_focal-280x140,f_auto,q_auto:best\/mpx\/2704722219\/2025_06\/1749867048292_now_topstory_idaho_murders_documentary_250613_1920x1080-np4y0d.jpg\"\/><source media=\"(min-width: 758px)\" srcset=\"https:\/\/media-cldnry.s-nbcnews.com\/image\/upload\/t_focal-760x380,f_auto,q_auto:best\/mpx\/2704722219\/2025_06\/1749867048292_now_topstory_idaho_murders_documentary_250613_1920x1080-np4y0d.jpg\"\/><source media=\"(min-width: 320px)\" srcset=\"https:\/\/media-cldnry.s-nbcnews.com\/image\/upload\/t_focal-520x260,f_auto,q_auto:best\/mpx\/2704722219\/2025_06\/1749867048292_now_topstory_idaho_murders_documentary_250613_1920x1080-np4y0d.jpg\"\/><img decoding=\"async\" loading=\"lazy\" src=\"https:\/\/media-cldnry.s-nbcnews.com\/image\/upload\/t_focal-520x260,f_auto,q_auto:best\/mpx\/2704722219\/2025_06\/1749867048292_now_topstory_idaho_murders_documentary_250613_1920x1080-np4y0d.jpg\" alt=\"\"\/><\/picture><\/div>\n<p><h2 class=\"playlist-drawer__title\" data-testid=\"playlist-title\">Los estudiantes que encontraron asesinatos de la Universidad de Idaho hablan por primera vez<\/h2>\n<p><span class=\"playlist-drawer__duration founders-mono\" data-testid=\"playlist-duration\">02:52<\/span><\/p>\n<\/div>\n<\/li>\n<\/ul>\n<\/section>\n<\/div>\n<p><button class=\"styles_nextButton__vNvjX\" type=\"button\" data-testid=\"next-button\"><span class=\"icon icon-back\"\/><\/button><\/div>\n<\/div>\n<div class=\"layout-grid-container\">\n<div class=\"video-details__info\" data-testid=\"video-details\">\n<p><h2 data-testid=\"unibrow-container\" class=\"unibrow articleTitleSection video-details__category\"><span data-testid=\"unibrow-text\">Video en vivo<\/span><\/h2>\n<\/p>\n<div class=\"video-details__title-and-share-and-dek\">\n<div class=\"video-details__dek\">\n<p class=\"video-details__dek-text\"><span class=\"video-details__dek-description\">Mire la cobertura en vivo como el presidente Trump celebra una reuni\u00f3n bilateral con el primer ministro canadiense Mark Carney en la cumbre del G7 en Alberta, Canad\u00e1.<\/span><\/p>\n<\/div>\n<p><button class=\"video-details__dek-read-more\" type=\"button\">Leer<!-- --> <!-- -->M\u00e1s<\/button><\/div>\n<\/div>\n<\/div>\n<\/div>\n<div class=\"video-page__carousel\" data-testid=\"video-page-playlist\"><button class=\"styles_prevButton___kn9P styles_disabled__TOBLY\" type=\"button\" data-testid=\"prev-button\"><span class=\"icon icon-back\"\/><\/button><\/p>\n<div class=\"styles_playlistDrawer__ttvMO\" data-testid=\"playlist-drawer\">\n<section class=\"styles_playlist__AdfYR\">\n<ul class=\"styles_videos__IxbCG\">\n<li class=\"styles_video__WPPDb\">\n<div class=\"playlist-drawer__video\" data-testid=\"playlist-drawer-video\">\n<p>A continuaci\u00f3n<\/p>\n<div class=\"playlist-drawer__thumbnail\"><picture class=\"playlist-drawer__thumbnail\" data-testid=\"picture\"><source media=\"(min-width: 1000px)\" srcset=\"https:\/\/media-cldnry.s-nbcnews.com\/image\/upload\/t_focal-280x140,f_auto,q_auto:best\/mpx\/2704722219\/2025_06\/1750074096582_tdy_news_7a_ikeda_karen_read_250616_1920x1080-2l1r9o.jpg\"\/><source media=\"(min-width: 758px)\" srcset=\"https:\/\/media-cldnry.s-nbcnews.com\/image\/upload\/t_focal-760x380,f_auto,q_auto:best\/mpx\/2704722219\/2025_06\/1750074096582_tdy_news_7a_ikeda_karen_read_250616_1920x1080-2l1r9o.jpg\"\/><source media=\"(min-width: 320px)\" srcset=\"https:\/\/media-cldnry.s-nbcnews.com\/image\/upload\/t_focal-520x260,f_auto,q_auto:best\/mpx\/2704722219\/2025_06\/1750074096582_tdy_news_7a_ikeda_karen_read_250616_1920x1080-2l1r9o.jpg\"\/><img decoding=\"async\" loading=\"lazy\" src=\"https:\/\/media-cldnry.s-nbcnews.com\/image\/upload\/t_focal-520x260,f_auto,q_auto:best\/mpx\/2704722219\/2025_06\/1750074096582_tdy_news_7a_ikeda_karen_read_250616_1920x1080-2l1r9o.jpg\" alt=\"\"\/><\/picture><\/div>\n<p><h2 class=\"playlist-drawer__title\" data-testid=\"playlist-title\">Los miembros del jurado regresan a la corte para deliberar el destino de Karen Read<\/h2>\n<p><span class=\"playlist-drawer__duration founders-mono\" data-testid=\"playlist-duration\">02:34<\/span><\/p>\n<\/div>\n<\/li>\n<li class=\"styles_video__WPPDb\">\n<div class=\"playlist-drawer__video\" data-testid=\"playlist-drawer-video\">\n<div class=\"playlist-drawer__thumbnail\"><picture class=\"playlist-drawer__thumbnail\" data-testid=\"picture\"><source media=\"(min-width: 1000px)\" srcset=\"https:\/\/media-cldnry.s-nbcnews.com\/image\/upload\/t_focal-280x140,f_auto,q_auto:best\/mpx\/2704722219\/2025_06\/1750072775154_tsy_news_7a_solis_dylan_wx_250616_1920x1080-w815js.jpg\"\/><source media=\"(min-width: 758px)\" srcset=\"https:\/\/media-cldnry.s-nbcnews.com\/image\/upload\/t_focal-760x380,f_auto,q_auto:best\/mpx\/2704722219\/2025_06\/1750072775154_tsy_news_7a_solis_dylan_wx_250616_1920x1080-w815js.jpg\"\/><source media=\"(min-width: 320px)\" srcset=\"https:\/\/media-cldnry.s-nbcnews.com\/image\/upload\/t_focal-520x260,f_auto,q_auto:best\/mpx\/2704722219\/2025_06\/1750072775154_tsy_news_7a_solis_dylan_wx_250616_1920x1080-w815js.jpg\"\/><img decoding=\"async\" loading=\"lazy\" src=\"https:\/\/media-cldnry.s-nbcnews.com\/image\/upload\/t_focal-520x260,f_auto,q_auto:best\/mpx\/2704722219\/2025_06\/1750072775154_tsy_news_7a_solis_dylan_wx_250616_1920x1080-w815js.jpg\" alt=\"\"\/><\/picture><\/div>\n<p><h2 class=\"playlist-drawer__title\" data-testid=\"playlist-title\">Las inundaciones repentinas mortales abruman comunidades en Virginia Occidental<\/h2>\n<p><span class=\"playlist-drawer__duration founders-mono\" data-testid=\"playlist-duration\">02:48<\/span><\/p>\n<\/div>\n<\/li>\n<li class=\"styles_video__WPPDb\">\n<div class=\"playlist-drawer__video\" data-testid=\"playlist-drawer-video\">\n<div class=\"playlist-drawer__thumbnail\"><picture class=\"playlist-drawer__thumbnail\" data-testid=\"picture\"><source media=\"(min-width: 1000px)\" srcset=\"https:\/\/media-cldnry.s-nbcnews.com\/image\/upload\/t_focal-280x140,f_auto,q_auto:best\/mpx\/2704722219\/2025_06\/1750072601622_tdy_news_7a_commissioner_minnesota_250616_1920x1080-l9plgh.jpg\"\/><source media=\"(min-width: 758px)\" srcset=\"https:\/\/media-cldnry.s-nbcnews.com\/image\/upload\/t_focal-760x380,f_auto,q_auto:best\/mpx\/2704722219\/2025_06\/1750072601622_tdy_news_7a_commissioner_minnesota_250616_1920x1080-l9plgh.jpg\"\/><source media=\"(min-width: 320px)\" srcset=\"https:\/\/media-cldnry.s-nbcnews.com\/image\/upload\/t_focal-520x260,f_auto,q_auto:best\/mpx\/2704722219\/2025_06\/1750072601622_tdy_news_7a_commissioner_minnesota_250616_1920x1080-l9plgh.jpg\"\/><img decoding=\"async\" loading=\"lazy\" src=\"https:\/\/media-cldnry.s-nbcnews.com\/image\/upload\/t_focal-520x260,f_auto,q_auto:best\/mpx\/2704722219\/2025_06\/1750072601622_tdy_news_7a_commissioner_minnesota_250616_1920x1080-l9plgh.jpg\" alt=\"\"\/><\/picture><\/div>\n<p><h2 class=\"playlist-drawer__title\" data-testid=\"playlist-title\">Detalles oficiales de Minnesota Captura del legislador sospechoso de disparos<\/h2>\n<p><span class=\"playlist-drawer__duration founders-mono\" data-testid=\"playlist-duration\">03:02<\/span><\/p>\n<\/div>\n<\/li>\n<li class=\"styles_video__WPPDb\">\n<div class=\"playlist-drawer__video\" data-testid=\"playlist-drawer-video\">\n<div class=\"playlist-drawer__thumbnail\"><picture class=\"playlist-drawer__thumbnail\" data-testid=\"picture\"><source media=\"(min-width: 1000px)\" srcset=\"https:\/\/media-cldnry.s-nbcnews.com\/image\/upload\/t_focal-280x140,f_auto,q_auto:best\/mpx\/2704722219\/2025_06\/1750072414626_tdy_news_7a_vespa_minnesota_250616_1920x1080-o1g9yl.jpg\"\/><source media=\"(min-width: 758px)\" srcset=\"https:\/\/media-cldnry.s-nbcnews.com\/image\/upload\/t_focal-760x380,f_auto,q_auto:best\/mpx\/2704722219\/2025_06\/1750072414626_tdy_news_7a_vespa_minnesota_250616_1920x1080-o1g9yl.jpg\"\/><source media=\"(min-width: 320px)\" srcset=\"https:\/\/media-cldnry.s-nbcnews.com\/image\/upload\/t_focal-520x260,f_auto,q_auto:best\/mpx\/2704722219\/2025_06\/1750072414626_tdy_news_7a_vespa_minnesota_250616_1920x1080-o1g9yl.jpg\"\/><img decoding=\"async\" loading=\"lazy\" src=\"https:\/\/media-cldnry.s-nbcnews.com\/image\/upload\/t_focal-520x260,f_auto,q_auto:best\/mpx\/2704722219\/2025_06\/1750072414626_tdy_news_7a_vespa_minnesota_250616_1920x1080-o1g9yl.jpg\" alt=\"\"\/><\/picture><\/div>\n<p><h2 class=\"playlist-drawer__title\" data-testid=\"playlist-title\">Sospechoso en el tiroteo de los legisladores de Minnesota bajo custodia<\/h2>\n<p><span class=\"playlist-drawer__duration founders-mono\" data-testid=\"playlist-duration\">02:15<\/span><\/p>\n<\/div>\n<\/li>\n<li class=\"styles_video__WPPDb\">\n<div class=\"playlist-drawer__video\" data-testid=\"playlist-drawer-video\">\n<div class=\"playlist-drawer__thumbnail\"><picture class=\"playlist-drawer__thumbnail\" data-testid=\"picture\"><source media=\"(min-width: 1000px)\" srcset=\"https:\/\/media-cldnry.s-nbcnews.com\/image\/upload\/t_focal-280x140,f_auto,q_auto:best\/mpx\/2704722219\/2025_06\/1750046497476_now_brk_walz_minn_suspect_250615_1920x1080-7xj3cg.jpg\"\/><source media=\"(min-width: 758px)\" srcset=\"https:\/\/media-cldnry.s-nbcnews.com\/image\/upload\/t_focal-760x380,f_auto,q_auto:best\/mpx\/2704722219\/2025_06\/1750046497476_now_brk_walz_minn_suspect_250615_1920x1080-7xj3cg.jpg\"\/><source media=\"(min-width: 320px)\" srcset=\"https:\/\/media-cldnry.s-nbcnews.com\/image\/upload\/t_focal-520x260,f_auto,q_auto:best\/mpx\/2704722219\/2025_06\/1750046497476_now_brk_walz_minn_suspect_250615_1920x1080-7xj3cg.jpg\"\/><img decoding=\"async\" loading=\"lazy\" src=\"https:\/\/media-cldnry.s-nbcnews.com\/image\/upload\/t_focal-520x260,f_auto,q_auto:best\/mpx\/2704722219\/2025_06\/1750046497476_now_brk_walz_minn_suspect_250615_1920x1080-7xj3cg.jpg\" alt=\"\"\/><\/picture><\/div>\n<p><h2 class=\"playlist-drawer__title\" data-testid=\"playlist-title\">El gobernador de Minnesota, Walz, anuncia que el sospechoso de disparos es arrestado<\/h2>\n<p><span class=\"playlist-drawer__duration founders-mono\" data-testid=\"playlist-duration\">04:10<\/span><\/p>\n<\/div>\n<\/li>\n<li class=\"styles_video__WPPDb\">\n<div class=\"playlist-drawer__video\" data-testid=\"playlist-drawer-video\">\n<div class=\"playlist-drawer__thumbnail\"><picture class=\"playlist-drawer__thumbnail\" data-testid=\"picture\"><source media=\"(min-width: 1000px)\" srcset=\"https:\/\/media-cldnry.s-nbcnews.com\/image\/upload\/t_focal-280x140,f_auto,q_auto:best\/mpx\/2704722219\/2025_06\/f_tov_utah_shooting_250615.00_00_03_04.Still001-02aatr.jpg\"\/><source media=\"(min-width: 758px)\" srcset=\"https:\/\/media-cldnry.s-nbcnews.com\/image\/upload\/t_focal-760x380,f_auto,q_auto:best\/mpx\/2704722219\/2025_06\/f_tov_utah_shooting_250615.00_00_03_04.Still001-02aatr.jpg\"\/><source media=\"(min-width: 320px)\" srcset=\"https:\/\/media-cldnry.s-nbcnews.com\/image\/upload\/t_focal-520x260,f_auto,q_auto:best\/mpx\/2704722219\/2025_06\/f_tov_utah_shooting_250615.00_00_03_04.Still001-02aatr.jpg\"\/><img decoding=\"async\" loading=\"lazy\" src=\"https:\/\/media-cldnry.s-nbcnews.com\/image\/upload\/t_focal-520x260,f_auto,q_auto:best\/mpx\/2704722219\/2025_06\/f_tov_utah_shooting_250615.00_00_03_04.Still001-02aatr.jpg\" alt=\"\"\/><\/picture><\/div>\n<p><h2 class=\"playlist-drawer__title\" data-testid=\"playlist-title\">La multitud corre para cubrirse despu\u00e9s de que estallan los disparos en el rally de Utah &#8216;No Kings&#8217;<\/h2>\n<p><span class=\"playlist-drawer__duration founders-mono\" data-testid=\"playlist-duration\">00:49<\/span><\/p>\n<\/div>\n<\/li>\n<\/ul>\n<\/section>\n<\/div>\n<p><button class=\"styles_nextButton__vNvjX\" type=\"button\" data-testid=\"next-button\"><span class=\"icon icon-back\"\/><\/button><\/div>\n<\/div>\n<\/div>\n<\/div>\n\n","protected":false},"excerpt":{"rendered":"<p>IE 11 no es compatible. Para una experiencia \u00f3ptima, visite nuestro sitio en otro navegador. A continuaci\u00f3n Los miembros del jurado regresan a la corte para deliberar el destino de Karen Read 02:34 Las inundaciones repentinas mortales abruman comunidades en Virginia Occidental 02:48 Detalles oficiales de Minnesota Captura del legislador sospechoso de disparos 03:02 Sospechoso &hellip;<\/p>\n","protected":false},"author":1,"featured_media":31919,"comment_status":"open","ping_status":"open","sticky":false,"template":"","format":"standard","meta":{"fifu_image_url":"https:\/\/media-cldnry.s-nbcnews.com\/image\/upload\/t_nbcnews-fp-1200-630,f_auto,q_auto:best\/mpx\/2704722219\/2025_06\/trump_carney_split-7bkv9s.jpg","fifu_image_alt":"","footnotes":""},"categories":[4],"tags":[],"class_list":["post-31917","post","type-post","status-publish","format-standard","has-post-thumbnail","","category-historias-destacadas"],"_links":{"self":[{"href":"https:\/\/noticiasveraces.com\/index.php?rest_route=\/wp\/v2\/posts\/31917","targetHints":{"allow":["GET"]}}],"collection":[{"href":"https:\/\/noticiasveraces.com\/index.php?rest_route=\/wp\/v2\/posts"}],"about":[{"href":"https:\/\/noticiasveraces.com\/index.php?rest_route=\/wp\/v2\/types\/post"}],"author":[{"embeddable":true,"href":"https:\/\/noticiasveraces.com\/index.php?rest_route=\/wp\/v2\/users\/1"}],"replies":[{"embeddable":true,"href":"https:\/\/noticiasveraces.com\/index.php?rest_route=%2Fwp%2Fv2%2Fcomments&post=31917"}],"version-history":[{"count":0,"href":"https:\/\/noticiasveraces.com\/index.php?rest_route=\/wp\/v2\/posts\/31917\/revisions"}],"wp:featuredmedia":[{"embeddable":true,"href":"https:\/\/noticiasveraces.com\/index.php?rest_route=\/wp\/v2\/media\/31919"}],"wp:attachment":[{"href":"https:\/\/noticiasveraces.com\/index.php?rest_route=%2Fwp%2Fv2%2Fmedia&parent=31917"}],"wp:term":[{"taxonomy":"category","embeddable":true,"href":"https:\/\/noticiasveraces.com\/index.php?rest_route=%2Fwp%2Fv2%2Fcategories&post=31917"},{"taxonomy":"post_tag","embeddable":true,"href":"https:\/\/noticiasveraces.com\/index.php?rest_route=%2Fwp%2Fv2%2Ftags&post=31917"}],"curies":[{"name":"wp","href":"https:\/\/api.w.org\/{rel}","templated":true}]}}