{"id":31900,"date":"2025-06-16T06:46:37","date_gmt":"2025-06-16T10:46:37","guid":{"rendered":"https:\/\/noticiasveraces.com\/?p=31900"},"modified":"2025-06-16T06:46:37","modified_gmt":"2025-06-16T10:46:37","slug":"la-cumbre-g7-se-abre-en-canada-con-lideres-para-abordar-el-comercio-las-guerras-mientras-esperan-evitar-el-choque-con-trump","status":"publish","type":"post","link":"https:\/\/noticiasveraces.com\/?p=31900","title":{"rendered":"La Cumbre G7 se abre en Canad\u00e1, con l\u00edderes para abordar el comercio, las guerras mientras esperan evitar el choque con Trump"},"content":{"rendered":"<p> \n<\/p>\n<div>\n<div id=\"beyondwords-wrapper\" class=\"beyondwords-wrapper\">\n<p><span class=\"label-bg\">NUEVO<\/span>\u00a1Ahora puedes escuchar art\u00edculos de Fox News!\n  <\/p>\n<\/div>\n<p class=\"speakable\">El grupo de siete l\u00edderes se re\u00fane en Canad\u00e1, con problemas como el conflicto de Israel-Ir\u00e1n y los aranceles estadounidenses en lo alto de la agenda, mientras que las naciones esperan evitar enfrentamientos con el presidente de los Estados Unidos, Donald Trump, quien ha amenazado repetidamente con anexar a la naci\u00f3n anfitriona.<\/p>\n<p class=\"speakable\">El primer ministro canadiense Mark Carney dijo que sus prioridades son fortalecer la paz y la seguridad, construir cadenas cr\u00edticas de suministro de minerales y crear empleos. Pero se espera que los aranceles de Trump sobre pa\u00edses de todo el mundo y los conflictos en Medio Oriente y Ucrania reciban una gran atenci\u00f3n durante la cumbre.<\/p>\n<p>Israel e Ir\u00e1n se lanzaron nuevos ataques el uno al otro durante la noche hasta el lunes, elevando el n\u00famero de muertos en el conflicto que comenz\u00f3 con una ofensiva israel\u00ed el viernes.<\/p>\n<p>Un funcionario del G7 dijo que los l\u00edderes planean emitir una declaraci\u00f3n conjunta que pide la desescalaci\u00f3n en el conflicto.<\/p>\n<p><strong>Al menos 8 muertos, docenas heridas en Israel despu\u00e9s de que Ir\u00e1n lanza una nueva ola de ataques de misiles<\/strong><\/p>\n<div class=\"image-ct inline\">\n<div class=\"m\"><picture><source media=\"(max-width: 767px)\" srcset=\"https:\/\/a57.foxnews.com\/static.foxnews.com\/foxnews.com\/content\/uploads\/2025\/06\/343\/192\/trumpg7.png?ve=1&amp;tl=1, https:\/\/a57.foxnews.com\/static.foxnews.com\/foxnews.com\/content\/uploads\/2025\/06\/686\/384\/trumpg7.png?ve=1&amp;tl=1 2x\" height=\"192\" width=\"343\"><source media=\"(min-width: 768px) and (max-width: 1023px)\" srcset=\"https:\/\/a57.foxnews.com\/static.foxnews.com\/foxnews.com\/content\/uploads\/2025\/06\/672\/378\/trumpg7.png?ve=1&amp;tl=1, https:\/\/a57.foxnews.com\/static.foxnews.com\/foxnews.com\/content\/uploads\/2025\/06\/1344\/756\/trumpg7.png?ve=1&amp;tl=1 2x\" height=\"378\" width=\"672\"><source media=\"(min-width: 1024px) and (max-width: 1279px)\" srcset=\"https:\/\/a57.foxnews.com\/static.foxnews.com\/foxnews.com\/content\/uploads\/2025\/06\/931\/523\/trumpg7.png?ve=1&amp;tl=1, https:\/\/a57.foxnews.com\/static.foxnews.com\/foxnews.com\/content\/uploads\/2025\/06\/1862\/1046\/trumpg7.png?ve=1&amp;tl=1 2x\" height=\"523\" width=\"931\"><source media=\"(min-width: 1280px)\" srcset=\"https:\/\/a57.foxnews.com\/static.foxnews.com\/foxnews.com\/content\/uploads\/2025\/06\/720\/405\/trumpg7.png?ve=1&amp;tl=1, https:\/\/a57.foxnews.com\/static.foxnews.com\/foxnews.com\/content\/uploads\/2025\/06\/1440\/810\/trumpg7.png?ve=1&amp;tl=1 2x\" height=\"405\" width=\"720\"><img loading=\"lazy\" decoding=\"async\" src=\"https:\/\/a57.foxnews.com\/static.foxnews.com\/foxnews.com\/content\/uploads\/2025\/06\/1200\/675\/trumpg7.png?ve=1&amp;tl=1\" alt=\"El presidente de los Estados Unidos, Donald Trump, llega a Air Force One en el Aeropuerto Internacional de Calgary\" width=\"1200\" height=\"675\"\/><\/source><\/source><\/source><\/source><\/picture><\/div>\n<div class=\"info\">\n<div class=\"caption\">\n<p><span>El presidente de los Estados Unidos, Donald Trump, llega a Air Force One en el Aeropuerto Internacional de Calgary, el domingo 15 de junio de 2025, en Calgary, Canad\u00e1, antes de la cumbre del G7.<\/span> <span>(AP)<\/span><\/p>\n<\/div>\n<\/div>\n<\/div>\n<p>El canciller alem\u00e1n Friedrich Merz dijo a los periodistas que sus objetivos para la cumbre incluyen a Ir\u00e1n que no obtenga armas nucleares, asegurando el derecho de Israel a defenderse, evitando la escalada del conflicto y creando espacio para la diplomacia.<\/p>\n<p>\u00abEste problema ser\u00e1 muy alto en la agenda de la cumbre del G7\u00bb, dijo Merz. <\/p>\n<p>Ir\u00e1n ha sostenido que su programa nuclear es pac\u00edfico, y las agencias de inteligencia de los Estados Unidos y la Agencia Internacional de Energ\u00eda At\u00f3mica han dicho que Ir\u00e1n no estaba persiguiendo un arma nuclear.<\/p>\n<p>La \u00faltima vez que Canad\u00e1 organiz\u00f3 la cumbre en 2018, Trump se fue antes de denunciar al entonces primer ministro canadiense Justin Trudeau como \u00abmuy deshonesto y d\u00e9bil\u00bb e instruir a la delegaci\u00f3n estadounidense que se qued\u00f3 para retirar su aprobaci\u00f3n de la declaraci\u00f3n final respaldada por los l\u00edderes de Jap\u00f3n, Francia, el Reino Unido, Italy, Alemania y Canad\u00e1.<\/p>\n<p>\u00ab\u00a1He instruido a nuestros representantes estadounidenses que no respalden el comunicado mientras observamos los aranceles en autom\u00f3viles que inundan el mercado estadounidense!\u00bb Trump public\u00f3 en X, que en ese momento todav\u00eda era conocido como Twitter.<\/p>\n<p>La imagen notable de esa cumbre era de Trump sentado con los brazos doblados desafiantemente cuando la entonces canciller alemana Angela Merkel lo mir\u00f3 a las dagas.<\/p>\n<div class=\"image-ct inline\">\n<div class=\"m\"><picture><source media=\"(max-width: 767px)\" srcset=\"https:\/\/a57.foxnews.com\/static.foxnews.com\/foxnews.com\/content\/uploads\/2025\/06\/343\/192\/gmuk.png?ve=1&amp;tl=1, https:\/\/a57.foxnews.com\/static.foxnews.com\/foxnews.com\/content\/uploads\/2025\/06\/686\/384\/gmuk.png?ve=1&amp;tl=1 2x\" height=\"192\" width=\"343\"><source media=\"(min-width: 768px) and (max-width: 1023px)\" srcset=\"https:\/\/a57.foxnews.com\/static.foxnews.com\/foxnews.com\/content\/uploads\/2025\/06\/672\/378\/gmuk.png?ve=1&amp;tl=1, https:\/\/a57.foxnews.com\/static.foxnews.com\/foxnews.com\/content\/uploads\/2025\/06\/1344\/756\/gmuk.png?ve=1&amp;tl=1 2x\" height=\"378\" width=\"672\"><source media=\"(min-width: 1024px) and (max-width: 1279px)\" srcset=\"https:\/\/a57.foxnews.com\/static.foxnews.com\/foxnews.com\/content\/uploads\/2025\/06\/931\/523\/gmuk.png?ve=1&amp;tl=1, https:\/\/a57.foxnews.com\/static.foxnews.com\/foxnews.com\/content\/uploads\/2025\/06\/1862\/1046\/gmuk.png?ve=1&amp;tl=1 2x\" height=\"523\" width=\"931\"><source media=\"(min-width: 1280px)\" srcset=\"https:\/\/a57.foxnews.com\/static.foxnews.com\/foxnews.com\/content\/uploads\/2025\/06\/720\/405\/gmuk.png?ve=1&amp;tl=1, https:\/\/a57.foxnews.com\/static.foxnews.com\/foxnews.com\/content\/uploads\/2025\/06\/1440\/810\/gmuk.png?ve=1&amp;tl=1 2x\" height=\"405\" width=\"720\"><img loading=\"lazy\" decoding=\"async\" src=\"https:\/\/a57.foxnews.com\/static.foxnews.com\/foxnews.com\/content\/uploads\/2025\/06\/1200\/675\/gmuk.png?ve=1&amp;tl=1\" alt=\"El primer ministro canadiense Mark Carney se re\u00fane con el canciller alem\u00e1n Friedrich Merz\" width=\"1200\" height=\"675\"\/><\/source><\/source><\/source><\/source><\/picture><\/div>\n<div class=\"info\">\n<div class=\"caption\">\n<p><span>El primer ministro canadiense Mark Carney, a la derecha, se re\u00fane con el canciller alem\u00e1n Friedrich Merz antes de la cumbre del G7 en el Pomeroy Kananaskis Mountain Lodge, en Kananaskis, Alberta, domingo 15 de junio de 2025.<\/span> <span>(AP)<\/span><\/p>\n<\/div>\n<\/div>\n<\/div>\n<p>Esta vez, los aranceles severos de Trump en muchas naciones arriesgan una desaceleraci\u00f3n econ\u00f3mica global y los conflictos en Ucrania, Gaza y ahora entre Israel e Ir\u00e1n no ven un fin a la vista.<\/p>\n<p>Otros temas que afectan a los l\u00edderes mundiales incluyen inmigraci\u00f3n, tr\u00e1fico de drogas y nuevas tecnolog\u00edas como la inteligencia artificial.<\/p>\n<p>Los diplom\u00e1ticos dijeron que Canad\u00e1 abandon\u00f3 la idea de un comunicado conjunto integral tradicional y emitir\u00eda res\u00famenes de sillas en un intento de evitar un desastre diplom\u00e1tico y mantener el compromiso con los Estados Unidos.<\/p>\n<p>Un alto funcionario canadiense dijo a los periodistas que Ottawa quer\u00eda concentrarse en las acciones que los siete miembros, Canad\u00e1, Francia, Alemania, Italia, Jap\u00f3n, el Reino Unido y los Estados Unidos, podr\u00edan tomar juntos.<\/p>\n<p>Cuando se le pregunt\u00f3 cuando sal\u00eda de la Casa Blanca el domingo si planeaba revelar alg\u00fan acuerdos comerciales en la cumbre, Trump dijo: \u00abTenemos nuestros acuerdos comerciales. Todo lo que tenemos que hacer es enviar una carta:\u00bb Esto es lo que vas a tener que pagar \u00ab. Pero creo que tendremos algunas, pocas nuevas ofertas comerciales \u00ab.<\/p>\n<p>El Reino Unido alcanz\u00f3 un marco comercial con los EE. UU. Que inclu\u00eda cuotas para proteger contra algunos aranceles, pero la l\u00ednea de base del 10% permanecer\u00eda.<\/p>\n<p><strong><u>Trump dice que Israel e Ir\u00e1n \u00abtienen que luchar contra\u00bb, pero cree que el trato es posible<\/u><\/strong><\/p>\n<div class=\"image-ct inline\">\n<div class=\"m\"><picture><source media=\"(max-width: 767px)\" srcset=\"https:\/\/a57.foxnews.com\/static.foxnews.com\/foxnews.com\/content\/uploads\/2025\/06\/343\/192\/g7.png?ve=1&amp;tl=1, https:\/\/a57.foxnews.com\/static.foxnews.com\/foxnews.com\/content\/uploads\/2025\/06\/686\/384\/g7.png?ve=1&amp;tl=1 2x\" height=\"192\" width=\"343\"><source media=\"(min-width: 768px) and (max-width: 1023px)\" srcset=\"https:\/\/a57.foxnews.com\/static.foxnews.com\/foxnews.com\/content\/uploads\/2025\/06\/672\/378\/g7.png?ve=1&amp;tl=1, https:\/\/a57.foxnews.com\/static.foxnews.com\/foxnews.com\/content\/uploads\/2025\/06\/1344\/756\/g7.png?ve=1&amp;tl=1 2x\" height=\"378\" width=\"672\"><source media=\"(min-width: 1024px) and (max-width: 1279px)\" srcset=\"https:\/\/a57.foxnews.com\/static.foxnews.com\/foxnews.com\/content\/uploads\/2025\/06\/931\/523\/g7.png?ve=1&amp;tl=1, https:\/\/a57.foxnews.com\/static.foxnews.com\/foxnews.com\/content\/uploads\/2025\/06\/1862\/1046\/g7.png?ve=1&amp;tl=1 2x\" height=\"523\" width=\"931\"><source media=\"(min-width: 1280px)\" srcset=\"https:\/\/a57.foxnews.com\/static.foxnews.com\/foxnews.com\/content\/uploads\/2025\/06\/720\/405\/g7.png?ve=1&amp;tl=1, https:\/\/a57.foxnews.com\/static.foxnews.com\/foxnews.com\/content\/uploads\/2025\/06\/1440\/810\/g7.png?ve=1&amp;tl=1 2x\" height=\"405\" width=\"720\"><img loading=\"lazy\" decoding=\"async\" src=\"https:\/\/a57.foxnews.com\/static.foxnews.com\/foxnews.com\/content\/uploads\/2025\/06\/1200\/675\/g7.png?ve=1&amp;tl=1\" alt=\"Un trabajador prepara una se\u00f1al antes de la cumbre del G7\" width=\"1200\" height=\"675\"\/><\/source><\/source><\/source><\/source><\/picture><\/div>\n<div class=\"info\">\n<div class=\"caption\">\n<p><span>Un trabajador prepara una se\u00f1al antes de la cumbre del G7 en una ubicaci\u00f3n satelital en Banff, Alberta, Canad\u00e1, 14 de junio de 2025.<\/span> <span>(Reuters)<\/span><\/p>\n<\/div>\n<\/div>\n<\/div>\n<p><strong><u>Haga clic aqu\u00ed para obtener la aplicaci\u00f3n Fox News<\/u><\/strong><\/p>\n<p>Un alto funcionario estadounidense dijo el viernes que las discusiones en trabajo cubrir\u00edan el comercio y la econom\u00eda global, los minerales cr\u00edticos, el contrabando de migrantes y drogas, incendios forestales, seguridad internacional, inteligencia artificial y seguridad energ\u00e9tica.<\/p>\n<p>\u00abEl presidente est\u00e1 ansioso por perseguir sus objetivos en todas estas \u00e1reas, incluida la que las relaciones comerciales de Estados Unidos sean justas y rec\u00edprocas\u00bb, dijo el funcionario.<\/p>\n<p>Trump tendr\u00e1 al menos tres reuniones bilaterales programadas durante la cumbre con otros l\u00edderes mundiales, incluso con Carney, la presidenta mexicana Claudia Sheinbaum y el presidente ucraniano Volodymyr Zelenskyy.<\/p>\n<p><i>Reuters y Associated Press contribuyeron a este informe.<\/i><\/p>\n<p> <!----> <\/div>\n\n","protected":false},"excerpt":{"rendered":"<p>NUEVO\u00a1Ahora puedes escuchar art\u00edculos de Fox News! El grupo de siete l\u00edderes se re\u00fane en Canad\u00e1, con problemas como el conflicto de Israel-Ir\u00e1n y los aranceles estadounidenses en lo alto de la agenda, mientras que las naciones esperan evitar enfrentamientos con el presidente de los Estados Unidos, Donald Trump, quien ha amenazado repetidamente con anexar &hellip;<\/p>\n","protected":false},"author":1,"featured_media":31902,"comment_status":"open","ping_status":"open","sticky":false,"template":"","format":"standard","meta":{"fifu_image_url":"https:\/\/static.foxnews.com\/foxnews.com\/content\/uploads\/2025\/06\/trumpg7.png","fifu_image_alt":"","footnotes":""},"categories":[13],"tags":[],"class_list":["post-31900","post","type-post","status-publish","format-standard","has-post-thumbnail","","category-mundo"],"_links":{"self":[{"href":"https:\/\/noticiasveraces.com\/index.php?rest_route=\/wp\/v2\/posts\/31900","targetHints":{"allow":["GET"]}}],"collection":[{"href":"https:\/\/noticiasveraces.com\/index.php?rest_route=\/wp\/v2\/posts"}],"about":[{"href":"https:\/\/noticiasveraces.com\/index.php?rest_route=\/wp\/v2\/types\/post"}],"author":[{"embeddable":true,"href":"https:\/\/noticiasveraces.com\/index.php?rest_route=\/wp\/v2\/users\/1"}],"replies":[{"embeddable":true,"href":"https:\/\/noticiasveraces.com\/index.php?rest_route=%2Fwp%2Fv2%2Fcomments&post=31900"}],"version-history":[{"count":0,"href":"https:\/\/noticiasveraces.com\/index.php?rest_route=\/wp\/v2\/posts\/31900\/revisions"}],"wp:featuredmedia":[{"embeddable":true,"href":"https:\/\/noticiasveraces.com\/index.php?rest_route=\/wp\/v2\/media\/31902"}],"wp:attachment":[{"href":"https:\/\/noticiasveraces.com\/index.php?rest_route=%2Fwp%2Fv2%2Fmedia&parent=31900"}],"wp:term":[{"taxonomy":"category","embeddable":true,"href":"https:\/\/noticiasveraces.com\/index.php?rest_route=%2Fwp%2Fv2%2Fcategories&post=31900"},{"taxonomy":"post_tag","embeddable":true,"href":"https:\/\/noticiasveraces.com\/index.php?rest_route=%2Fwp%2Fv2%2Ftags&post=31900"}],"curies":[{"name":"wp","href":"https:\/\/api.w.org\/{rel}","templated":true}]}}