{"id":31882,"date":"2025-06-16T03:40:13","date_gmt":"2025-06-16T07:40:13","guid":{"rendered":"https:\/\/noticiasveraces.com\/?p=31882"},"modified":"2025-06-16T03:40:13","modified_gmt":"2025-06-16T07:40:13","slug":"los-residentes-de-teheran-pagaran-el-precio-y-pronto-dw-16-06-2025","status":"publish","type":"post","link":"https:\/\/noticiasveraces.com\/?p=31882","title":{"rendered":"\u00abLos residentes de Teher\u00e1n pagar\u00e1n el precio, y pronto\u00bb \u2013 DW \u2013 16\/06\/2025"},"content":{"rendered":"<p> \n<\/p>\n<div id=\"liveblog-post-72921165\"><span class=\"hr9hvkd hb7nbxk seipclg b1ho1h07\">Ir a la siguiente secci\u00f3n \u00abLos residentes de Teher\u00e1n pagar\u00e1n el precio, y pronto\u00bb, dice Israel Katz<\/span><svg xmlns=\"http:\/\/www.w3.org\/2000\/svg\" viewbox=\"0 0 20 20\" class=\"s1ly0d8v\"><g fill=\"none\" fill-rule=\"evenodd\" stroke=\"#002D5A\" stroke-width=\"2\"><path d=\"M4 9L4 16 11 16\" transform=\"rotate(45 7.5 12.5)\"\/><path stroke-linecap=\"square\" d=\"M3.5 12.5L17.5 12.5M17.5 12.5L17.5 5.5M17.5 5L12 5\"\/><\/g><\/svg><\/p>\n<p><span class=\"time-area s1i8qhb9 icns9en i1sf8oqe m1km9ap7 wgx1hx2 b1ho1h07\"><span class=\"publication icns9en i1sf8oqe m1km9ap7 wgx1hx2 b1ho1h07\"><time aria-hidden=\"true\">16\/06\/2025<\/time><span class=\"sr-only s28j2rd\">16 de junio de 2025<\/span><\/span><\/span><\/p>\n<h2 class=\"hr9hvkd h16xqir8 seipclg b1ho1h07\">\u00abLos residentes de Teher\u00e1n pagar\u00e1n el precio, y pronto\u00bb, dice Israel Katz<\/h2>\n<\/p>\n<div class=\"post-rich-text cc0m0op s1ebneao rich-text t1it8i9i r1wgtjne wgx1hx2 b1ho1h07\">\n<p>El ministro de Defensa israel\u00ed, Israel Katz, advirti\u00f3 el lunes que los residentes de Teher\u00e1n \u00abpagar\u00e1n el precio\u00bb por los ataques iran\u00edes contra civiles israel\u00edes, despu\u00e9s de una noche de ataques con misiles contra Tel Aviv y Haifa, que dejaron al menos cinco muertos.<\/p>\n<p>\u00abEl dictador fanfarr\u00f3n de Teher\u00e1n se ha convertido en un asesino cobarde, disparando deliberadamente contra la poblaci\u00f3n civil de Israel en un intento de disuadir a las (fuerzas militares israel\u00edes) de continuar la ofensiva que est\u00e1 paralizando sus capacidades\u00bb, escribi\u00f3 Katz en su canal de Telegram. \u00abLos residentes de Teher\u00e1n pagar\u00e1n el precio, y pronto\u00bb. (afp, rtr)<\/p>\n<\/div>\n<p><span class=\"svdcmki\">https:\/\/p.dw.com\/p\/4vy7p<\/span><\/p>\n<\/div>\n<div id=\"liveblog-post-72921154\"><span class=\"hr9hvkd hb7nbxk seipclg b1ho1h07\">Ir a la siguiente secci\u00f3n La Embajada de EE.UU. sufre \u00abda\u00f1os menores\u00bb por impacto cercano<\/span><svg xmlns=\"http:\/\/www.w3.org\/2000\/svg\" viewbox=\"0 0 20 20\" class=\"s1ly0d8v\"><g fill=\"none\" fill-rule=\"evenodd\" stroke=\"#002D5A\" stroke-width=\"2\"><path d=\"M4 9L4 16 11 16\" transform=\"rotate(45 7.5 12.5)\"\/><path stroke-linecap=\"square\" d=\"M3.5 12.5L17.5 12.5M17.5 12.5L17.5 5.5M17.5 5L12 5\"\/><\/g><\/svg><\/p>\n<p><span class=\"time-area s1i8qhb9 icns9en i1sf8oqe m1km9ap7 wgx1hx2 b1ho1h07\"><span class=\"publication icns9en i1sf8oqe m1km9ap7 wgx1hx2 b1ho1h07\"><time aria-hidden=\"true\">16\/06\/2025<\/time><span class=\"sr-only s28j2rd\">16 de junio de 2025<\/span><\/span><\/span><\/p>\n<h2 class=\"hr9hvkd h16xqir8 seipclg b1ho1h07\">La Embajada de EE.UU. sufre \u00abda\u00f1os menores\u00bb por impacto cercano<\/h2>\n<\/p>\n<div class=\"post-rich-text cc0m0op s1ebneao rich-text t1it8i9i r1wgtjne wgx1hx2 b1ho1h07\">\n<p>La oficina de la Embajada de Estados Unidos en Tel Aviv sufri\u00f3 \u00abda\u00f1os menores\u00bb por los \u00faltimos ataques iran\u00edes y el impacto de misiles en las inmediaciones del edificio, confirm\u00f3 el embajador estadounidense en Israel, Mike Huckabee.<\/p>\n<p>\u00abNuestra Embajada y Consulado de Estados Unidos en Israel permanecer\u00e1n cerrados oficialmente hoy debido a la orden de confinamiento. Se registraron da\u00f1os menores por las conmociones de los impactos de misiles iran\u00edes cerca de la sede de la embajada en Tel Aviv, pero no hubo heridos entre el personal estadounidense\u00bb, dijo en su perfil de X Huckabee. (efe, ap)<\/p>\n<\/div>\n<p><span class=\"svdcmki\">https:\/\/p.dw.com\/p\/4vy7e<\/span><\/p>\n<\/div>\n<div id=\"liveblog-post-72921147\"><span class=\"hr9hvkd hb7nbxk seipclg b1ho1h07\">Ir a la siguiente secci\u00f3n Ir\u00e1n ahorc\u00f3 a un supuesto agente del Mosad detenido en 2023<\/span><svg xmlns=\"http:\/\/www.w3.org\/2000\/svg\" viewbox=\"0 0 20 20\" class=\"s1ly0d8v\"><g fill=\"none\" fill-rule=\"evenodd\" stroke=\"#002D5A\" stroke-width=\"2\"><path d=\"M4 9L4 16 11 16\" transform=\"rotate(45 7.5 12.5)\"\/><path stroke-linecap=\"square\" d=\"M3.5 12.5L17.5 12.5M17.5 12.5L17.5 5.5M17.5 5L12 5\"\/><\/g><\/svg><\/p>\n<p><span class=\"time-area s1i8qhb9 icns9en i1sf8oqe m1km9ap7 wgx1hx2 b1ho1h07\"><span class=\"publication icns9en i1sf8oqe m1km9ap7 wgx1hx2 b1ho1h07\"><time aria-hidden=\"true\">16\/06\/2025<\/time><span class=\"sr-only s28j2rd\">16 de junio de 2025<\/span><\/span><\/span><\/p>\n<h2 class=\"hr9hvkd h16xqir8 seipclg b1ho1h07\">Ir\u00e1n ahorc\u00f3 a un supuesto agente del Mosad detenido en 2023<\/h2>\n<\/p>\n<div class=\"post-rich-text cc0m0op s1ebneao rich-text t1it8i9i r1wgtjne wgx1hx2 b1ho1h07\">\n<p>La justicia iran\u00ed anunci\u00f3 que el lunes (16.06.2025) ejecut\u00f3 a un hombre arrestado en 2023 y declarado culpable de ser un agente del Mosad, el servicio de inteligencia exterior de Israel, en el cuarto d\u00eda de un conflicto entre ambos pa\u00edses.<\/p>\n<p>\u00abEsmaeil Fekri, un agente del Mosad declarado culpable de los cr\u00edmenes capitales de &#8216;corrupci\u00f3n en la tierra&#8217; y de <em>Mohareheh<\/em> [&#8216;guerra contra Dios&#8217;]  fue ejecutado por ahorcamiento tras el procedimiento judicial\u00bb, comunic\u00f3 el sitio de informaci\u00f3n Mizan Online, vinculado al poder judicial, que lo calific\u00f3 como un \u00abimportante golpe para la red de espionaje sionista\u00bb.<\/p>\n<p>El ajusticiado fue detenido hace dos a\u00f1os por estar en contacto con \u00abdos agentes del Mosad\u00bb con quien acord\u00f3 compartir informaci\u00f3n clasificada como la localizaci\u00f3n de lugares estrat\u00e9gicos y datos de personas espec\u00edficas a cambio de dinero. Mizan indic\u00f3 que Fekri \u00abintent\u00f3\u00bb transmitir esa informaci\u00f3n clasificada pero no lo logr\u00f3 ya que fue detenido antes. (afp, efe)<\/p>\n<\/div>\n<p><span class=\"svdcmki\">https:\/\/p.dw.com\/p\/4vy7x<\/span><\/p>\n<\/div>\n<div id=\"liveblog-post-72921143\"><span class=\"hr9hvkd hb7nbxk seipclg b1ho1h07\">Ir a la siguiente secci\u00f3n Sube el saldo de muertos por los \u00faltimos ataques iran\u00edes<\/span><svg xmlns=\"http:\/\/www.w3.org\/2000\/svg\" viewbox=\"0 0 20 20\" class=\"s1ly0d8v\"><g fill=\"none\" fill-rule=\"evenodd\" stroke=\"#002D5A\" stroke-width=\"2\"><path d=\"M4 9L4 16 11 16\" transform=\"rotate(45 7.5 12.5)\"\/><path stroke-linecap=\"square\" d=\"M3.5 12.5L17.5 12.5M17.5 12.5L17.5 5.5M17.5 5L12 5\"\/><\/g><\/svg><\/p>\n<p><span class=\"time-area s1i8qhb9 icns9en i1sf8oqe m1km9ap7 wgx1hx2 b1ho1h07\"><span class=\"publication icns9en i1sf8oqe m1km9ap7 wgx1hx2 b1ho1h07\"><time aria-hidden=\"true\">16\/06\/2025<\/time><span class=\"sr-only s28j2rd\">16 de junio de 2025<\/span><\/span><\/span><\/p>\n<h2 class=\"hr9hvkd h16xqir8 seipclg b1ho1h07\">Sube el saldo de muertos por los \u00faltimos ataques iran\u00edes<\/h2>\n<\/p>\n<div class=\"post-rich-text cc0m0op s1ebneao rich-text t1it8i9i r1wgtjne wgx1hx2 b1ho1h07\">\n<figure class=\"placeholder-image master_landscape big\"><img data-format=\"MASTER_LANDSCAPE\" data-id=\"72920592\" data-url=\"https:\/\/static.dw.com\/image\/72920592_${formatId}.jpg\" data-aspect-ratio=\"16\/9\" alt=\"Los equipos de respuesta inspeccionan un edificio da\u00f1ado tras el impacto de un misil iran\u00ed en la ciudad israel\u00ed de Petah Tikva, al este de Tel Aviv, el 16 de junio de 2025.\" style=\"padding-bottom: 56.25%; height: 0; max-height: 0;\"\/><figcaption class=\"img-caption\">Rescatistas en un edificio golpeado por un misil iran\u00ed en Petah Tikva, al este de Tel Aviv.<small class=\"copyright\">Imagen: Jack Guez\/AFP<\/small><\/figcaption><\/figure>\n<p>El saldo de muertos en Israel por los \u00faltimos ataques iran\u00edes con misiles subi\u00f3 el lunes a cuatro, con 87 personas heridas, inform\u00f3 el servicio de emergencias Magen David Adom (MDA) en un comunicado, en el que precisa que la cifra incluye a \u00abdos mujeres y dos hombres, todos de aproximadamente 70 a\u00f1os\u00bb.<\/p>\n<p>\u00abLos equipos del MDA han evacuado a 87 heridos a los hospitales\u00bb, agreg\u00f3 el organismo, equivalente israel\u00ed de la Cruz Roja. La polic\u00eda elev\u00f3 poco despu\u00e9s la cifra a cinco. \u00abTras la actuaci\u00f3n de los agentes de la Polic\u00eda de Israel en el lugar donde impact\u00f3 un proyectil en el distrito de Tel Aviv-Bnei Brak, durante los registros en los edificios adyacentes, se encontr\u00f3 muerto a un hombre de unos 80 a\u00f1os\u00bb, confirm\u00f3 un\u00a0comunicado. La cifra de muertos desde el inicio de las hostilidades se elev\u00f3 as\u00ed a 18.\u00a0(apf, ap)<\/p>\n<\/div>\n<p><span class=\"svdcmki\">https:\/\/p.dw.com\/p\/4vy7t<\/span><\/p>\n<\/div>\n\n","protected":false},"excerpt":{"rendered":"<p>Ir a la siguiente secci\u00f3n \u00abLos residentes de Teher\u00e1n pagar\u00e1n el precio, y pronto\u00bb, dice Israel Katz 16\/06\/202516 de junio de 2025 \u00abLos residentes de Teher\u00e1n pagar\u00e1n el precio, y pronto\u00bb, dice Israel Katz El ministro de Defensa israel\u00ed, Israel Katz, advirti\u00f3 el lunes que los residentes de Teher\u00e1n \u00abpagar\u00e1n el precio\u00bb por los ataques &hellip;<\/p>\n","protected":false},"author":1,"featured_media":31883,"comment_status":"open","ping_status":"open","sticky":false,"template":"","format":"standard","meta":{"fifu_image_url":"https:\/\/static.dw.com\/image\/72920592_6.jpg","fifu_image_alt":"","footnotes":""},"categories":[13],"tags":[],"class_list":["post-31882","post","type-post","status-publish","format-standard","has-post-thumbnail","","category-mundo"],"_links":{"self":[{"href":"https:\/\/noticiasveraces.com\/index.php?rest_route=\/wp\/v2\/posts\/31882","targetHints":{"allow":["GET"]}}],"collection":[{"href":"https:\/\/noticiasveraces.com\/index.php?rest_route=\/wp\/v2\/posts"}],"about":[{"href":"https:\/\/noticiasveraces.com\/index.php?rest_route=\/wp\/v2\/types\/post"}],"author":[{"embeddable":true,"href":"https:\/\/noticiasveraces.com\/index.php?rest_route=\/wp\/v2\/users\/1"}],"replies":[{"embeddable":true,"href":"https:\/\/noticiasveraces.com\/index.php?rest_route=%2Fwp%2Fv2%2Fcomments&post=31882"}],"version-history":[{"count":0,"href":"https:\/\/noticiasveraces.com\/index.php?rest_route=\/wp\/v2\/posts\/31882\/revisions"}],"wp:featuredmedia":[{"embeddable":true,"href":"https:\/\/noticiasveraces.com\/index.php?rest_route=\/wp\/v2\/media\/31883"}],"wp:attachment":[{"href":"https:\/\/noticiasveraces.com\/index.php?rest_route=%2Fwp%2Fv2%2Fmedia&parent=31882"}],"wp:term":[{"taxonomy":"category","embeddable":true,"href":"https:\/\/noticiasveraces.com\/index.php?rest_route=%2Fwp%2Fv2%2Fcategories&post=31882"},{"taxonomy":"post_tag","embeddable":true,"href":"https:\/\/noticiasveraces.com\/index.php?rest_route=%2Fwp%2Fv2%2Ftags&post=31882"}],"curies":[{"name":"wp","href":"https:\/\/api.w.org\/{rel}","templated":true}]}}