{"id":31862,"date":"2025-06-16T00:35:20","date_gmt":"2025-06-16T04:35:20","guid":{"rendered":"https:\/\/noticiasveraces.com\/?p=31862"},"modified":"2025-06-16T00:35:20","modified_gmt":"2025-06-16T04:35:20","slug":"defender-la-democracia-miles-de-colombianos-protestan-contra-la-violencia-tras-atentado-a-miguel-uribe","status":"publish","type":"post","link":"https:\/\/noticiasveraces.com\/?p=31862","title":{"rendered":"&quot;Defender la democracia&quot;: miles de colombianos protestan contra la violencia tras atentado a Miguel Uribe"},"content":{"rendered":"<p> \n<br \/><img decoding=\"async\" src=\"https:\/\/s.france24.com\/media\/display\/a90fd272-4a11-11f0-b339-005056a90284\/w:1024\/p:16x9\/355fa066b9255be8c99493042a7e0439fc06d24bw.jpg\" \/><br \/>Los ciudadanos en m\u00e1s de 20 ciudades de Colombia se movilizan en la denominada Marcha del Silencio para rechazar el ataque contra el precandidato presidencial Miguel Uribe, que se debate a\u00fan entre la vida y la muerte y que conmociona al pa\u00eds. La manifestaci\u00f3n tambi\u00e9n se pronuncia contra la reciente escalada de violencia que ha azotado a varias regiones, incluidos los ataques dirigidos contra la fuerza p\u00fablica la semana pasada.<br \/>\n<br \/>\n","protected":false},"excerpt":{"rendered":"<p>Los ciudadanos en m\u00e1s de 20 ciudades de Colombia se movilizan en la denominada Marcha del Silencio para rechazar el ataque contra el precandidato presidencial Miguel Uribe, que se debate a\u00fan entre la vida y la muerte y que conmociona al pa\u00eds. La manifestaci\u00f3n tambi\u00e9n se pronuncia contra la reciente escalada de violencia que ha &hellip;<\/p>\n","protected":false},"author":1,"featured_media":31864,"comment_status":"open","ping_status":"open","sticky":false,"template":"","format":"standard","meta":{"fifu_image_url":"https:\/\/s.france24.com\/media\/display\/a90fd272-4a11-11f0-b339-005056a90284\/w:1024\/p:16x9\/355fa066b9255be8c99493042a7e0439fc06d24bw.jpg","fifu_image_alt":"","footnotes":""},"categories":[13],"tags":[],"class_list":["post-31862","post","type-post","status-publish","format-standard","has-post-thumbnail","","category-mundo"],"_links":{"self":[{"href":"https:\/\/noticiasveraces.com\/index.php?rest_route=\/wp\/v2\/posts\/31862","targetHints":{"allow":["GET"]}}],"collection":[{"href":"https:\/\/noticiasveraces.com\/index.php?rest_route=\/wp\/v2\/posts"}],"about":[{"href":"https:\/\/noticiasveraces.com\/index.php?rest_route=\/wp\/v2\/types\/post"}],"author":[{"embeddable":true,"href":"https:\/\/noticiasveraces.com\/index.php?rest_route=\/wp\/v2\/users\/1"}],"replies":[{"embeddable":true,"href":"https:\/\/noticiasveraces.com\/index.php?rest_route=%2Fwp%2Fv2%2Fcomments&post=31862"}],"version-history":[{"count":0,"href":"https:\/\/noticiasveraces.com\/index.php?rest_route=\/wp\/v2\/posts\/31862\/revisions"}],"wp:featuredmedia":[{"embeddable":true,"href":"https:\/\/noticiasveraces.com\/index.php?rest_route=\/wp\/v2\/media\/31864"}],"wp:attachment":[{"href":"https:\/\/noticiasveraces.com\/index.php?rest_route=%2Fwp%2Fv2%2Fmedia&parent=31862"}],"wp:term":[{"taxonomy":"category","embeddable":true,"href":"https:\/\/noticiasveraces.com\/index.php?rest_route=%2Fwp%2Fv2%2Fcategories&post=31862"},{"taxonomy":"post_tag","embeddable":true,"href":"https:\/\/noticiasveraces.com\/index.php?rest_route=%2Fwp%2Fv2%2Ftags&post=31862"}],"curies":[{"name":"wp","href":"https:\/\/api.w.org\/{rel}","templated":true}]}}