{"id":31858,"date":"2025-06-15T22:33:46","date_gmt":"2025-06-16T02:33:46","guid":{"rendered":"https:\/\/noticiasveraces.com\/?p=31858"},"modified":"2025-06-15T22:33:46","modified_gmt":"2025-06-16T02:33:46","slug":"muere-manifestante-baleado-en-protesta-anti-trump-en-utah-dw-16-06-2025","status":"publish","type":"post","link":"https:\/\/noticiasveraces.com\/?p=31858","title":{"rendered":"Muere manifestante baleado en protesta anti-Trump en Utah \u2013 DW \u2013 16\/06\/2025"},"content":{"rendered":"<p> \n<\/p>\n<div>\n<p>Un manifestante que recibi\u00f3 el s\u00e1bado un disparo en una protesta contra el presidente Donald Trump en la capital de Utah ha muerto, inform\u00f3 el domingo (15.06.2025) la polic\u00eda de ese estado del oeste de Estados Unidos.<\/p>\n<p>Arthur Folasa Ah Loo, de 39 a\u00f1os, fue herido de bala en Salt Lake City, en una de las cientos de manifestaciones que tuvieron lugar la v\u00edspera en todo el pa\u00eds bajo el eslogan \u00abSin Reyes\u00bb para rechazar las pol\u00edticas de Trump.<\/p>\n<p>Result\u00f3 lesionado por uno de los tres disparos que otro manifestante hizo contra un joven de 24 a\u00f1os que sac\u00f3 un rifle AR-15 en medio de la protesta, inform\u00f3 este domingo la polic\u00eda local en la red social X.<\/p>\n<blockquote class=\"tweet embed\" data-id=\"1934355471676444713\"\/>\n<p>La instituci\u00f3n a\u00f1adi\u00f3 que el hombre que portaba el AR-15, identificado como Arturo Gamboa, fue \u00abdetenido y encarcelado acusado de asesinato\u00bb, aunque los cargos son preliminares y deber\u00e1n ser confirmados por la fiscal\u00eda.<\/p>\n<h2>El detenido \u00abcoopera\u00bb con la polic\u00eda<\/h2>\n<p>El jefe policial de Salt Lake City, Brian Redd, dijo en rueda de prensa que Gamboa no dispar\u00f3 su arma.<\/p>\n<p>El hombre que atac\u00f3 a Gamboa llevaba un chaleco de alta visibilidad y aparentemente estaba afiliado a los organizadores de la protesta. No ha sido acusado y est\u00e1 cooperando con la polic\u00eda, dijo Redd.<\/p>\n<p>Gamboa no ten\u00eda antecedentes penales, seg\u00fan el jefe policial, quien afirm\u00f3 que los investigadores est\u00e1n la fase inicial de la indagaci\u00f3n para determinar sus posibles motivos.<\/p>\n<p>Estados Unidos se encuentra sumido en una intensa polarizaci\u00f3n pol\u00edtica, especialmente desde la victoria electoral del republicano Trump el a\u00f1o pasado.<\/p>\n<p> Los disparos en la protesta del s\u00e1bado provocaron el p\u00e1nico entre la multitud en Salt Lake City y se produjeron horas despu\u00e9s de que una congresista estatal de Minnesota fuera asesinada en su casa, en lo que parece ser un crimen por motivos pol\u00edticos.<\/p>\n<p>GS (AFP, AP)<\/p>\n<div class=\"vjs-wrapper embed big\">\n<h2 aria-label=\"Video integrado \u2014 A fondo - Militares en las calles de EE. UU.: \u00bfqu\u00e9 quiere Trump?\" class=\"headline\"><svg xmlns=\"http:\/\/www.w3.org\/2000\/svg\" viewbox=\"0 0 20 20\"><g fill-rule=\"evenodd\"><path d=\"M14.114 7.599H13.5l.002 4.706h.601l4.582 3.25-.005-11.11zM11.084 4.444l-9.007.002-1.336.797.002 9.514 1.334.793 9.007.006 1.509-.799-.004-9.516z\"\/><\/g><\/svg>A fondo &#8211; Militares en las calles de EE. UU.: \u00bfqu\u00e9 quiere Trump?<\/h2>\n<p><video id=\"video-72890024\" controls=\"\" playsinline=\"\" preload=\"none\" poster=\"data:image\/png;base64,iVBORw0KGgoAAAANSUhEUgAAAAEAAAABCAQAAAC1HAwCAAAAC0lEQVR42mNkYAAAAAYAAjCB0C8AAAAASUVORK5CYII=\" data-id=\"72890024\" data-posterurl=\"https:\/\/static.dw.com\/image\/50130757_605.webp\" data-duration=\"42:34\"><source src=\"https:\/\/hlsvod.dw.com\/i\/dwtv_video\/flv\/cua\/cua250612_AFondoNEUGESAMT_,AVC_480x270,AVC_512x288,AVC_640x360,AVC_960x540,AVC_1280x720,AVC_1920x1080,.mp4.csmil\/master.m3u8\" type=\"application\/x-mpegURL\"><source src=\"https:\/\/tvdownloaddw-a.akamaihd.net\/dwtv_video\/flv\/cua\/cua250612_AFondoNEUGESAMT_AVC_1920x1080.mp4\" type=\"video\/mp4\"><p class=\"vjs-no-js\">Para ver este video, habilite JavaScript y considere actualizar a un navegador web que admite el video HTML5<\/p>\n<p><\/source><\/source><\/video><\/div>\n<\/div>\n\n","protected":false},"excerpt":{"rendered":"<p>Un manifestante que recibi\u00f3 el s\u00e1bado un disparo en una protesta contra el presidente Donald Trump en la capital de Utah ha muerto, inform\u00f3 el domingo (15.06.2025) la polic\u00eda de ese estado del oeste de Estados Unidos. Arthur Folasa Ah Loo, de 39 a\u00f1os, fue herido de bala en Salt Lake City, en una de &hellip;<\/p>\n","protected":false},"author":1,"featured_media":31859,"comment_status":"open","ping_status":"open","sticky":false,"template":"","format":"standard","meta":{"fifu_image_url":"https:\/\/static.dw.com\/image\/72869109_6.jpg","fifu_image_alt":"","footnotes":""},"categories":[13],"tags":[],"class_list":["post-31858","post","type-post","status-publish","format-standard","has-post-thumbnail","","category-mundo"],"_links":{"self":[{"href":"https:\/\/noticiasveraces.com\/index.php?rest_route=\/wp\/v2\/posts\/31858","targetHints":{"allow":["GET"]}}],"collection":[{"href":"https:\/\/noticiasveraces.com\/index.php?rest_route=\/wp\/v2\/posts"}],"about":[{"href":"https:\/\/noticiasveraces.com\/index.php?rest_route=\/wp\/v2\/types\/post"}],"author":[{"embeddable":true,"href":"https:\/\/noticiasveraces.com\/index.php?rest_route=\/wp\/v2\/users\/1"}],"replies":[{"embeddable":true,"href":"https:\/\/noticiasveraces.com\/index.php?rest_route=%2Fwp%2Fv2%2Fcomments&post=31858"}],"version-history":[{"count":0,"href":"https:\/\/noticiasveraces.com\/index.php?rest_route=\/wp\/v2\/posts\/31858\/revisions"}],"wp:featuredmedia":[{"embeddable":true,"href":"https:\/\/noticiasveraces.com\/index.php?rest_route=\/wp\/v2\/media\/31859"}],"wp:attachment":[{"href":"https:\/\/noticiasveraces.com\/index.php?rest_route=%2Fwp%2Fv2%2Fmedia&parent=31858"}],"wp:term":[{"taxonomy":"category","embeddable":true,"href":"https:\/\/noticiasveraces.com\/index.php?rest_route=%2Fwp%2Fv2%2Fcategories&post=31858"},{"taxonomy":"post_tag","embeddable":true,"href":"https:\/\/noticiasveraces.com\/index.php?rest_route=%2Fwp%2Fv2%2Ftags&post=31858"}],"curies":[{"name":"wp","href":"https:\/\/api.w.org\/{rel}","templated":true}]}}