{"id":31840,"date":"2025-06-15T20:32:25","date_gmt":"2025-06-16T00:32:25","guid":{"rendered":"https:\/\/noticiasveraces.com\/?p=31840"},"modified":"2025-06-15T20:32:25","modified_gmt":"2025-06-16T00:32:25","slug":"groenlandia-no-se-puede-comprar-ni-tomar-dw-16-06-2025","status":"publish","type":"post","link":"https:\/\/noticiasveraces.com\/?p=31840","title":{"rendered":"\u00abGroenlandia no se puede comprar ni tomar\u00bb \u2013 DW \u2013 16\/06\/2025"},"content":{"rendered":"<p> \n<\/p>\n<div>\n<p>El presidente de Francia, Emmanuel Macron, defendi\u00f3 este domingo (14.06.2025) en Groenlandia la integridad territorial de este territorio aut\u00f3nomo dan\u00e9s frente al inter\u00e9s de Estados Unidos y asegur\u00f3 que nadie se va a hacer con esta isla \u00e1rtica.<\/p>\n<p>\u00abGroenlandia no se puede comprar ni tomar\u00bb, afirm\u00f3 Macron, quien se\u00f1al\u00f3 que la situaci\u00f3n creada en esta isla \u00e1rtica por las amenazas del Gobierno estadounidense son una \u00abllamada de atenci\u00f3n para toda Europa\u00bb.<\/p>\n<p>Macron se mostr\u00f3 comprensivo con la preocupaci\u00f3n estadounidense por los \u00abretos de seguridad\u00bb en el \u00c1rtico, pero a\u00f1adi\u00f3 que no se puede afrontar una amenaza estrat\u00e9gica \u00abamenazando a un aliado\u00bb, y asever\u00f3 que ese no es el \u00abm\u00e9todo adecuado\u00bb a la vez que abog\u00f3 por la cooperaci\u00f3n con Groenlandia y el reino de Dinamarca.<\/p>\n<p>El presidente franc\u00e9s revel\u00f3 que hab\u00eda informado de su visita a Groenlandia a Trump y de que Europa est\u00e1 \u00ablista\u00bb para afrontar los retos comunes en cambio clim\u00e1tico, estrat\u00e9gicos y econ\u00f3micos \u00abde forma respetuosa\u00bb.<\/p>\n<h2>Cooperaci\u00f3n y no confrontaci\u00f3n<\/h2>\n<p>\u00abEs la \u00fanica manera de seguir adelante. Soy optimista, creo que hay una forma de crear un futuro de cooperaci\u00f3n y no de confrontaci\u00f3n\u00bb, dijo Macron en rueda de prensa conjunta con la primera ministra danesa, Mette Frederiksen, y el presidente auton\u00f3mico groenland\u00e9s, Jens-Frederik Nielsen.<\/p>\n<p>Macron no cree que Estados Unidos vaya a hacer nada contra un aliado y se mostr\u00f3 confiado en que permanecer\u00e1n \u00abcomprometidos\u00bb con la OTAN, aunque defendi\u00f3 a la vez la necesidad de aumentar la \u00abautonom\u00eda estrat\u00e9gica\u00bb de Europa y reducir la dependencia hacia Washington, tambi\u00e9n econ\u00f3mica, algo que llevar\u00e1 \u00abuna d\u00e9cada\u00bb.<\/p>\n<p>Tanto Francia, que abrir\u00e1 un nuevo consulado en Nuuk, como la UE est\u00e1n preparados para \u00abacelerar y dar resultados concretos\u00bb en la cooperaci\u00f3n con Groenlandia en \u00e1reas como la energ\u00eda, minerales y tierras raras, y a la vez en defensa, abogando por aumentar las maniobras militares conjuntas en la zona.<\/p>\n<p><span data-slot-id=\"Article_InContent-1\" class=\"rich-text-ad\"\/><\/p>\n<h2>Mensaje de solidaridad y respeto a Groenlandia<\/h2>\n<p>Macron envi\u00f3 un mensaje \u00abmuy claro\u00bb de solidaridad y respeto a Groenlandia -territorio que no forma parte de la UE, al contrario que Dinamarca-, en una intervenci\u00f3n en la que mezcl\u00f3 el ingl\u00e9s y el franc\u00e9s y agradeci\u00f3 en groenland\u00e9s el \u00abc\u00e1lido\u00bb recibimiento de la poblaci\u00f3n groenlandesa.<\/p>\n<p>\u00abQuiero expresar la gratitud de Groenlandia por el fuerte apoyo que Francia le ha mostrado al pueblo groenland\u00e9s los \u00faltimos meses\u00bb, dijo Nielsen, que fue el primero de los tres l\u00edderes en intervenir y dirigi\u00f3 la comparecencia, mientras Frederiksen adoptaba un rol secundario.<\/p>\n<p>Nielsen asegur\u00f3 que Groenlandia es un pa\u00eds de \u00abmuchas oportunidades\u00bb y se abri\u00f3 a aumentar la cooperaci\u00f3n entre pa\u00edses, a la vez que admit\u00eda la necesidad de responder al \u00abenorme impacto\u00bb que el cambio clim\u00e1tico est\u00e1 teniendo en esta isla \u00e1rtica.<\/p>\n<p>\u00abDe parte de Dinamarca: gracias por tu liderazgo y por defender principios que juntos hemos luchado por alcanzar y que ahora luchamos por defender\u00bb, dijo Frederiksen dirigi\u00e9ndose a Macron.<\/p>\n<p>La visita de Macron a Groenlandia es la primera de un l\u00edder occidental desde que Trump empez\u00f3 a mencionar hace unos meses la necesidad de \u00abhacerse\u00bb con esta isla por motivos de seguridad, sin descartar el uso de medidas econ\u00f3micas o de la fuerza.<\/p>\n<p>Macron, que lleg\u00f3 este domingo a la isla antes de seguir viaje horas m\u00e1s tarde a Canad\u00e1 para participar en la cumbre del G7, fue recibido en el aeropuerto de Nuuk por Nielsen y Frederiksen, con quienes luego mantuvo una reuni\u00f3n en la fragata Niels Juel, donde hablaron de la seguridad en el Atl\u00e1ntico norte y el \u00c1rtico y el suministro de materias primas cr\u00edticas, entre otros temas.<\/p>\n<p>JC (Efe, AP)<\/p>\n<\/p>\n<\/div>\n\n","protected":false},"excerpt":{"rendered":"<p>El presidente de Francia, Emmanuel Macron, defendi\u00f3 este domingo (14.06.2025) en Groenlandia la integridad territorial de este territorio aut\u00f3nomo dan\u00e9s frente al inter\u00e9s de Estados Unidos y asegur\u00f3 que nadie se va a hacer con esta isla \u00e1rtica. \u00abGroenlandia no se puede comprar ni tomar\u00bb, afirm\u00f3 Macron, quien se\u00f1al\u00f3 que la situaci\u00f3n creada en esta &hellip;<\/p>\n","protected":false},"author":1,"featured_media":31841,"comment_status":"open","ping_status":"open","sticky":false,"template":"","format":"standard","meta":{"fifu_image_url":"https:\/\/static.dw.com\/image\/72919494_6.jpg","fifu_image_alt":"","footnotes":""},"categories":[13],"tags":[],"class_list":["post-31840","post","type-post","status-publish","format-standard","has-post-thumbnail","","category-mundo"],"_links":{"self":[{"href":"https:\/\/noticiasveraces.com\/index.php?rest_route=\/wp\/v2\/posts\/31840","targetHints":{"allow":["GET"]}}],"collection":[{"href":"https:\/\/noticiasveraces.com\/index.php?rest_route=\/wp\/v2\/posts"}],"about":[{"href":"https:\/\/noticiasveraces.com\/index.php?rest_route=\/wp\/v2\/types\/post"}],"author":[{"embeddable":true,"href":"https:\/\/noticiasveraces.com\/index.php?rest_route=\/wp\/v2\/users\/1"}],"replies":[{"embeddable":true,"href":"https:\/\/noticiasveraces.com\/index.php?rest_route=%2Fwp%2Fv2%2Fcomments&post=31840"}],"version-history":[{"count":0,"href":"https:\/\/noticiasveraces.com\/index.php?rest_route=\/wp\/v2\/posts\/31840\/revisions"}],"wp:featuredmedia":[{"embeddable":true,"href":"https:\/\/noticiasveraces.com\/index.php?rest_route=\/wp\/v2\/media\/31841"}],"wp:attachment":[{"href":"https:\/\/noticiasveraces.com\/index.php?rest_route=%2Fwp%2Fv2%2Fmedia&parent=31840"}],"wp:term":[{"taxonomy":"category","embeddable":true,"href":"https:\/\/noticiasveraces.com\/index.php?rest_route=%2Fwp%2Fv2%2Fcategories&post=31840"},{"taxonomy":"post_tag","embeddable":true,"href":"https:\/\/noticiasveraces.com\/index.php?rest_route=%2Fwp%2Fv2%2Ftags&post=31840"}],"curies":[{"name":"wp","href":"https:\/\/api.w.org\/{rel}","templated":true}]}}