{"id":31835,"date":"2025-06-15T20:12:03","date_gmt":"2025-06-16T00:12:03","guid":{"rendered":"https:\/\/noticiasveraces.com\/?p=31835"},"modified":"2025-06-15T20:12:03","modified_gmt":"2025-06-16T00:12:03","slug":"soy-un-experto-en-moda-real-aqui-esta-mi-guia-para-vestirme-como-un-real-este-verano-real-noticias","status":"publish","type":"post","link":"https:\/\/noticiasveraces.com\/?p=31835","title":{"rendered":"Soy un experto en moda real: aqu\u00ed est\u00e1 mi gu\u00eda para vestirme como un real este verano | Real | Noticias"},"content":{"rendered":"<p> \n<\/p>\n<div>\n<p class=\"withoutCaption\"><picture><source type=\"image\/avif\" srcset=\"https:\/\/cdn.images.express.co.uk\/img\/dynamic\/106\/1200x712\/secondary\/Princess-Diana-6226479.avif?r=1749886625048\" media=\"screen and (min-width:10000px)\"><source type=\"image\/webp\" srcset=\"https:\/\/cdn.images.express.co.uk\/img\/dynamic\/106\/1200x712\/secondary\/Princess-Diana-6226479.webp?r=1749886625048\" media=\"screen and (min-width:10000px)\"><source type=\"image\/jpeg\" srcset=\"https:\/\/cdn.images.express.co.uk\/img\/dynamic\/106\/1200x712\/secondary\/Princess-Diana-6226479.jpg?r=1749886625048\" media=\"screen and (min-width:10000px)\"><source type=\"image\/avif\" srcset=\"https:\/\/cdn.images.express.co.uk\/img\/dynamic\/106\/940x\/secondary\/Princess-Diana-6226479.avif?r=1749886625048\" media=\"screen\"><source type=\"image\/webp\" srcset=\"https:\/\/cdn.images.express.co.uk\/img\/dynamic\/106\/940x\/secondary\/Princess-Diana-6226479.webp?r=1749886625048\" media=\"screen\"><img decoding=\"async\" class=\"zoomEnabled\" src=\"https:\/\/cdn.images.express.co.uk\/img\/dynamic\/106\/1200x712\/secondary\/Princess-Diana-6226479.jpg?r=1749886625048\" alt=\"Princesa Diana\" title=\"Princesa Diana\" width=\"940\" height=\"1779\" loading=\"lazy\"\/><\/source><\/source><\/source><\/source><\/source><\/picture><\/p>\n<div class=\"newsCaption\">\n<p>La princesa Diana fue fotografiada vistiendo dungares amarillos en un partido de polo en julio de 1981, solo semanas antes de su brillante boda con el entonces Pr\u00edncipe Carlos. El denim todo en uno se consideraba un estilo informal y juvenil, en contraste con el atuendo m\u00e1s formal que luego adoptar\u00eda. Este estilo es popular hoy en d\u00eda, ya que son vers\u00e1tiles y halagadores. El tono suave y cremoso de amarillo act\u00faa como neutro, lo que facilita el combinaci\u00f3n con una amplia gama de colores y estilos. Est\u00e1 asociado con la calidez, el sol y la felicidad, lo que aporta una sensaci\u00f3n de optimismo a los atuendos.<\/p>\n<p> <span class=\"caption\">(Imagen: Getty)<\/span><span class=\"magnifier\" data-img=\"https:\/\/cdn.images.express.co.uk\/img\/dynamic\/106\/1200x712\/secondary\/Princess-Diana-6226479.jpg?r=1749886625048\"\/><\/div>\n<\/div>\n<div>\n<p class=\"withoutCaption\"><picture><source type=\"image\/avif\" srcset=\"https:\/\/cdn.images.express.co.uk\/img\/dynamic\/106\/1200x712\/secondary\/The-Duchess-of-Sussex-6226481.avif?r=1749886625064\" media=\"screen and (min-width:10000px)\"><source type=\"image\/webp\" srcset=\"https:\/\/cdn.images.express.co.uk\/img\/dynamic\/106\/1200x712\/secondary\/The-Duchess-of-Sussex-6226481.webp?r=1749886625064\" media=\"screen and (min-width:10000px)\"><source type=\"image\/jpeg\" srcset=\"https:\/\/cdn.images.express.co.uk\/img\/dynamic\/106\/1200x712\/secondary\/The-Duchess-of-Sussex-6226481.jpg?r=1749886625064\" media=\"screen and (min-width:10000px)\"><source type=\"image\/avif\" srcset=\"https:\/\/cdn.images.express.co.uk\/img\/dynamic\/106\/940x\/secondary\/The-Duchess-of-Sussex-6226481.avif?r=1749886625064\" media=\"screen\"><source type=\"image\/webp\" srcset=\"https:\/\/cdn.images.express.co.uk\/img\/dynamic\/106\/940x\/secondary\/The-Duchess-of-Sussex-6226481.webp?r=1749886625064\" media=\"screen\"><img decoding=\"async\" class=\"zoomEnabled\" src=\"https:\/\/cdn.images.express.co.uk\/img\/dynamic\/106\/1200x712\/secondary\/The-Duchess-of-Sussex-6226481.jpg?r=1749886625064\" alt=\"La duquesa de Sussex\" title=\"La duquesa de Sussex\" width=\"940\" height=\"1410\" loading=\"lazy\"\/><\/source><\/source><\/source><\/source><\/source><\/picture><\/p>\n<div class=\"newsCaption\">\n<p><strong>Dril:<br \/><\/strong><span style=\"font-size: 14px;\">En este aspecto elegante sin esfuerzo, Meghan Markle sali\u00f3 con un vestido de mezclilla de ajuste y fianza, una silueta que asiente con la cabeza al glamour de mediados de siglo mientras abraza una de las tendencias silenciosamente resurgentes de 2025: el estilo occidental moderno. La cintura con cintur\u00f3n, los hombros estructurados y la falda completa logran un equilibrio perfecto entre relajado y refinado, ideal para una excursi\u00f3n de verano durante el d\u00eda. Ella dise\u00f1\u00f3 el look con tacones de aguja desnudos, gafas de sol de gran tama\u00f1o y un embrague tejido, manteniendo los accesorios neutrales y pulidos. Si bien los vestidos de mezclilla son un elemento b\u00e1sico de vestuario atemporal, han tenido un avivamiento notable esta temporada, surgiendo en la calle principal gracias a la flata de moda y la moda occidental a trav\u00e9s de la cultura pop. M\u00e1s recientemente, Meghan llevaba un vestido de mezclilla de Carolina Herrera para la gira Cowboy Carter de Beyonc\u00e9 con el Pr\u00edncipe Harry, un elegante gui\u00f1o a la est\u00e9tica americana de la gira. Del mismo modo, la princesa Eugenie fue vista en un dise\u00f1o de mezclilla estructurado igualmente durante un compromiso oficial en mayo.<\/span><\/p>\n<p> <span class=\"caption\">(Imagen: Reino Unido)<\/span><span class=\"magnifier\" data-img=\"https:\/\/cdn.images.express.co.uk\/img\/dynamic\/106\/1200x712\/secondary\/The-Duchess-of-Sussex-6226481.jpg?r=1749886625064\"\/><\/div>\n<\/div>\n<div>\n<p class=\"withoutCaption\"><picture><source type=\"image\/avif\" srcset=\"https:\/\/cdn.images.express.co.uk\/img\/dynamic\/106\/1200x712\/secondary\/Zara-Tindall-6226482.avif?r=1749886625072\" media=\"screen and (min-width:10000px)\"><source type=\"image\/webp\" srcset=\"https:\/\/cdn.images.express.co.uk\/img\/dynamic\/106\/1200x712\/secondary\/Zara-Tindall-6226482.webp?r=1749886625072\" media=\"screen and (min-width:10000px)\"><source type=\"image\/jpeg\" srcset=\"https:\/\/cdn.images.express.co.uk\/img\/dynamic\/106\/1200x712\/secondary\/Zara-Tindall-6226482.jpg?r=1749886625072\" media=\"screen and (min-width:10000px)\"><source type=\"image\/avif\" srcset=\"https:\/\/cdn.images.express.co.uk\/img\/dynamic\/106\/940x\/secondary\/Zara-Tindall-6226482.avif?r=1749886625072\" media=\"screen\"><source type=\"image\/webp\" srcset=\"https:\/\/cdn.images.express.co.uk\/img\/dynamic\/106\/940x\/secondary\/Zara-Tindall-6226482.webp?r=1749886625072\" media=\"screen\"><img decoding=\"async\" class=\"zoomEnabled\" src=\"https:\/\/cdn.images.express.co.uk\/img\/dynamic\/106\/1200x712\/secondary\/Zara-Tindall-6226482.jpg?r=1749886625072\" alt=\"Zara Tindall \" title=\"Zara Tindall \" width=\"940\" height=\"1410\" loading=\"lazy\"\/><\/source><\/source><\/source><\/source><\/source><\/picture><\/p>\n<div class=\"newsCaption\">\n<p>Zara Tindall mostr\u00f3 su estilo de fama sin complicaciones en un evento reciente, combinando jeans de mezclilla con patas rectas con entrenadores blancos para un aspecto que era pr\u00e1ctico y sin esfuerzo elegante. Un firme creyente en la moda funcional, Zara a menudo opta por piezas que permiten la facilidad de movimiento sin sacrificar el estilo, y estos jeans de corte cl\u00e1sico, una de las tendencias de mezclilla m\u00e1s populares esta temporada, son un ejemplo perfecto. Relajados, vers\u00e1tiles y halagadores, reflejan su enfoque realista para vestirse, ideal para su estilo de vida activo.<\/p>\n<p> <span class=\"caption\">(Imagen: Getty)<\/span><span class=\"magnifier\" data-img=\"https:\/\/cdn.images.express.co.uk\/img\/dynamic\/106\/1200x712\/secondary\/Zara-Tindall-6226482.jpg?r=1749886625072\"\/><\/div>\n<\/div>\n\n","protected":false},"excerpt":{"rendered":"<p>La princesa Diana fue fotografiada vistiendo dungares amarillos en un partido de polo en julio de 1981, solo semanas antes de su brillante boda con el entonces Pr\u00edncipe Carlos. El denim todo en uno se consideraba un estilo informal y juvenil, en contraste con el atuendo m\u00e1s formal que luego adoptar\u00eda. Este estilo es popular &hellip;<\/p>\n","protected":false},"author":1,"featured_media":31837,"comment_status":"open","ping_status":"open","sticky":false,"template":"","format":"standard","meta":{"fifu_image_url":"https:\/\/cdn.images.express.co.uk\/img\/dynamic\/106\/1200x630\/6227176.jpg","fifu_image_alt":"","footnotes":""},"categories":[763],"tags":[],"class_list":["post-31835","post","type-post","status-publish","format-standard","has-post-thumbnail","","category-estilo-de-vida"],"_links":{"self":[{"href":"https:\/\/noticiasveraces.com\/index.php?rest_route=\/wp\/v2\/posts\/31835","targetHints":{"allow":["GET"]}}],"collection":[{"href":"https:\/\/noticiasveraces.com\/index.php?rest_route=\/wp\/v2\/posts"}],"about":[{"href":"https:\/\/noticiasveraces.com\/index.php?rest_route=\/wp\/v2\/types\/post"}],"author":[{"embeddable":true,"href":"https:\/\/noticiasveraces.com\/index.php?rest_route=\/wp\/v2\/users\/1"}],"replies":[{"embeddable":true,"href":"https:\/\/noticiasveraces.com\/index.php?rest_route=%2Fwp%2Fv2%2Fcomments&post=31835"}],"version-history":[{"count":0,"href":"https:\/\/noticiasveraces.com\/index.php?rest_route=\/wp\/v2\/posts\/31835\/revisions"}],"wp:featuredmedia":[{"embeddable":true,"href":"https:\/\/noticiasveraces.com\/index.php?rest_route=\/wp\/v2\/media\/31837"}],"wp:attachment":[{"href":"https:\/\/noticiasveraces.com\/index.php?rest_route=%2Fwp%2Fv2%2Fmedia&parent=31835"}],"wp:term":[{"taxonomy":"category","embeddable":true,"href":"https:\/\/noticiasveraces.com\/index.php?rest_route=%2Fwp%2Fv2%2Fcategories&post=31835"},{"taxonomy":"post_tag","embeddable":true,"href":"https:\/\/noticiasveraces.com\/index.php?rest_route=%2Fwp%2Fv2%2Ftags&post=31835"}],"curies":[{"name":"wp","href":"https:\/\/api.w.org\/{rel}","templated":true}]}}