{"id":31818,"date":"2025-06-15T17:29:47","date_gmt":"2025-06-15T21:29:47","guid":{"rendered":"https:\/\/noticiasveraces.com\/?p=31818"},"modified":"2025-06-15T17:29:47","modified_gmt":"2025-06-15T21:29:47","slug":"masivas-protestas-piden-el-fin-de-la-masacre-en-gaza-dw-15-06-2025","status":"publish","type":"post","link":"https:\/\/noticiasveraces.com\/?p=31818","title":{"rendered":"Masivas protestas piden el fin de la masacre en Gaza \u2013 DW \u2013 15\/06\/2025"},"content":{"rendered":"<p> \n<\/p>\n<div>\n<p>Vestidos de rojo, decenas de miles de manifestantes desfilaron este domingo (15.06.2025) por las calles de La Haya para pedir al gobierno neerland\u00e9s tomar m\u00e1s medidas contra lo que ellos consideran un \u00abgenocidio\u00bb en Gaza.<\/p>\n<p>Unas 150.000 personas participaron en la marcha, en la que estuvieron presentes grupos de defensa de los derechos, como Amnist\u00eda Internacional y Oxfam, y que marcharon a trav\u00e9s de la ciudad hasta la Corte Internacional de Justicia.<\/p>\n<p>El primer ministro neerland\u00e9s saliente Dick Schoof afirm\u00f3 en X: \u00abA todos los que est\u00e1n en La Haya, les digo que los vemos y los o\u00edmos\u00bb. \u00abAl fin y al cabo, nuestro objetivo es el mismo: poner fin al sufrimiento en Gaza lo antes posible\u00bb.<\/p>\n<h2>Decenas de miles de personas llegan al coraz\u00f3n de Bruselas<\/h2>\n<p>La marea roja se replic\u00f3 en la capital belga que alberga al Parlamento Europeo, donde los miles de manifestantes formaron una \u00abl\u00ednea roja\u201d para pedir el fin de la guerra en Gaza y de las relaciones con Israel.<\/p>\n<p>M\u00e1s de 100.000 manifestantes acudieron a la cita en la que personas de todas las edades alzaron banderas palestinas y carteles de protesta al ritmo de los tambores, convirtiendo esta marcha en la mayor manifestaci\u00f3n en B\u00e9lgica desde el inicio del conflicto, seg\u00fan los organizadores.<\/p>\n<p>La l\u00ednea roja humana se extendi\u00f3 desde la Estaci\u00f3n del Norte de Bruselas hasta la plaza Schuman, que alberga la sede de la Comisi\u00f3n Europea y el Consejo Europeo, al grito de \u00abViva Palestina\u201d.<\/p>\n<p>MN (AFP, Efe)<\/p>\n<\/p>\n<\/div>\n\n","protected":false},"excerpt":{"rendered":"<p>Vestidos de rojo, decenas de miles de manifestantes desfilaron este domingo (15.06.2025) por las calles de La Haya para pedir al gobierno neerland\u00e9s tomar m\u00e1s medidas contra lo que ellos consideran un \u00abgenocidio\u00bb en Gaza. Unas 150.000 personas participaron en la marcha, en la que estuvieron presentes grupos de defensa de los derechos, como Amnist\u00eda &hellip;<\/p>\n","protected":false},"author":1,"featured_media":31819,"comment_status":"open","ping_status":"open","sticky":false,"template":"","format":"standard","meta":{"fifu_image_url":"https:\/\/static.dw.com\/image\/72919220_6.jpg","fifu_image_alt":"","footnotes":""},"categories":[13],"tags":[],"class_list":["post-31818","post","type-post","status-publish","format-standard","has-post-thumbnail","","category-mundo"],"_links":{"self":[{"href":"https:\/\/noticiasveraces.com\/index.php?rest_route=\/wp\/v2\/posts\/31818","targetHints":{"allow":["GET"]}}],"collection":[{"href":"https:\/\/noticiasveraces.com\/index.php?rest_route=\/wp\/v2\/posts"}],"about":[{"href":"https:\/\/noticiasveraces.com\/index.php?rest_route=\/wp\/v2\/types\/post"}],"author":[{"embeddable":true,"href":"https:\/\/noticiasveraces.com\/index.php?rest_route=\/wp\/v2\/users\/1"}],"replies":[{"embeddable":true,"href":"https:\/\/noticiasveraces.com\/index.php?rest_route=%2Fwp%2Fv2%2Fcomments&post=31818"}],"version-history":[{"count":0,"href":"https:\/\/noticiasveraces.com\/index.php?rest_route=\/wp\/v2\/posts\/31818\/revisions"}],"wp:featuredmedia":[{"embeddable":true,"href":"https:\/\/noticiasveraces.com\/index.php?rest_route=\/wp\/v2\/media\/31819"}],"wp:attachment":[{"href":"https:\/\/noticiasveraces.com\/index.php?rest_route=%2Fwp%2Fv2%2Fmedia&parent=31818"}],"wp:term":[{"taxonomy":"category","embeddable":true,"href":"https:\/\/noticiasveraces.com\/index.php?rest_route=%2Fwp%2Fv2%2Fcategories&post=31818"},{"taxonomy":"post_tag","embeddable":true,"href":"https:\/\/noticiasveraces.com\/index.php?rest_route=%2Fwp%2Fv2%2Ftags&post=31818"}],"curies":[{"name":"wp","href":"https:\/\/api.w.org\/{rel}","templated":true}]}}