{"id":31776,"date":"2025-06-15T09:22:21","date_gmt":"2025-06-15T13:22:21","guid":{"rendered":"https:\/\/noticiasveraces.com\/?p=31776"},"modified":"2025-06-15T09:22:21","modified_gmt":"2025-06-15T13:22:21","slug":"una-nueva-encuesta-muestra-la-aprobacion-de-trump-bajo-el-agua-debido-a-las-bajas-calificaciones-en-la-economia","status":"publish","type":"post","link":"https:\/\/noticiasveraces.com\/?p=31776","title":{"rendered":"Una nueva encuesta muestra la aprobaci\u00f3n de Trump bajo el agua debido a las bajas calificaciones en la econom\u00eda"},"content":{"rendered":"<p> \n<\/p>\n<div id=\"content\">\n<p>IE 11 no es compatible. Para una experiencia \u00f3ptima, visite nuestro sitio en otro navegador.<button type=\"button\" aria-label=\"close\" class=\"alert-banner__close-button icon icon-close\"\/><\/p>\n<div>\n<div class=\"video-page\" data-testid=\"video-page\">\n<div class=\"video-page__video\">\n<div class=\"video-page__main\">\n<div class=\"video-page__player\" data-testid=\"video-page__player\">\n<div class=\"styles_gridStackWrapper__Z_AMc styles_videoContainer___xc7B video-container paused\" data-testid=\"gamma-video-player-autoplay\">\n<div class=\"styles_gridStackWrapper__Z_AMc videoSlate styles_videoSlate__IvkAP\"><picture class=\"\" data-testid=\"picture\"><source media=\"(min-width: 1240px)\" srcset=\"https:\/\/media-cldnry.s-nbcnews.com\/image\/upload\/t_focal-860x484,f_auto,q_auto:best\/mpx\/2704722219\/2025_06\/1749992783015_mtp_clip_kornacki_250615_1920x1080-dro9a2.jpg\"\/><source media=\"(min-width: 758px)\" srcset=\"https:\/\/media-cldnry.s-nbcnews.com\/image\/upload\/t_focal-1000x563,f_auto,q_auto:best\/mpx\/2704722219\/2025_06\/1749992783015_mtp_clip_kornacki_250615_1920x1080-dro9a2.jpg\"\/><source media=\"(min-width: 320px)\" srcset=\"https:\/\/media-cldnry.s-nbcnews.com\/image\/upload\/t_focal-760x428,f_auto,q_auto:best\/mpx\/2704722219\/2025_06\/1749992783015_mtp_clip_kornacki_250615_1920x1080-dro9a2.jpg\"\/><img decoding=\"async\" src=\"https:\/\/media-cldnry.s-nbcnews.com\/image\/upload\/t_focal-760x428,f_auto,q_auto:best\/mpx\/2704722219\/2025_06\/1749992783015_mtp_clip_kornacki_250615_1920x1080-dro9a2.jpg\" alt=\"\"\/><\/picture><\/div>\n<\/div>\n<\/div>\n<div class=\"video-page__drawer\"><button class=\"styles_prevButton___kn9P styles_disabled__TOBLY\" type=\"button\" data-testid=\"prev-button\"><span class=\"icon icon-back\"\/><\/button><\/p>\n<div class=\"styles_playlistDrawer__ttvMO\" data-testid=\"playlist-drawer\">\n<section class=\"styles_playlist__AdfYR\">\n<ul class=\"styles_videos__IxbCG\">\n<li class=\"styles_video__WPPDb\">\n<div class=\"playlist-drawer__video\" data-testid=\"playlist-drawer-video\">\n<div class=\"playlist-drawer__thumbnail\"><picture class=\"playlist-drawer__thumbnail\" data-testid=\"picture\"><source media=\"(min-width: 1000px)\" srcset=\"https:\/\/media-cldnry.s-nbcnews.com\/image\/upload\/t_focal-280x140,f_auto,q_auto:best\/mpx\/2704722219\/2025_06\/1749846481300_now_mtp_clip_israel_250613_1920x1080-pryix3.jpg\"\/><source media=\"(min-width: 758px)\" srcset=\"https:\/\/media-cldnry.s-nbcnews.com\/image\/upload\/t_focal-760x380,f_auto,q_auto:best\/mpx\/2704722219\/2025_06\/1749846481300_now_mtp_clip_israel_250613_1920x1080-pryix3.jpg\"\/><source media=\"(min-width: 320px)\" srcset=\"https:\/\/media-cldnry.s-nbcnews.com\/image\/upload\/t_focal-520x260,f_auto,q_auto:best\/mpx\/2704722219\/2025_06\/1749846481300_now_mtp_clip_israel_250613_1920x1080-pryix3.jpg\"\/><img decoding=\"async\" loading=\"lazy\" src=\"https:\/\/media-cldnry.s-nbcnews.com\/image\/upload\/t_focal-520x260,f_auto,q_auto:best\/mpx\/2704722219\/2025_06\/1749846481300_now_mtp_clip_israel_250613_1920x1080-pryix3.jpg\" alt=\"\"\/><\/picture><\/div>\n<p><h2 class=\"playlist-drawer__title\" data-testid=\"playlist-title\">Ir\u00e1n &#8216;gravemente da\u00f1ado&#8217; lanza huelgas de represalia contra Israel<\/h2>\n<p><span class=\"playlist-drawer__duration founders-mono\" data-testid=\"playlist-duration\">22:46<\/span><\/p>\n<\/div>\n<\/li>\n<li class=\"styles_video__WPPDb\">\n<div class=\"playlist-drawer__video\" data-testid=\"playlist-drawer-video\">\n<div class=\"playlist-drawer__thumbnail\"><picture class=\"playlist-drawer__thumbnail\" data-testid=\"picture\"><source media=\"(min-width: 1000px)\" srcset=\"https:\/\/media-cldnry.s-nbcnews.com\/image\/upload\/t_focal-280x140,f_auto,q_auto:best\/mpx\/2704722219\/2025_06\/1749848240701_now_mtp_full_mciver_250613_1920x1080-oqq6dp.jpg\"\/><source media=\"(min-width: 758px)\" srcset=\"https:\/\/media-cldnry.s-nbcnews.com\/image\/upload\/t_focal-760x380,f_auto,q_auto:best\/mpx\/2704722219\/2025_06\/1749848240701_now_mtp_full_mciver_250613_1920x1080-oqq6dp.jpg\"\/><source media=\"(min-width: 320px)\" srcset=\"https:\/\/media-cldnry.s-nbcnews.com\/image\/upload\/t_focal-520x260,f_auto,q_auto:best\/mpx\/2704722219\/2025_06\/1749848240701_now_mtp_full_mciver_250613_1920x1080-oqq6dp.jpg\"\/><img decoding=\"async\" loading=\"lazy\" src=\"https:\/\/media-cldnry.s-nbcnews.com\/image\/upload\/t_focal-520x260,f_auto,q_auto:best\/mpx\/2704722219\/2025_06\/1749848240701_now_mtp_full_mciver_250613_1920x1080-oqq6dp.jpg\" alt=\"\"\/><\/picture><\/div>\n<p><h2 class=\"playlist-drawer__title\" data-testid=\"playlist-title\">&#8216;Rid\u00edculo&#8217;: el dem\u00f3crata de la C\u00e1mara de Representantes reacciona a ser acusado por X por el abogado designado por Trump<\/h2>\n<p><span class=\"playlist-drawer__duration founders-mono\" data-testid=\"playlist-duration\">08:36<\/span><\/p>\n<\/div>\n<\/li>\n<li class=\"styles_video__WPPDb\">\n<div class=\"playlist-drawer__video\" data-testid=\"playlist-drawer-video\">\n<div class=\"playlist-drawer__thumbnail\"><picture class=\"playlist-drawer__thumbnail\" data-testid=\"picture\"><source media=\"(min-width: 1000px)\" srcset=\"https:\/\/media-cldnry.s-nbcnews.com\/image\/upload\/t_focal-280x140,f_auto,q_auto:best\/mpx\/2704722219\/2025_06\/1749993293684_mtp_full_klobuchar_250615_1920x1080-an0xdt.jpg\"\/><source media=\"(min-width: 758px)\" srcset=\"https:\/\/media-cldnry.s-nbcnews.com\/image\/upload\/t_focal-760x380,f_auto,q_auto:best\/mpx\/2704722219\/2025_06\/1749993293684_mtp_full_klobuchar_250615_1920x1080-an0xdt.jpg\"\/><source media=\"(min-width: 320px)\" srcset=\"https:\/\/media-cldnry.s-nbcnews.com\/image\/upload\/t_focal-520x260,f_auto,q_auto:best\/mpx\/2704722219\/2025_06\/1749993293684_mtp_full_klobuchar_250615_1920x1080-an0xdt.jpg\"\/><img decoding=\"async\" loading=\"lazy\" src=\"https:\/\/media-cldnry.s-nbcnews.com\/image\/upload\/t_focal-520x260,f_auto,q_auto:best\/mpx\/2704722219\/2025_06\/1749993293684_mtp_full_klobuchar_250615_1920x1080-an0xdt.jpg\" alt=\"\"\/><\/picture><\/div>\n<p><h2 class=\"playlist-drawer__title\" data-testid=\"playlist-title\">Es. Amy Klobuchar recuerda la representaci\u00f3n de Minnesota asesinada Melissa Hortman: entrevista completa<\/h2>\n<p><span class=\"playlist-drawer__duration founders-mono\" data-testid=\"playlist-duration\">09:31<\/span><\/p>\n<\/div>\n<\/li>\n<li class=\"styles_video__WPPDb\">\n<div class=\"playlist-drawer__video\" data-testid=\"playlist-drawer-video\">\n<div class=\"playlist-drawer__thumbnail\">\n<p>Ahora jugando<\/p>\n<picture class=\"playlist-drawer__thumbnail\" data-testid=\"picture\"><source media=\"(min-width: 1000px)\" srcset=\"https:\/\/media-cldnry.s-nbcnews.com\/image\/upload\/t_focal-280x140,f_auto,q_auto:best\/mpx\/2704722219\/2025_06\/1749992783015_mtp_clip_kornacki_250615_1920x1080-dro9a2.jpg\"\/><source media=\"(min-width: 758px)\" srcset=\"https:\/\/media-cldnry.s-nbcnews.com\/image\/upload\/t_focal-760x380,f_auto,q_auto:best\/mpx\/2704722219\/2025_06\/1749992783015_mtp_clip_kornacki_250615_1920x1080-dro9a2.jpg\"\/><source media=\"(min-width: 320px)\" srcset=\"https:\/\/media-cldnry.s-nbcnews.com\/image\/upload\/t_focal-520x260,f_auto,q_auto:best\/mpx\/2704722219\/2025_06\/1749992783015_mtp_clip_kornacki_250615_1920x1080-dro9a2.jpg\"\/><img decoding=\"async\" loading=\"lazy\" src=\"https:\/\/media-cldnry.s-nbcnews.com\/image\/upload\/t_focal-520x260,f_auto,q_auto:best\/mpx\/2704722219\/2025_06\/1749992783015_mtp_clip_kornacki_250615_1920x1080-dro9a2.jpg\" alt=\"\"\/><\/picture><\/div>\n<p><h2 class=\"playlist-drawer__title\" data-testid=\"playlist-title\">Steve Kornacki: una nueva encuesta muestra la aprobaci\u00f3n de Trump bajo el agua debido a las bajas calificaciones en la econom\u00eda<\/h2>\n<p><span class=\"playlist-drawer__duration founders-mono\" data-testid=\"playlist-duration\">02:48<\/span><\/p>\n<\/div>\n<\/li>\n<li class=\"styles_video__WPPDb\">\n<div class=\"playlist-drawer__video\" data-testid=\"playlist-drawer-video\">\n<p>A continuaci\u00f3n<\/p>\n<div class=\"playlist-drawer__thumbnail\"><picture class=\"playlist-drawer__thumbnail\" data-testid=\"picture\"><source media=\"(min-width: 1000px)\" srcset=\"https:\/\/media-cldnry.s-nbcnews.com\/image\/upload\/t_focal-280x140,f_auto,q_auto:best\/mpx\/2704722219\/2025_06\/1749761939300_now_mtp_full_lieu_250612_1920x1080-a9lh01.jpg\"\/><source media=\"(min-width: 758px)\" srcset=\"https:\/\/media-cldnry.s-nbcnews.com\/image\/upload\/t_focal-760x380,f_auto,q_auto:best\/mpx\/2704722219\/2025_06\/1749761939300_now_mtp_full_lieu_250612_1920x1080-a9lh01.jpg\"\/><source media=\"(min-width: 320px)\" srcset=\"https:\/\/media-cldnry.s-nbcnews.com\/image\/upload\/t_focal-520x260,f_auto,q_auto:best\/mpx\/2704722219\/2025_06\/1749761939300_now_mtp_full_lieu_250612_1920x1080-a9lh01.jpg\"\/><img decoding=\"async\" loading=\"lazy\" src=\"https:\/\/media-cldnry.s-nbcnews.com\/image\/upload\/t_focal-520x260,f_auto,q_auto:best\/mpx\/2704722219\/2025_06\/1749761939300_now_mtp_full_lieu_250612_1920x1080-a9lh01.jpg\" alt=\"\"\/><\/picture><\/div>\n<p><h2 class=\"playlist-drawer__title\" data-testid=\"playlist-title\">El senador Padilla elimin\u00f3 por la fuerza &#8216;porque se atrevi\u00f3 a hacer preguntas a la Sec. Noem &#8216;: Calif. Dem Lawmaker<\/h2>\n<p><span class=\"playlist-drawer__duration founders-mono\" data-testid=\"playlist-duration\">08:05<\/span><\/p>\n<\/div>\n<\/li>\n<li class=\"styles_video__WPPDb\">\n<div class=\"playlist-drawer__video\" data-testid=\"playlist-drawer-video\">\n<div class=\"playlist-drawer__thumbnail\"><picture class=\"playlist-drawer__thumbnail\" data-testid=\"picture\"><source media=\"(min-width: 1000px)\" srcset=\"https:\/\/media-cldnry.s-nbcnews.com\/image\/upload\/t_focal-280x140,f_auto,q_auto:best\/mpx\/2704722219\/2025_06\/1749760850356_now_mtp_clip_zanona_250612_1920x1080-rcp6cs.jpg\"\/><source media=\"(min-width: 758px)\" srcset=\"https:\/\/media-cldnry.s-nbcnews.com\/image\/upload\/t_focal-760x380,f_auto,q_auto:best\/mpx\/2704722219\/2025_06\/1749760850356_now_mtp_clip_zanona_250612_1920x1080-rcp6cs.jpg\"\/><source media=\"(min-width: 320px)\" srcset=\"https:\/\/media-cldnry.s-nbcnews.com\/image\/upload\/t_focal-520x260,f_auto,q_auto:best\/mpx\/2704722219\/2025_06\/1749760850356_now_mtp_clip_zanona_250612_1920x1080-rcp6cs.jpg\"\/><img decoding=\"async\" loading=\"lazy\" src=\"https:\/\/media-cldnry.s-nbcnews.com\/image\/upload\/t_focal-520x260,f_auto,q_auto:best\/mpx\/2704722219\/2025_06\/1749760850356_now_mtp_clip_zanona_250612_1920x1080-rcp6cs.jpg\" alt=\"\"\/><\/picture><\/div>\n<p><h2 class=\"playlist-drawer__title\" data-testid=\"playlist-title\">Los gobernadores dem\u00f3cratas van a &#8216;cara a cara&#8217; con el Partido Republicano de la C\u00e1mara de Representantes sobre las pol\u00edticas de inmigraci\u00f3n de la administraci\u00f3n Trump<\/h2>\n<p><span class=\"playlist-drawer__duration founders-mono\" data-testid=\"playlist-duration\">07:12<\/span><\/p>\n<\/div>\n<\/li>\n<li class=\"styles_video__WPPDb\">\n<div class=\"playlist-drawer__video\" data-testid=\"playlist-drawer-video\">\n<div class=\"playlist-drawer__thumbnail\"><picture class=\"playlist-drawer__thumbnail\" data-testid=\"picture\"><source media=\"(min-width: 1000px)\" srcset=\"https:\/\/media-cldnry.s-nbcnews.com\/image\/upload\/t_focal-280x140,f_auto,q_auto:best\/mpx\/2704722219\/2025_06\/1749760026922_now_mtp_clip_areporters_250612_1920x1080-gn2eez.jpg\"\/><source media=\"(min-width: 758px)\" srcset=\"https:\/\/media-cldnry.s-nbcnews.com\/image\/upload\/t_focal-760x380,f_auto,q_auto:best\/mpx\/2704722219\/2025_06\/1749760026922_now_mtp_clip_areporters_250612_1920x1080-gn2eez.jpg\"\/><source media=\"(min-width: 320px)\" srcset=\"https:\/\/media-cldnry.s-nbcnews.com\/image\/upload\/t_focal-520x260,f_auto,q_auto:best\/mpx\/2704722219\/2025_06\/1749760026922_now_mtp_clip_areporters_250612_1920x1080-gn2eez.jpg\"\/><img decoding=\"async\" loading=\"lazy\" src=\"https:\/\/media-cldnry.s-nbcnews.com\/image\/upload\/t_focal-520x260,f_auto,q_auto:best\/mpx\/2704722219\/2025_06\/1749760026922_now_mtp_clip_areporters_250612_1920x1080-gn2eez.jpg\" alt=\"\"\/><\/picture><\/div>\n<p><h2 class=\"playlist-drawer__title\" data-testid=\"playlist-title\">La Casa Blanca llama a la interrupci\u00f3n del senador Padilla en la conferencia de prensa de DHS y un \u00abtruco inmaduro de teatro\u00bb<\/h2>\n<p><span class=\"playlist-drawer__duration founders-mono\" data-testid=\"playlist-duration\">18:14<\/span><\/p>\n<\/div>\n<\/li>\n<li class=\"styles_video__WPPDb\">\n<div class=\"playlist-drawer__video\" data-testid=\"playlist-drawer-video\">\n<div class=\"playlist-drawer__thumbnail\"><picture class=\"playlist-drawer__thumbnail\" data-testid=\"picture\"><source media=\"(min-width: 1000px)\" srcset=\"https:\/\/media-cldnry.s-nbcnews.com\/image\/upload\/t_focal-280x140,f_auto,q_auto:best\/mpx\/2704722219\/2025_06\/1749675024592_now_mtp_clip_kornacki_250611_1920x1080-rma9bm.jpg\"\/><source media=\"(min-width: 758px)\" srcset=\"https:\/\/media-cldnry.s-nbcnews.com\/image\/upload\/t_focal-760x380,f_auto,q_auto:best\/mpx\/2704722219\/2025_06\/1749675024592_now_mtp_clip_kornacki_250611_1920x1080-rma9bm.jpg\"\/><source media=\"(min-width: 320px)\" srcset=\"https:\/\/media-cldnry.s-nbcnews.com\/image\/upload\/t_focal-520x260,f_auto,q_auto:best\/mpx\/2704722219\/2025_06\/1749675024592_now_mtp_clip_kornacki_250611_1920x1080-rma9bm.jpg\"\/><img decoding=\"async\" loading=\"lazy\" src=\"https:\/\/media-cldnry.s-nbcnews.com\/image\/upload\/t_focal-520x260,f_auto,q_auto:best\/mpx\/2704722219\/2025_06\/1749675024592_now_mtp_clip_kornacki_250611_1920x1080-rma9bm.jpg\" alt=\"\"\/><\/picture><\/div>\n<p><h2 class=\"playlist-drawer__title\" data-testid=\"playlist-title\">Steve Kornacki: C\u00f3mo Mikie Sherrill y Jack Ciattarelli ganaron sus primarias gobernadoras de Nueva Jersey<\/h2>\n<p><span class=\"playlist-drawer__duration founders-mono\" data-testid=\"playlist-duration\">05:42<\/span><\/p>\n<\/div>\n<\/li>\n<li class=\"styles_video__WPPDb\">\n<div class=\"playlist-drawer__video\" data-testid=\"playlist-drawer-video\">\n<div class=\"playlist-drawer__thumbnail\"><picture class=\"playlist-drawer__thumbnail\" data-testid=\"picture\"><source media=\"(min-width: 1000px)\" srcset=\"https:\/\/media-cldnry.s-nbcnews.com\/image\/upload\/t_focal-280x140,f_auto,q_auto:best\/mpx\/2704722219\/2025_06\/1749674540430_now_mtp_full_smith_250611_1920x1080-sor9ot.jpg\"\/><source media=\"(min-width: 758px)\" srcset=\"https:\/\/media-cldnry.s-nbcnews.com\/image\/upload\/t_focal-760x380,f_auto,q_auto:best\/mpx\/2704722219\/2025_06\/1749674540430_now_mtp_full_smith_250611_1920x1080-sor9ot.jpg\"\/><source media=\"(min-width: 320px)\" srcset=\"https:\/\/media-cldnry.s-nbcnews.com\/image\/upload\/t_focal-520x260,f_auto,q_auto:best\/mpx\/2704722219\/2025_06\/1749674540430_now_mtp_full_smith_250611_1920x1080-sor9ot.jpg\"\/><img decoding=\"async\" loading=\"lazy\" src=\"https:\/\/media-cldnry.s-nbcnews.com\/image\/upload\/t_focal-520x260,f_auto,q_auto:best\/mpx\/2704722219\/2025_06\/1749674540430_now_mtp_full_smith_250611_1920x1080-sor9ot.jpg\" alt=\"\"\/><\/picture><\/div>\n<p><h2 class=\"playlist-drawer__title\" data-testid=\"playlist-title\">El despliegue militar de Trump es una \u00abescalada peligrosa del poder autoritario\u00bb: la casa dem\u00f3crata<\/h2>\n<p><span class=\"playlist-drawer__duration founders-mono\" data-testid=\"playlist-duration\">08:22<\/span><\/p>\n<\/div>\n<\/li>\n<li class=\"styles_video__WPPDb\">\n<div class=\"playlist-drawer__video\" data-testid=\"playlist-drawer-video\">\n<div class=\"playlist-drawer__thumbnail\"><picture class=\"playlist-drawer__thumbnail\" data-testid=\"picture\"><source media=\"(min-width: 1000px)\" srcset=\"https:\/\/media-cldnry.s-nbcnews.com\/image\/upload\/t_focal-280x140,f_auto,q_auto:best\/mpx\/2704722219\/2025_06\/1749673348586_now_mtp_clip_areporters_250611_1920x1080-pt6u0p.jpg\"\/><source media=\"(min-width: 758px)\" srcset=\"https:\/\/media-cldnry.s-nbcnews.com\/image\/upload\/t_focal-760x380,f_auto,q_auto:best\/mpx\/2704722219\/2025_06\/1749673348586_now_mtp_clip_areporters_250611_1920x1080-pt6u0p.jpg\"\/><source media=\"(min-width: 320px)\" srcset=\"https:\/\/media-cldnry.s-nbcnews.com\/image\/upload\/t_focal-520x260,f_auto,q_auto:best\/mpx\/2704722219\/2025_06\/1749673348586_now_mtp_clip_areporters_250611_1920x1080-pt6u0p.jpg\"\/><img decoding=\"async\" loading=\"lazy\" src=\"https:\/\/media-cldnry.s-nbcnews.com\/image\/upload\/t_focal-520x260,f_auto,q_auto:best\/mpx\/2704722219\/2025_06\/1749673348586_now_mtp_clip_areporters_250611_1920x1080-pt6u0p.jpg\" alt=\"\"\/><\/picture><\/div>\n<p><h2 class=\"playlist-drawer__title\" data-testid=\"playlist-title\">ICE para desplegar unidades t\u00e1cticas en las principales ciudades estadounidenses a medida que las protestas se propagan en todo el pa\u00eds<\/h2>\n<p><span class=\"playlist-drawer__duration founders-mono\" data-testid=\"playlist-duration\">17:03<\/span><\/p>\n<\/div>\n<\/li>\n<li class=\"styles_video__WPPDb\">\n<div class=\"playlist-drawer__video\" data-testid=\"playlist-drawer-video\">\n<div class=\"playlist-drawer__thumbnail\"><picture class=\"playlist-drawer__thumbnail\" data-testid=\"picture\"><source media=\"(min-width: 1000px)\" srcset=\"https:\/\/media-cldnry.s-nbcnews.com\/image\/upload\/t_focal-280x140,f_auto,q_auto:best\/mpx\/2704722219\/2025_06\/1749590686663_now_mtp_trump_bragg_stump_250610_1920x1080-tb1100.jpg\"\/><source media=\"(min-width: 758px)\" srcset=\"https:\/\/media-cldnry.s-nbcnews.com\/image\/upload\/t_focal-760x380,f_auto,q_auto:best\/mpx\/2704722219\/2025_06\/1749590686663_now_mtp_trump_bragg_stump_250610_1920x1080-tb1100.jpg\"\/><source media=\"(min-width: 320px)\" srcset=\"https:\/\/media-cldnry.s-nbcnews.com\/image\/upload\/t_focal-520x260,f_auto,q_auto:best\/mpx\/2704722219\/2025_06\/1749590686663_now_mtp_trump_bragg_stump_250610_1920x1080-tb1100.jpg\"\/><img decoding=\"async\" loading=\"lazy\" src=\"https:\/\/media-cldnry.s-nbcnews.com\/image\/upload\/t_focal-520x260,f_auto,q_auto:best\/mpx\/2704722219\/2025_06\/1749590686663_now_mtp_trump_bragg_stump_250610_1920x1080-tb1100.jpg\" alt=\"\"\/><\/picture><\/div>\n<p><h2 class=\"playlist-drawer__title\" data-testid=\"playlist-title\">Trump se centra en la inmigraci\u00f3n, gastando el proyecto de ley en direcci\u00f3n a las tropas de Fort Bragg<\/h2>\n<p><span class=\"playlist-drawer__duration founders-mono\" data-testid=\"playlist-duration\">02:44<\/span><\/p>\n<\/div>\n<\/li>\n<li class=\"styles_video__WPPDb\">\n<div class=\"playlist-drawer__video\" data-testid=\"playlist-drawer-video\">\n<div class=\"playlist-drawer__thumbnail\"><picture class=\"playlist-drawer__thumbnail\" data-testid=\"picture\"><source media=\"(min-width: 1000px)\" srcset=\"https:\/\/media-cldnry.s-nbcnews.com\/image\/upload\/t_focal-280x140,f_auto,q_auto:best\/mpx\/2704722219\/2025_06\/1749587966101_now_mtp_full_kamlagerdove_250610_1920x1080-nm4qve.jpg\"\/><source media=\"(min-width: 758px)\" srcset=\"https:\/\/media-cldnry.s-nbcnews.com\/image\/upload\/t_focal-760x380,f_auto,q_auto:best\/mpx\/2704722219\/2025_06\/1749587966101_now_mtp_full_kamlagerdove_250610_1920x1080-nm4qve.jpg\"\/><source media=\"(min-width: 320px)\" srcset=\"https:\/\/media-cldnry.s-nbcnews.com\/image\/upload\/t_focal-520x260,f_auto,q_auto:best\/mpx\/2704722219\/2025_06\/1749587966101_now_mtp_full_kamlagerdove_250610_1920x1080-nm4qve.jpg\"\/><img decoding=\"async\" loading=\"lazy\" src=\"https:\/\/media-cldnry.s-nbcnews.com\/image\/upload\/t_focal-520x260,f_auto,q_auto:best\/mpx\/2704722219\/2025_06\/1749587966101_now_mtp_full_kamlagerdove_250610_1920x1080-nm4qve.jpg\" alt=\"\"\/><\/picture><\/div>\n<p><h2 class=\"playlist-drawer__title\" data-testid=\"playlist-title\">Trump est\u00e1 \u00abfabricando este peligroso espect\u00e1culo\u00bb en Los \u00c1ngeles: California. Congresista dem\u00f3crata<\/h2>\n<p><span class=\"playlist-drawer__duration founders-mono\" data-testid=\"playlist-duration\">08:58<\/span><\/p>\n<\/div>\n<\/li>\n<li class=\"styles_video__WPPDb\">\n<div class=\"playlist-drawer__video\" data-testid=\"playlist-drawer-video\">\n<div class=\"playlist-drawer__thumbnail\"><picture class=\"playlist-drawer__thumbnail\" data-testid=\"picture\"><source media=\"(min-width: 1000px)\" srcset=\"https:\/\/media-cldnry.s-nbcnews.com\/image\/upload\/t_focal-280x140,f_auto,q_auto:best\/mpx\/2704722219\/2025_06\/1749587854447_now_mtp_clip_ablk_250610_1920x1080-ae4itn.jpg\"\/><source media=\"(min-width: 758px)\" srcset=\"https:\/\/media-cldnry.s-nbcnews.com\/image\/upload\/t_focal-760x380,f_auto,q_auto:best\/mpx\/2704722219\/2025_06\/1749587854447_now_mtp_clip_ablk_250610_1920x1080-ae4itn.jpg\"\/><source media=\"(min-width: 320px)\" srcset=\"https:\/\/media-cldnry.s-nbcnews.com\/image\/upload\/t_focal-520x260,f_auto,q_auto:best\/mpx\/2704722219\/2025_06\/1749587854447_now_mtp_clip_ablk_250610_1920x1080-ae4itn.jpg\"\/><img decoding=\"async\" loading=\"lazy\" src=\"https:\/\/media-cldnry.s-nbcnews.com\/image\/upload\/t_focal-520x260,f_auto,q_auto:best\/mpx\/2704722219\/2025_06\/1749587854447_now_mtp_clip_ablk_250610_1920x1080-ae4itn.jpg\" alt=\"\"\/><\/picture><\/div>\n<p><h2 class=\"playlist-drawer__title\" data-testid=\"playlist-title\">Trump moviliza a los marines para &#8216;proteger&#8217; y &#8216;transportar&#8217; agentes de hielo en Los \u00c1ngeles<\/h2>\n<p><span class=\"playlist-drawer__duration founders-mono\" data-testid=\"playlist-duration\">13:42<\/span><\/p>\n<\/div>\n<\/li>\n<li class=\"styles_video__WPPDb\">\n<div class=\"playlist-drawer__video\" data-testid=\"playlist-drawer-video\">\n<div class=\"playlist-drawer__thumbnail\"><picture class=\"playlist-drawer__thumbnail\" data-testid=\"picture\"><source media=\"(min-width: 1000px)\" srcset=\"https:\/\/media-cldnry.s-nbcnews.com\/image\/upload\/t_focal-280x140,f_auto,q_auto:best\/mpx\/2704722219\/2025_06\/1749503195190_now_mtp_full_mamdani_250609_1920x1080-ti7k93.jpg\"\/><source media=\"(min-width: 758px)\" srcset=\"https:\/\/media-cldnry.s-nbcnews.com\/image\/upload\/t_focal-760x380,f_auto,q_auto:best\/mpx\/2704722219\/2025_06\/1749503195190_now_mtp_full_mamdani_250609_1920x1080-ti7k93.jpg\"\/><source media=\"(min-width: 320px)\" srcset=\"https:\/\/media-cldnry.s-nbcnews.com\/image\/upload\/t_focal-520x260,f_auto,q_auto:best\/mpx\/2704722219\/2025_06\/1749503195190_now_mtp_full_mamdani_250609_1920x1080-ti7k93.jpg\"\/><img decoding=\"async\" loading=\"lazy\" src=\"https:\/\/media-cldnry.s-nbcnews.com\/image\/upload\/t_focal-520x260,f_auto,q_auto:best\/mpx\/2704722219\/2025_06\/1749503195190_now_mtp_full_mamdani_250609_1920x1080-ti7k93.jpg\" alt=\"\"\/><\/picture><\/div>\n<p><h2 class=\"playlist-drawer__title\" data-testid=\"playlist-title\">Candidato de alcalde de Nueva York: la respuesta de la administraci\u00f3n de Trump a LA Protestas es &#8216;autoritarismo&#8217;<\/h2>\n<p><span class=\"playlist-drawer__duration founders-mono\" data-testid=\"playlist-duration\">06:25<\/span><\/p>\n<\/div>\n<\/li>\n<li class=\"styles_video__WPPDb\">\n<div class=\"playlist-drawer__video\" data-testid=\"playlist-drawer-video\">\n<div class=\"playlist-drawer__thumbnail\"><picture class=\"playlist-drawer__thumbnail\" data-testid=\"picture\"><source media=\"(min-width: 1000px)\" srcset=\"https:\/\/media-cldnry.s-nbcnews.com\/image\/upload\/t_focal-280x140,f_auto,q_auto:best\/mpx\/2704722219\/2025_06\/1749501175989_now_mtp_full_barragan_250609_1920x1080-v60s1u.jpg\"\/><source media=\"(min-width: 758px)\" srcset=\"https:\/\/media-cldnry.s-nbcnews.com\/image\/upload\/t_focal-760x380,f_auto,q_auto:best\/mpx\/2704722219\/2025_06\/1749501175989_now_mtp_full_barragan_250609_1920x1080-v60s1u.jpg\"\/><source media=\"(min-width: 320px)\" srcset=\"https:\/\/media-cldnry.s-nbcnews.com\/image\/upload\/t_focal-520x260,f_auto,q_auto:best\/mpx\/2704722219\/2025_06\/1749501175989_now_mtp_full_barragan_250609_1920x1080-v60s1u.jpg\"\/><img decoding=\"async\" loading=\"lazy\" src=\"https:\/\/media-cldnry.s-nbcnews.com\/image\/upload\/t_focal-520x260,f_auto,q_auto:best\/mpx\/2704722219\/2025_06\/1749501175989_now_mtp_full_barragan_250609_1920x1080-v60s1u.jpg\" alt=\"\"\/><\/picture><\/div>\n<p><h2 class=\"playlist-drawer__title\" data-testid=\"playlist-title\">Calif. Congresista dem\u00f3crata: \u00abNo hay necesidad de los marines\u00bb en Los \u00c1ngeles<\/h2>\n<p><span class=\"playlist-drawer__duration founders-mono\" data-testid=\"playlist-duration\">09:56<\/span><\/p>\n<\/div>\n<\/li>\n<li class=\"styles_video__WPPDb\">\n<div class=\"playlist-drawer__video\" data-testid=\"playlist-drawer-video\">\n<div class=\"playlist-drawer__thumbnail\"><picture class=\"playlist-drawer__thumbnail\" data-testid=\"picture\"><source media=\"(min-width: 1000px)\" srcset=\"https:\/\/media-cldnry.s-nbcnews.com\/image\/upload\/t_focal-280x140,f_auto,q_auto:best\/mpx\/2704722219\/2025_06\/1749500767085_now_mtp_clip_ablk_250609_1920x1080-c08jwu.jpg\"\/><source media=\"(min-width: 758px)\" srcset=\"https:\/\/media-cldnry.s-nbcnews.com\/image\/upload\/t_focal-760x380,f_auto,q_auto:best\/mpx\/2704722219\/2025_06\/1749500767085_now_mtp_clip_ablk_250609_1920x1080-c08jwu.jpg\"\/><source media=\"(min-width: 320px)\" srcset=\"https:\/\/media-cldnry.s-nbcnews.com\/image\/upload\/t_focal-520x260,f_auto,q_auto:best\/mpx\/2704722219\/2025_06\/1749500767085_now_mtp_clip_ablk_250609_1920x1080-c08jwu.jpg\"\/><img decoding=\"async\" loading=\"lazy\" src=\"https:\/\/media-cldnry.s-nbcnews.com\/image\/upload\/t_focal-520x260,f_auto,q_auto:best\/mpx\/2704722219\/2025_06\/1749500767085_now_mtp_clip_ablk_250609_1920x1080-c08jwu.jpg\" alt=\"\"\/><\/picture><\/div>\n<p><h2 class=\"playlist-drawer__title\" data-testid=\"playlist-title\">Los marines se movilizaron para apoyar a la Guardia Nacional en Los \u00c1ngeles, dicen los funcionarios de defensa<\/h2>\n<p><span class=\"playlist-drawer__duration founders-mono\" data-testid=\"playlist-duration\">20:05<\/span><\/p>\n<\/div>\n<\/li>\n<li class=\"styles_video__WPPDb\">\n<div class=\"playlist-drawer__video\" data-testid=\"playlist-drawer-video\">\n<div class=\"playlist-drawer__thumbnail\"><picture class=\"playlist-drawer__thumbnail\" data-testid=\"picture\"><source media=\"(min-width: 1000px)\" srcset=\"https:\/\/media-cldnry.s-nbcnews.com\/image\/upload\/t_focal-280x140,f_auto,q_auto:best\/mpx\/2704722219\/2025_06\/1749405065626_mtp_clip_munnshow_250608_1920x1080-lcxovu.jpg\"\/><source media=\"(min-width: 758px)\" srcset=\"https:\/\/media-cldnry.s-nbcnews.com\/image\/upload\/t_focal-760x380,f_auto,q_auto:best\/mpx\/2704722219\/2025_06\/1749405065626_mtp_clip_munnshow_250608_1920x1080-lcxovu.jpg\"\/><source media=\"(min-width: 320px)\" srcset=\"https:\/\/media-cldnry.s-nbcnews.com\/image\/upload\/t_focal-520x260,f_auto,q_auto:best\/mpx\/2704722219\/2025_06\/1749405065626_mtp_clip_munnshow_250608_1920x1080-lcxovu.jpg\"\/><img decoding=\"async\" loading=\"lazy\" src=\"https:\/\/media-cldnry.s-nbcnews.com\/image\/upload\/t_focal-520x260,f_auto,q_auto:best\/mpx\/2704722219\/2025_06\/1749405065626_mtp_clip_munnshow_250608_1920x1080-lcxovu.jpg\" alt=\"\"\/><\/picture><\/div>\n<p><h2 class=\"playlist-drawer__title\" data-testid=\"playlist-title\">Olivia Munn dice que \u00ablas mujeres deben ser una prioridad\u00bb en el acceso a la atenci\u00f3n m\u00e9dica<\/h2>\n<p><span class=\"playlist-drawer__duration founders-mono\" data-testid=\"playlist-duration\">10:59<\/span><\/p>\n<\/div>\n<\/li>\n<li class=\"styles_video__WPPDb\">\n<div class=\"playlist-drawer__video\" data-testid=\"playlist-drawer-video\">\n<div class=\"playlist-drawer__thumbnail\"><picture class=\"playlist-drawer__thumbnail\" data-testid=\"picture\"><source media=\"(min-width: 1000px)\" srcset=\"https:\/\/media-cldnry.s-nbcnews.com\/image\/upload\/t_focal-280x140,f_auto,q_auto:best\/mpx\/2704722219\/2025_06\/MTP07_MTM_WELKER_OLIVIAMUNN_FULL-CC_QC_frame_4418-4c5o0b-p4n5qy.jpg\"\/><source media=\"(min-width: 758px)\" srcset=\"https:\/\/media-cldnry.s-nbcnews.com\/image\/upload\/t_focal-760x380,f_auto,q_auto:best\/mpx\/2704722219\/2025_06\/MTP07_MTM_WELKER_OLIVIAMUNN_FULL-CC_QC_frame_4418-4c5o0b-p4n5qy.jpg\"\/><source media=\"(min-width: 320px)\" srcset=\"https:\/\/media-cldnry.s-nbcnews.com\/image\/upload\/t_focal-520x260,f_auto,q_auto:best\/mpx\/2704722219\/2025_06\/MTP07_MTM_WELKER_OLIVIAMUNN_FULL-CC_QC_frame_4418-4c5o0b-p4n5qy.jpg\"\/><img decoding=\"async\" loading=\"lazy\" src=\"https:\/\/media-cldnry.s-nbcnews.com\/image\/upload\/t_focal-520x260,f_auto,q_auto:best\/mpx\/2704722219\/2025_06\/MTP07_MTM_WELKER_OLIVIAMUNN_FULL-CC_QC_frame_4418-4c5o0b-p4n5qy.jpg\" alt=\"\"\/><\/picture><\/div>\n<p><h2 class=\"playlist-drawer__title\" data-testid=\"playlist-title\">Olivia Munn sobre el c\u00e1ncer de seno sobreviviente y ayudando a salvar la vida de otras mujeres: entrevista completa<\/h2>\n<p><span class=\"playlist-drawer__duration founders-mono\" data-testid=\"playlist-duration\">57:05<\/span><\/p>\n<\/div>\n<\/li>\n<li class=\"styles_video__WPPDb\">\n<div class=\"playlist-drawer__video\" data-testid=\"playlist-drawer-video\">\n<div class=\"playlist-drawer__thumbnail\"><picture class=\"playlist-drawer__thumbnail\" data-testid=\"picture\"><source media=\"(min-width: 1000px)\" srcset=\"https:\/\/media-cldnry.s-nbcnews.com\/image\/upload\/t_focal-280x140,f_auto,q_auto:best\/mpx\/2704722219\/2025_06\/1749390616996_mtp_full_booker_250608_1920x1080-1pa9zo.jpg\"\/><source media=\"(min-width: 758px)\" srcset=\"https:\/\/media-cldnry.s-nbcnews.com\/image\/upload\/t_focal-760x380,f_auto,q_auto:best\/mpx\/2704722219\/2025_06\/1749390616996_mtp_full_booker_250608_1920x1080-1pa9zo.jpg\"\/><source media=\"(min-width: 320px)\" srcset=\"https:\/\/media-cldnry.s-nbcnews.com\/image\/upload\/t_focal-520x260,f_auto,q_auto:best\/mpx\/2704722219\/2025_06\/1749390616996_mtp_full_booker_250608_1920x1080-1pa9zo.jpg\"\/><img decoding=\"async\" loading=\"lazy\" src=\"https:\/\/media-cldnry.s-nbcnews.com\/image\/upload\/t_focal-520x260,f_auto,q_auto:best\/mpx\/2704722219\/2025_06\/1749390616996_mtp_full_booker_250608_1920x1080-1pa9zo.jpg\" alt=\"\"\/><\/picture><\/div>\n<p><h2 class=\"playlist-drawer__title\" data-testid=\"playlist-title\">Cory Booker dice que \u00abAbrego Garc\u00eda ha vuelto\u00bb, pero hay m\u00e1s en espera del debido proceso: entrevista completa<\/h2>\n<p><span class=\"playlist-drawer__duration founders-mono\" data-testid=\"playlist-duration\">09:30<\/span><\/p>\n<\/div>\n<\/li>\n<li class=\"styles_video__WPPDb\">\n<div class=\"playlist-drawer__video\" data-testid=\"playlist-drawer-video\">\n<div class=\"playlist-drawer__thumbnail\"><picture class=\"playlist-drawer__thumbnail\" data-testid=\"picture\"><source media=\"(min-width: 1000px)\" srcset=\"https:\/\/media-cldnry.s-nbcnews.com\/image\/upload\/t_focal-280x140,f_auto,q_auto:best\/mpx\/2704722219\/2025_06\/1749390413984_mtp_full_lankford_250608_1920x1080-amz2df.jpg\"\/><source media=\"(min-width: 758px)\" srcset=\"https:\/\/media-cldnry.s-nbcnews.com\/image\/upload\/t_focal-760x380,f_auto,q_auto:best\/mpx\/2704722219\/2025_06\/1749390413984_mtp_full_lankford_250608_1920x1080-amz2df.jpg\"\/><source media=\"(min-width: 320px)\" srcset=\"https:\/\/media-cldnry.s-nbcnews.com\/image\/upload\/t_focal-520x260,f_auto,q_auto:best\/mpx\/2704722219\/2025_06\/1749390413984_mtp_full_lankford_250608_1920x1080-amz2df.jpg\"\/><img decoding=\"async\" loading=\"lazy\" src=\"https:\/\/media-cldnry.s-nbcnews.com\/image\/upload\/t_focal-520x260,f_auto,q_auto:best\/mpx\/2704722219\/2025_06\/1749390413984_mtp_full_lankford_250608_1920x1080-amz2df.jpg\" alt=\"\"\/><\/picture><\/div>\n<p><h2 class=\"playlist-drawer__title\" data-testid=\"playlist-title\">El senador Lankford dice que Trump est\u00e1 \u00abtratando de escalar\u00bb en federalizaci\u00f3n de la Guardia Nacional: entrevista completa<\/h2>\n<p><span class=\"playlist-drawer__duration founders-mono\" data-testid=\"playlist-duration\">10:15<\/span><\/p>\n<\/div>\n<\/li>\n<\/ul>\n<\/section>\n<\/div>\n<p><button class=\"styles_nextButton__vNvjX\" type=\"button\" data-testid=\"next-button\"><span class=\"icon icon-back\"\/><\/button><\/div>\n<\/div>\n<div class=\"layout-grid-container\">\n<div class=\"video-details__info\" data-testid=\"video-details\">\n<p><h2 data-testid=\"unibrow-container\" class=\"unibrow articleTitleSection video-details__category\"><span data-testid=\"unibrow-text\">Conocer a la prensa<\/span><\/h2>\n<\/p>\n<div class=\"video-details__title-and-share-and-dek\">\n<div class=\"video-details__dek\">\n<p class=\"video-details__dek-text\"><span class=\"video-details__dek-description\">El analista de datos de NBC News, Steve Kornacki, analiza una nueva encuesta de la mesa de decisiones de NBC News que muestra el \u00edndice de aprobaci\u00f3n de segundo per\u00edodo del presidente Donald Trump en un 45%, aunque la mayor\u00eda respalda su manejo de la inmigraci\u00f3n y la frontera.<\/span><span class=\"video-details__by-line\">15 de junio de 2025<\/span><\/p>\n<\/div>\n<p><button class=\"video-details__dek-read-more\" type=\"button\">Leer<!-- --> <!-- -->M\u00e1s<\/button><\/div>\n<\/div>\n<\/div>\n<\/div>\n<div class=\"video-page__carousel\" data-testid=\"video-page-playlist\"><button class=\"styles_prevButton___kn9P styles_disabled__TOBLY\" type=\"button\" data-testid=\"prev-button\"><span class=\"icon icon-back\"\/><\/button><\/p>\n<div class=\"styles_playlistDrawer__ttvMO\" data-testid=\"playlist-drawer\">\n<section class=\"styles_playlist__AdfYR\">\n<ul class=\"styles_videos__IxbCG\">\n<li class=\"styles_video__WPPDb\">\n<div class=\"playlist-drawer__video\" data-testid=\"playlist-drawer-video\">\n<div class=\"playlist-drawer__thumbnail\"><picture class=\"playlist-drawer__thumbnail\" data-testid=\"picture\"><source media=\"(min-width: 1000px)\" srcset=\"https:\/\/media-cldnry.s-nbcnews.com\/image\/upload\/t_focal-280x140,f_auto,q_auto:best\/mpx\/2704722219\/2025_06\/1749846481300_now_mtp_clip_israel_250613_1920x1080-pryix3.jpg\"\/><source media=\"(min-width: 758px)\" srcset=\"https:\/\/media-cldnry.s-nbcnews.com\/image\/upload\/t_focal-760x380,f_auto,q_auto:best\/mpx\/2704722219\/2025_06\/1749846481300_now_mtp_clip_israel_250613_1920x1080-pryix3.jpg\"\/><source media=\"(min-width: 320px)\" srcset=\"https:\/\/media-cldnry.s-nbcnews.com\/image\/upload\/t_focal-520x260,f_auto,q_auto:best\/mpx\/2704722219\/2025_06\/1749846481300_now_mtp_clip_israel_250613_1920x1080-pryix3.jpg\"\/><img decoding=\"async\" loading=\"lazy\" src=\"https:\/\/media-cldnry.s-nbcnews.com\/image\/upload\/t_focal-520x260,f_auto,q_auto:best\/mpx\/2704722219\/2025_06\/1749846481300_now_mtp_clip_israel_250613_1920x1080-pryix3.jpg\" alt=\"\"\/><\/picture><\/div>\n<p><h2 class=\"playlist-drawer__title\" data-testid=\"playlist-title\">Ir\u00e1n &#8216;gravemente da\u00f1ado&#8217; lanza huelgas de represalia contra Israel<\/h2>\n<p><span class=\"playlist-drawer__duration founders-mono\" data-testid=\"playlist-duration\">22:46<\/span><\/p>\n<\/div>\n<\/li>\n<li class=\"styles_video__WPPDb\">\n<div class=\"playlist-drawer__video\" data-testid=\"playlist-drawer-video\">\n<div class=\"playlist-drawer__thumbnail\"><picture class=\"playlist-drawer__thumbnail\" data-testid=\"picture\"><source media=\"(min-width: 1000px)\" srcset=\"https:\/\/media-cldnry.s-nbcnews.com\/image\/upload\/t_focal-280x140,f_auto,q_auto:best\/mpx\/2704722219\/2025_06\/1749848240701_now_mtp_full_mciver_250613_1920x1080-oqq6dp.jpg\"\/><source media=\"(min-width: 758px)\" srcset=\"https:\/\/media-cldnry.s-nbcnews.com\/image\/upload\/t_focal-760x380,f_auto,q_auto:best\/mpx\/2704722219\/2025_06\/1749848240701_now_mtp_full_mciver_250613_1920x1080-oqq6dp.jpg\"\/><source media=\"(min-width: 320px)\" srcset=\"https:\/\/media-cldnry.s-nbcnews.com\/image\/upload\/t_focal-520x260,f_auto,q_auto:best\/mpx\/2704722219\/2025_06\/1749848240701_now_mtp_full_mciver_250613_1920x1080-oqq6dp.jpg\"\/><img decoding=\"async\" loading=\"lazy\" src=\"https:\/\/media-cldnry.s-nbcnews.com\/image\/upload\/t_focal-520x260,f_auto,q_auto:best\/mpx\/2704722219\/2025_06\/1749848240701_now_mtp_full_mciver_250613_1920x1080-oqq6dp.jpg\" alt=\"\"\/><\/picture><\/div>\n<p><h2 class=\"playlist-drawer__title\" data-testid=\"playlist-title\">&#8216;Rid\u00edculo&#8217;: el dem\u00f3crata de la C\u00e1mara de Representantes reacciona a ser acusado por X por el abogado designado por Trump<\/h2>\n<p><span class=\"playlist-drawer__duration founders-mono\" data-testid=\"playlist-duration\">08:36<\/span><\/p>\n<\/div>\n<\/li>\n<li class=\"styles_video__WPPDb\">\n<div class=\"playlist-drawer__video\" data-testid=\"playlist-drawer-video\">\n<div class=\"playlist-drawer__thumbnail\"><picture class=\"playlist-drawer__thumbnail\" data-testid=\"picture\"><source media=\"(min-width: 1000px)\" srcset=\"https:\/\/media-cldnry.s-nbcnews.com\/image\/upload\/t_focal-280x140,f_auto,q_auto:best\/mpx\/2704722219\/2025_06\/1749993293684_mtp_full_klobuchar_250615_1920x1080-an0xdt.jpg\"\/><source media=\"(min-width: 758px)\" srcset=\"https:\/\/media-cldnry.s-nbcnews.com\/image\/upload\/t_focal-760x380,f_auto,q_auto:best\/mpx\/2704722219\/2025_06\/1749993293684_mtp_full_klobuchar_250615_1920x1080-an0xdt.jpg\"\/><source media=\"(min-width: 320px)\" srcset=\"https:\/\/media-cldnry.s-nbcnews.com\/image\/upload\/t_focal-520x260,f_auto,q_auto:best\/mpx\/2704722219\/2025_06\/1749993293684_mtp_full_klobuchar_250615_1920x1080-an0xdt.jpg\"\/><img decoding=\"async\" loading=\"lazy\" src=\"https:\/\/media-cldnry.s-nbcnews.com\/image\/upload\/t_focal-520x260,f_auto,q_auto:best\/mpx\/2704722219\/2025_06\/1749993293684_mtp_full_klobuchar_250615_1920x1080-an0xdt.jpg\" alt=\"\"\/><\/picture><\/div>\n<p><h2 class=\"playlist-drawer__title\" data-testid=\"playlist-title\">Es. Amy Klobuchar recuerda la representaci\u00f3n de Minnesota asesinada Melissa Hortman: entrevista completa<\/h2>\n<p><span class=\"playlist-drawer__duration founders-mono\" data-testid=\"playlist-duration\">09:31<\/span><\/p>\n<\/div>\n<\/li>\n<li class=\"styles_video__WPPDb\">\n<div class=\"playlist-drawer__video\" data-testid=\"playlist-drawer-video\">\n<div class=\"playlist-drawer__thumbnail\">\n<p>Ahora jugando<\/p>\n<picture class=\"playlist-drawer__thumbnail\" data-testid=\"picture\"><source media=\"(min-width: 1000px)\" srcset=\"https:\/\/media-cldnry.s-nbcnews.com\/image\/upload\/t_focal-280x140,f_auto,q_auto:best\/mpx\/2704722219\/2025_06\/1749992783015_mtp_clip_kornacki_250615_1920x1080-dro9a2.jpg\"\/><source media=\"(min-width: 758px)\" srcset=\"https:\/\/media-cldnry.s-nbcnews.com\/image\/upload\/t_focal-760x380,f_auto,q_auto:best\/mpx\/2704722219\/2025_06\/1749992783015_mtp_clip_kornacki_250615_1920x1080-dro9a2.jpg\"\/><source media=\"(min-width: 320px)\" srcset=\"https:\/\/media-cldnry.s-nbcnews.com\/image\/upload\/t_focal-520x260,f_auto,q_auto:best\/mpx\/2704722219\/2025_06\/1749992783015_mtp_clip_kornacki_250615_1920x1080-dro9a2.jpg\"\/><img decoding=\"async\" loading=\"lazy\" src=\"https:\/\/media-cldnry.s-nbcnews.com\/image\/upload\/t_focal-520x260,f_auto,q_auto:best\/mpx\/2704722219\/2025_06\/1749992783015_mtp_clip_kornacki_250615_1920x1080-dro9a2.jpg\" alt=\"\"\/><\/picture><\/div>\n<p><h2 class=\"playlist-drawer__title\" data-testid=\"playlist-title\">Steve Kornacki: una nueva encuesta muestra la aprobaci\u00f3n de Trump bajo el agua debido a las bajas calificaciones en la econom\u00eda<\/h2>\n<p><span class=\"playlist-drawer__duration founders-mono\" data-testid=\"playlist-duration\">02:48<\/span><\/p>\n<\/div>\n<\/li>\n<li class=\"styles_video__WPPDb\">\n<div class=\"playlist-drawer__video\" data-testid=\"playlist-drawer-video\">\n<p>A continuaci\u00f3n<\/p>\n<div class=\"playlist-drawer__thumbnail\"><picture class=\"playlist-drawer__thumbnail\" data-testid=\"picture\"><source media=\"(min-width: 1000px)\" srcset=\"https:\/\/media-cldnry.s-nbcnews.com\/image\/upload\/t_focal-280x140,f_auto,q_auto:best\/mpx\/2704722219\/2025_06\/1749761939300_now_mtp_full_lieu_250612_1920x1080-a9lh01.jpg\"\/><source media=\"(min-width: 758px)\" srcset=\"https:\/\/media-cldnry.s-nbcnews.com\/image\/upload\/t_focal-760x380,f_auto,q_auto:best\/mpx\/2704722219\/2025_06\/1749761939300_now_mtp_full_lieu_250612_1920x1080-a9lh01.jpg\"\/><source media=\"(min-width: 320px)\" srcset=\"https:\/\/media-cldnry.s-nbcnews.com\/image\/upload\/t_focal-520x260,f_auto,q_auto:best\/mpx\/2704722219\/2025_06\/1749761939300_now_mtp_full_lieu_250612_1920x1080-a9lh01.jpg\"\/><img decoding=\"async\" loading=\"lazy\" src=\"https:\/\/media-cldnry.s-nbcnews.com\/image\/upload\/t_focal-520x260,f_auto,q_auto:best\/mpx\/2704722219\/2025_06\/1749761939300_now_mtp_full_lieu_250612_1920x1080-a9lh01.jpg\" alt=\"\"\/><\/picture><\/div>\n<p><h2 class=\"playlist-drawer__title\" data-testid=\"playlist-title\">El senador Padilla elimin\u00f3 por la fuerza &#8216;porque se atrevi\u00f3 a hacer preguntas a la Sec. Noem &#8216;: Calif. Dem Lawmaker<\/h2>\n<p><span class=\"playlist-drawer__duration founders-mono\" data-testid=\"playlist-duration\">08:05<\/span><\/p>\n<\/div>\n<\/li>\n<li class=\"styles_video__WPPDb\">\n<div class=\"playlist-drawer__video\" data-testid=\"playlist-drawer-video\">\n<div class=\"playlist-drawer__thumbnail\"><picture class=\"playlist-drawer__thumbnail\" data-testid=\"picture\"><source media=\"(min-width: 1000px)\" srcset=\"https:\/\/media-cldnry.s-nbcnews.com\/image\/upload\/t_focal-280x140,f_auto,q_auto:best\/mpx\/2704722219\/2025_06\/1749760850356_now_mtp_clip_zanona_250612_1920x1080-rcp6cs.jpg\"\/><source media=\"(min-width: 758px)\" srcset=\"https:\/\/media-cldnry.s-nbcnews.com\/image\/upload\/t_focal-760x380,f_auto,q_auto:best\/mpx\/2704722219\/2025_06\/1749760850356_now_mtp_clip_zanona_250612_1920x1080-rcp6cs.jpg\"\/><source media=\"(min-width: 320px)\" srcset=\"https:\/\/media-cldnry.s-nbcnews.com\/image\/upload\/t_focal-520x260,f_auto,q_auto:best\/mpx\/2704722219\/2025_06\/1749760850356_now_mtp_clip_zanona_250612_1920x1080-rcp6cs.jpg\"\/><img decoding=\"async\" loading=\"lazy\" src=\"https:\/\/media-cldnry.s-nbcnews.com\/image\/upload\/t_focal-520x260,f_auto,q_auto:best\/mpx\/2704722219\/2025_06\/1749760850356_now_mtp_clip_zanona_250612_1920x1080-rcp6cs.jpg\" alt=\"\"\/><\/picture><\/div>\n<p><h2 class=\"playlist-drawer__title\" data-testid=\"playlist-title\">Los gobernadores dem\u00f3cratas van a &#8216;cara a cara&#8217; con el Partido Republicano de la C\u00e1mara de Representantes sobre las pol\u00edticas de inmigraci\u00f3n de la administraci\u00f3n Trump<\/h2>\n<p><span class=\"playlist-drawer__duration founders-mono\" data-testid=\"playlist-duration\">07:12<\/span><\/p>\n<\/div>\n<\/li>\n<\/ul>\n<\/section>\n<\/div>\n<p><button class=\"styles_nextButton__vNvjX\" type=\"button\" data-testid=\"next-button\"><span class=\"icon icon-back\"\/><\/button><\/div>\n<\/div>\n<\/div>\n<\/div>\n\n","protected":false},"excerpt":{"rendered":"<p>IE 11 no es compatible. Para una experiencia \u00f3ptima, visite nuestro sitio en otro navegador. Ir\u00e1n &#8216;gravemente da\u00f1ado&#8217; lanza huelgas de represalia contra Israel 22:46 &#8216;Rid\u00edculo&#8217;: el dem\u00f3crata de la C\u00e1mara de Representantes reacciona a ser acusado por X por el abogado designado por Trump 08:36 Es. Amy Klobuchar recuerda la representaci\u00f3n de Minnesota asesinada &hellip;<\/p>\n","protected":false},"author":1,"featured_media":31778,"comment_status":"open","ping_status":"open","sticky":false,"template":"","format":"standard","meta":{"fifu_image_url":"https:\/\/media-cldnry.s-nbcnews.com\/image\/upload\/t_nbcnews-fp-1200-630,f_auto,q_auto:best\/mpx\/2704722219\/2025_06\/1749992783015_mtp_clip_kornacki_250615_1920x1080-dro9a2.jpg","fifu_image_alt":"","footnotes":""},"categories":[4],"tags":[],"class_list":["post-31776","post","type-post","status-publish","format-standard","has-post-thumbnail","","category-historias-destacadas"],"_links":{"self":[{"href":"https:\/\/noticiasveraces.com\/index.php?rest_route=\/wp\/v2\/posts\/31776","targetHints":{"allow":["GET"]}}],"collection":[{"href":"https:\/\/noticiasveraces.com\/index.php?rest_route=\/wp\/v2\/posts"}],"about":[{"href":"https:\/\/noticiasveraces.com\/index.php?rest_route=\/wp\/v2\/types\/post"}],"author":[{"embeddable":true,"href":"https:\/\/noticiasveraces.com\/index.php?rest_route=\/wp\/v2\/users\/1"}],"replies":[{"embeddable":true,"href":"https:\/\/noticiasveraces.com\/index.php?rest_route=%2Fwp%2Fv2%2Fcomments&post=31776"}],"version-history":[{"count":0,"href":"https:\/\/noticiasveraces.com\/index.php?rest_route=\/wp\/v2\/posts\/31776\/revisions"}],"wp:featuredmedia":[{"embeddable":true,"href":"https:\/\/noticiasveraces.com\/index.php?rest_route=\/wp\/v2\/media\/31778"}],"wp:attachment":[{"href":"https:\/\/noticiasveraces.com\/index.php?rest_route=%2Fwp%2Fv2%2Fmedia&parent=31776"}],"wp:term":[{"taxonomy":"category","embeddable":true,"href":"https:\/\/noticiasveraces.com\/index.php?rest_route=%2Fwp%2Fv2%2Fcategories&post=31776"},{"taxonomy":"post_tag","embeddable":true,"href":"https:\/\/noticiasveraces.com\/index.php?rest_route=%2Fwp%2Fv2%2Ftags&post=31776"}],"curies":[{"name":"wp","href":"https:\/\/api.w.org\/{rel}","templated":true}]}}