{"id":31774,"date":"2025-06-15T09:17:30","date_gmt":"2025-06-15T13:17:30","guid":{"rendered":"https:\/\/noticiasveraces.com\/?p=31774"},"modified":"2025-06-15T09:17:30","modified_gmt":"2025-06-15T13:17:30","slug":"alemania-celebra-hoy-por-primera-vez-el-dia-de-los-veteranos-dw-15-06-2025","status":"publish","type":"post","link":"https:\/\/noticiasveraces.com\/?p=31774","title":{"rendered":"Alemania celebra hoy por primera vez el D\u00eda de los Veteranos \u2013 DW \u2013 15\/06\/2025"},"content":{"rendered":"<p> \n<\/p>\n<div>\n<p>La presidenta del Bundestag, Julia Kl\u00f6ckner (CDU), inaugur\u00f3 el primer D\u00eda de los Veteranos en Alemania este domingo (15.06.2025) en Berl\u00edn. \u00abHoy es un d\u00eda especial, una primicia para nuestro pa\u00eds\u00bb, declar\u00f3 Kl\u00f6ckner en la ceremonia central en torno al edificio del Parlamento. El D\u00eda de los Veteranos se celebra por primera vez, con 130 eventos en todo el pa\u00eds, para honrar el servicio de los aproximadamente diez millones de soldados, entre retirados y en activo, que sirven al pa\u00eds.<\/p>\n<p>\u00abYa era hora de dar este paso\u00bb, declar\u00f3 Kl\u00f6ckner: \u00abPorque este d\u00eda crea algo que ha estado ausente durante mucho tiempo: visibilidad p\u00fablica, reconocimiento y respeto para todos aquellos que han servido en las fuerzas armadas de nuestro pa\u00eds\u00bb. Tambi\u00e9n a sus familias, parejas e hijos: \u00abTodos resistieron, sufrieron con nosotros y merecen que tambi\u00e9n nos centremos en ellos hoy\u00bb.<\/p>\n<h2>Un Ej\u00e9rcito parlamentario<\/h2>\n<p>La Bundeswehr es un Ej\u00e9rcito parlamentario, enfatiz\u00f3 la presidenta del Bundestag: \u00abY es precisamente por eso que nosotros, como parlamentarios, tenemos una responsabilidad especial. Por eso honramos hoy a las personas que estuvieron dispuestas a servir a este pa\u00eds y a nuestros valores fundamentales compartidos\u00bb. ara muchos, el servicio fue exigente, incluso demasiado: \u00abY algunos tienen heridas, visibles o invisibles\u00bb. Necesitan ayuda, fiable y sin burocracia, dijo.<\/p>\n<p>El ministro federal de Defensa, Boris Pistorius (SPD), declar\u00f3 ayer al Rhenische Post: \u00abDurante los \u00faltimos dos a\u00f1os y medio he sido testigo directo del alto nivel de profesionalismo de nuestras tropas: durante ejercicios en el pa\u00eds y en el extranjero, en carros de combate o Eurofighters, en el flanco oriental de Lituania, pero tambi\u00e9n cuando la Bundeswehr evacu\u00f3 a ciudadanos de Sud\u00e1n\u00bb.<\/p>\n<p>El ministro enfatiz\u00f3 que las exigencias a los soldados incluso aumentar\u00e1n en el futuro. \u00abLa situaci\u00f3n de amenaza se ha intensificado en los \u00faltimos a\u00f1os. Debemos dejar claro: podemos defender a nuestro pa\u00eds y a la alianza si fuera atacada\u00bb. El canciller Friedrich Merz (CDU) escribi\u00f3 en la plataforma X que la Bundeswehr es parte integral de la sociedad. Las mujeres y los hombres que sirvieron o han servido en ella merecen gratitud, reconocimiento y respeto.<\/p>\n<p><span data-slot-id=\"Article_InContent-1\" class=\"rich-text-ad\"\/><\/p>\n<h2>\u00abHeridos: el legado de la guerra\u00bb<\/h2>\n<p>El a\u00f1o pasado, el Bundestag vot\u00f3 por amplia mayor\u00eda a favor de establecer el D\u00eda de los Veteranos el 15 de junio. Su objetivo es expresar gratitud y aprecio por los soldados. Para conmemorar la ocasi\u00f3n, se presentar\u00e1 en el edificio del Reichstag la exposici\u00f3n fotogr\u00e1fica \u00abHeridos: el legado de la guerra\u00bb, del fot\u00f3grafo y m\u00fasico Bryan Adams.<\/p>\n<p>Partidos y asociaciones aprovecharon la jornada para debatir sobre el servicio militar obligatorio y la importancia del Ej\u00e9rcito en la sociedad. La experta en defensa del Partido Verde, Sara Nanni, pidi\u00f3 un enfoque m\u00e1s abierto a las experiencias de los soldados. \u00abEl D\u00eda de los Veteranos debe presentar una imagen honesta, no edulcorada, del servicio en la Bundeswehr\u00bb, declar\u00f3 a Funke Media Group. Existe una gran incomprensi\u00f3n en cuanto al reconocimiento de las discapacidades de salud y los trastornos de estr\u00e9s postraum\u00e1tico.<\/p>\n<p>La Sociedad Alemana para la Paz, por su parte, pidi\u00f3 la abolici\u00f3n del d\u00eda conmemorativo. El director pol\u00edtico, Michael Schulze von Gla\u00dfer, declar\u00f3 a Redaktionsnetzwerk Deutschland: \u00abEn lugar de celebrar a los soldados cuyo trabajo es matar personas en una emergencia, deber\u00edamos celebrar a los ayudantes civiles, como las enfermeras o los trabajadores de socorro, que salvan vidas\u00bb. Adem\u00e1s, dijo que esta celebraci\u00f3n \u00abconecta con antiguas tradiciones militares alemanas que anteriormente han sumido al mundo en el desastre\u00bb. \u00abEl D\u00eda de los Veteranos es puro militarismo\u00bb, concluy\u00f3.<\/p>\n<p>LGC (EPD, KNA)<\/p>\n<\/div>\n\n","protected":false},"excerpt":{"rendered":"<p>La presidenta del Bundestag, Julia Kl\u00f6ckner (CDU), inaugur\u00f3 el primer D\u00eda de los Veteranos en Alemania este domingo (15.06.2025) en Berl\u00edn. \u00abHoy es un d\u00eda especial, una primicia para nuestro pa\u00eds\u00bb, declar\u00f3 Kl\u00f6ckner en la ceremonia central en torno al edificio del Parlamento. El D\u00eda de los Veteranos se celebra por primera vez, con 130 &hellip;<\/p>\n","protected":false},"author":1,"featured_media":31775,"comment_status":"open","ping_status":"open","sticky":false,"template":"","format":"standard","meta":{"fifu_image_url":"https:\/\/static.dw.com\/image\/72917125_6.jpg","fifu_image_alt":"","footnotes":""},"categories":[13],"tags":[],"class_list":["post-31774","post","type-post","status-publish","format-standard","has-post-thumbnail","","category-mundo"],"_links":{"self":[{"href":"https:\/\/noticiasveraces.com\/index.php?rest_route=\/wp\/v2\/posts\/31774","targetHints":{"allow":["GET"]}}],"collection":[{"href":"https:\/\/noticiasveraces.com\/index.php?rest_route=\/wp\/v2\/posts"}],"about":[{"href":"https:\/\/noticiasveraces.com\/index.php?rest_route=\/wp\/v2\/types\/post"}],"author":[{"embeddable":true,"href":"https:\/\/noticiasveraces.com\/index.php?rest_route=\/wp\/v2\/users\/1"}],"replies":[{"embeddable":true,"href":"https:\/\/noticiasveraces.com\/index.php?rest_route=%2Fwp%2Fv2%2Fcomments&post=31774"}],"version-history":[{"count":0,"href":"https:\/\/noticiasveraces.com\/index.php?rest_route=\/wp\/v2\/posts\/31774\/revisions"}],"wp:featuredmedia":[{"embeddable":true,"href":"https:\/\/noticiasveraces.com\/index.php?rest_route=\/wp\/v2\/media\/31775"}],"wp:attachment":[{"href":"https:\/\/noticiasveraces.com\/index.php?rest_route=%2Fwp%2Fv2%2Fmedia&parent=31774"}],"wp:term":[{"taxonomy":"category","embeddable":true,"href":"https:\/\/noticiasveraces.com\/index.php?rest_route=%2Fwp%2Fv2%2Fcategories&post=31774"},{"taxonomy":"post_tag","embeddable":true,"href":"https:\/\/noticiasveraces.com\/index.php?rest_route=%2Fwp%2Fv2%2Ftags&post=31774"}],"curies":[{"name":"wp","href":"https:\/\/api.w.org\/{rel}","templated":true}]}}