{"id":31762,"date":"2025-06-15T07:14:50","date_gmt":"2025-06-15T11:14:50","guid":{"rendered":"https:\/\/noticiasveraces.com\/?p=31762"},"modified":"2025-06-15T07:14:50","modified_gmt":"2025-06-15T11:14:50","slug":"francia-retira-la-legion-de-honor-a-nicolas-sarkozy-dw-15-06-2025","status":"publish","type":"post","link":"https:\/\/noticiasveraces.com\/?p=31762","title":{"rendered":"Francia retira la Legi\u00f3n de Honor a Nicol\u00e1s Sarkozy \u2013 DW \u2013 15\/06\/2025"},"content":{"rendered":"<p> \n<\/p>\n<div>\n<p>Nicolas Sarkozy ha perdido la Legi\u00f3n de Honor, la m\u00e1s alta distinci\u00f3n oficial en su pa\u00eds, que se le ha retirado por una de las condenas judiciales que ha recibido, por corrupci\u00f3n, que ha pasado a ser definitiva una vez que el expresidente franc\u00e9s ha agotado todas las v\u00edas de recurso.<\/p>\n<p>La Justicia lo consider\u00f3 de esa forma definitivamente culpable de haber intentado corromper a un magistrado del Tribunal Supremo, Gilbert Azibert, para obtener unas informaciones confidenciales de otra investigaci\u00f3n judicial que se le estaba haciendo.<\/p>\n<p>El diario oficial publica este domingo (16.06.2025) un decreto que formaliza la retirada de la Legi\u00f3n de Honor con efecto retroactivo a la fecha del 17 de mayo de 2023, que es cuando recibi\u00f3 la condena a tres a\u00f1os de c\u00e1rcel, dos de ellos exentos de cumplimiento salvo en caso de reincidencia.<\/p>\n<p>Seg\u00fan el c\u00f3digo de la Legi\u00f3n de Honor, la m\u00e1xima condecoraci\u00f3n estatal francesa, cualquier persona condenada definitivamente a una pena de prisi\u00f3n igual o superior a un a\u00f1o est\u00e1 excluida de la orden. Sin embargo, el presidente franc\u00e9s, Emmanuel Macron, se opuso a dicha medida en abril, afirmando que Sarkozy, plagado de esc\u00e1ndalos, hab\u00eda sido elegido y que era \u00abmuy importante que los expresidentes fueran respetados\u00bb.<\/p>\n<p>LGC (EFE, AFP)<\/p>\n<\/div>\n\n","protected":false},"excerpt":{"rendered":"<p>Nicolas Sarkozy ha perdido la Legi\u00f3n de Honor, la m\u00e1s alta distinci\u00f3n oficial en su pa\u00eds, que se le ha retirado por una de las condenas judiciales que ha recibido, por corrupci\u00f3n, que ha pasado a ser definitiva una vez que el expresidente franc\u00e9s ha agotado todas las v\u00edas de recurso. La Justicia lo consider\u00f3 &hellip;<\/p>\n","protected":false},"author":1,"featured_media":31763,"comment_status":"open","ping_status":"open","sticky":false,"template":"","format":"standard","meta":{"fifu_image_url":"https:\/\/static.dw.com\/image\/71225321_6.jpg","fifu_image_alt":"","footnotes":""},"categories":[13],"tags":[],"class_list":["post-31762","post","type-post","status-publish","format-standard","has-post-thumbnail","","category-mundo"],"_links":{"self":[{"href":"https:\/\/noticiasveraces.com\/index.php?rest_route=\/wp\/v2\/posts\/31762","targetHints":{"allow":["GET"]}}],"collection":[{"href":"https:\/\/noticiasveraces.com\/index.php?rest_route=\/wp\/v2\/posts"}],"about":[{"href":"https:\/\/noticiasveraces.com\/index.php?rest_route=\/wp\/v2\/types\/post"}],"author":[{"embeddable":true,"href":"https:\/\/noticiasveraces.com\/index.php?rest_route=\/wp\/v2\/users\/1"}],"replies":[{"embeddable":true,"href":"https:\/\/noticiasveraces.com\/index.php?rest_route=%2Fwp%2Fv2%2Fcomments&post=31762"}],"version-history":[{"count":0,"href":"https:\/\/noticiasveraces.com\/index.php?rest_route=\/wp\/v2\/posts\/31762\/revisions"}],"wp:featuredmedia":[{"embeddable":true,"href":"https:\/\/noticiasveraces.com\/index.php?rest_route=\/wp\/v2\/media\/31763"}],"wp:attachment":[{"href":"https:\/\/noticiasveraces.com\/index.php?rest_route=%2Fwp%2Fv2%2Fmedia&parent=31762"}],"wp:term":[{"taxonomy":"category","embeddable":true,"href":"https:\/\/noticiasveraces.com\/index.php?rest_route=%2Fwp%2Fv2%2Fcategories&post=31762"},{"taxonomy":"post_tag","embeddable":true,"href":"https:\/\/noticiasveraces.com\/index.php?rest_route=%2Fwp%2Fv2%2Ftags&post=31762"}],"curies":[{"name":"wp","href":"https:\/\/api.w.org\/{rel}","templated":true}]}}