{"id":31756,"date":"2025-06-15T06:13:29","date_gmt":"2025-06-15T10:13:29","guid":{"rendered":"https:\/\/noticiasveraces.com\/?p=31756"},"modified":"2025-06-15T06:13:29","modified_gmt":"2025-06-15T10:13:29","slug":"trump-promete-responder-con-plena-fuerza-y-poder-del-ejercito-estadounidense-si-iran-ataca-a-estados-unidos","status":"publish","type":"post","link":"https:\/\/noticiasveraces.com\/?p=31756","title":{"rendered":"Trump promete responder con &#8216;plena fuerza y \u200b\u200bpoder&#8217; del ej\u00e9rcito estadounidense si Ir\u00e1n ataca a Estados Unidos"},"content":{"rendered":"<p> \n<\/p>\n<div>\n<div id=\"beyondwords-wrapper\" class=\"beyondwords-wrapper\">\n<p><span class=\"label-bg\">NUEVO<\/span>\u00a1Ahora puedes escuchar art\u00edculos de Fox News!\n  <\/p>\n<\/div>\n<p class=\"speakable\">El presidente de los Estados Unidos, Donald Trump, dijo el domingo que Estados Unidos no ten\u00eda \u00abnada que ver con\u00bb el ataque de Israel contra Ir\u00e1n, pero advirti\u00f3 que cualquier ataque contra los Estados Unidos se encontrar\u00eda con la \u00abfuerza plena y el poder\u00bb del ej\u00e9rcito de los Estados Unidos.<\/p>\n<p class=\"speakable\">\u00abEstados Unidos no tuvo nada que ver con el ataque contra Ir\u00e1n, esta noche\u00bb, escribi\u00f3 Trump en Truth Social en las primeras horas de la ma\u00f1ana del domingo. <\/p>\n<p>\u00abSi es atacado de alguna manera, forma o forma por Ir\u00e1n, toda la fuerza y \u200b\u200bel poder de las fuerzas armadas de los Estados Unidos te caer\u00e1n en niveles nunca antes vistos\u00bb, continu\u00f3. \u00abSin embargo, podemos hacer un trato f\u00e1cilmente entre Ir\u00e1n e Israel, \u00a1y terminar este maldito conflicto!\u00bb<\/p>\n<p><strong>Netanyahu llama a los ciudadanos iran\u00edes a aprovechar la &#8216;oportunidad&#8217; para el cambio de r\u00e9gimen<\/strong><\/p>\n<div class=\"image-ct inline\">\n<div class=\"m\"><picture><source media=\"(max-width: 767px)\" srcset=\"https:\/\/a57.foxnews.com\/static.foxnews.com\/foxnews.com\/content\/uploads\/2025\/04\/343\/192\/trump-in-the-oval-office.jpg?ve=1&amp;tl=1, https:\/\/a57.foxnews.com\/static.foxnews.com\/foxnews.com\/content\/uploads\/2025\/04\/686\/384\/trump-in-the-oval-office.jpg?ve=1&amp;tl=1 2x\" height=\"192\" width=\"343\"><source media=\"(min-width: 768px) and (max-width: 1023px)\" srcset=\"https:\/\/a57.foxnews.com\/static.foxnews.com\/foxnews.com\/content\/uploads\/2025\/04\/672\/378\/trump-in-the-oval-office.jpg?ve=1&amp;tl=1, https:\/\/a57.foxnews.com\/static.foxnews.com\/foxnews.com\/content\/uploads\/2025\/04\/1344\/756\/trump-in-the-oval-office.jpg?ve=1&amp;tl=1 2x\" height=\"378\" width=\"672\"><source media=\"(min-width: 1024px) and (max-width: 1279px)\" srcset=\"https:\/\/a57.foxnews.com\/static.foxnews.com\/foxnews.com\/content\/uploads\/2025\/04\/931\/523\/trump-in-the-oval-office.jpg?ve=1&amp;tl=1, https:\/\/a57.foxnews.com\/static.foxnews.com\/foxnews.com\/content\/uploads\/2025\/04\/1862\/1046\/trump-in-the-oval-office.jpg?ve=1&amp;tl=1 2x\" height=\"523\" width=\"931\"><source media=\"(min-width: 1280px)\" srcset=\"https:\/\/a57.foxnews.com\/static.foxnews.com\/foxnews.com\/content\/uploads\/2025\/04\/720\/405\/trump-in-the-oval-office.jpg?ve=1&amp;tl=1, https:\/\/a57.foxnews.com\/static.foxnews.com\/foxnews.com\/content\/uploads\/2025\/04\/1440\/810\/trump-in-the-oval-office.jpg?ve=1&amp;tl=1 2x\" height=\"405\" width=\"720\"><img loading=\"lazy\" decoding=\"async\" src=\"https:\/\/a57.foxnews.com\/static.foxnews.com\/foxnews.com\/content\/uploads\/2025\/04\/1200\/675\/trump-in-the-oval-office.jpg?ve=1&amp;tl=1\" alt=\"Trump en la Oficina Oval\" width=\"1200\" height=\"675\"\/><\/source><\/source><\/source><\/source><\/picture><\/div>\n<div class=\"info\">\n<div class=\"caption\">\n<p><span>El presidente de los Estados Unidos, Donald Trump, dijo que Estados Unidos no ten\u00eda \u00abnada que ver con\u00bb el ataque de Israel contra Ir\u00e1n el domingo por la ma\u00f1ana.<\/span> <span>(Gana McNamee\/Getty Images)<\/span><\/p>\n<\/div>\n<\/div>\n<\/div>\n<p>Los comentarios de Trump se produjeron horas despu\u00e9s de que las Fuerzas de Defensa de Israel se atribuyeron la responsabilidad de una serie de huelgas sobre la sede del Ministerio de Defensa Ir\u00e1n y un proyecto nuclear, mientras que Teher\u00e1n desat\u00f3 un nuevo aluvi\u00f3n de ataques mortales.<\/p>\n<p>\u00abLas FDI completaron una extensa serie de huelgas sobre los objetivos en Teher\u00e1n relacionados con el proyecto de armas nucleares del r\u00e9gimen iran\u00ed\u00bb, escribi\u00f3 las FDI sobre X. \u00abLos objetivos incluyeron el Ministerio de Defensa de Ir\u00e1n, la sede del proyecto nuclear SPND y objetivos adicionales, que avanzaron los esfuerzos del r\u00e9gimen iraniano para obtener una armas nucleares nucleares y donde el arqueo de Irania se refer\u00eda al arqueo de Irania.<\/p>\n<p>A pesar de la declaraci\u00f3n de Trump, Ir\u00e1n dice que tiene evidencia de que Estados Unidos estuvo involucrado en el ataque.<\/p>\n<p><strong>El principal asesor del l\u00edder supremo iran\u00ed asesinado en huelgas israel\u00edes, dicen los medios estatales.<\/strong><\/p>\n<div class=\"image-ct inline\">\n<div class=\"m\"><picture><source media=\"(max-width: 767px)\" srcset=\"https:\/\/a57.foxnews.com\/static.foxnews.com\/foxnews.com\/content\/uploads\/2025\/06\/343\/192\/iranisrael.png?ve=1&amp;tl=1, https:\/\/a57.foxnews.com\/static.foxnews.com\/foxnews.com\/content\/uploads\/2025\/06\/686\/384\/iranisrael.png?ve=1&amp;tl=1 2x\" height=\"192\" width=\"343\"><source media=\"(min-width: 768px) and (max-width: 1023px)\" srcset=\"https:\/\/a57.foxnews.com\/static.foxnews.com\/foxnews.com\/content\/uploads\/2025\/06\/672\/378\/iranisrael.png?ve=1&amp;tl=1, https:\/\/a57.foxnews.com\/static.foxnews.com\/foxnews.com\/content\/uploads\/2025\/06\/1344\/756\/iranisrael.png?ve=1&amp;tl=1 2x\" height=\"378\" width=\"672\"><source media=\"(min-width: 1024px) and (max-width: 1279px)\" srcset=\"https:\/\/a57.foxnews.com\/static.foxnews.com\/foxnews.com\/content\/uploads\/2025\/06\/931\/523\/iranisrael.png?ve=1&amp;tl=1, https:\/\/a57.foxnews.com\/static.foxnews.com\/foxnews.com\/content\/uploads\/2025\/06\/1862\/1046\/iranisrael.png?ve=1&amp;tl=1 2x\" height=\"523\" width=\"931\"><source media=\"(min-width: 1280px)\" srcset=\"https:\/\/a57.foxnews.com\/static.foxnews.com\/foxnews.com\/content\/uploads\/2025\/06\/720\/405\/iranisrael.png?ve=1&amp;tl=1, https:\/\/a57.foxnews.com\/static.foxnews.com\/foxnews.com\/content\/uploads\/2025\/06\/1440\/810\/iranisrael.png?ve=1&amp;tl=1 2x\" height=\"405\" width=\"720\"><img loading=\"lazy\" decoding=\"async\" src=\"https:\/\/a57.foxnews.com\/static.foxnews.com\/foxnews.com\/content\/uploads\/2025\/06\/1200\/675\/iranisrael.png?ve=1&amp;tl=1\" alt=\"Las fuerzas de seguridad israel\u00edes inspeccionan los edificios residenciales destruidos\" width=\"1200\" height=\"675\"\/><\/source><\/source><\/source><\/source><\/picture><\/div>\n<div class=\"info\">\n<div class=\"caption\">\n<p><span>Las fuerzas de seguridad israel\u00edes inspeccionan los edificios residenciales destruidos que fueron golpeados por un misil disparado desde Ir\u00e1n, en Ramat Gan, cerca de Tel Aviv, Israel, el s\u00e1bado 14 de junio de 2025.<\/span> <span>(AP)<\/span><\/p>\n<\/div>\n<\/div>\n<\/div>\n<p>\u00abTenemos pruebas s\u00f3lidas del apoyo de las fuerzas estadounidenses y las bases estadounidenses en la regi\u00f3n para los ataques de las fuerzas militares del r\u00e9gimen sionista\u00bb, dijo el ministro de Relaciones Exteriores iran\u00ed, Abbas Araghchi, a los diplom\u00e1ticos extranjeros en una reuni\u00f3n transmitida por la televisi\u00f3n estatal.<\/p>\n<p>Los ataques negociados por Israel e Ir\u00e1n representaron la \u00faltima violencia desde una ofensiva sorpresa de Israel dos d\u00edas antes que buscaba diezmar el programa nuclear de Teher\u00e1n.<\/p>\n<p>Al menos 10 <u>V\u00edctimas israel\u00edes<\/u> fueron asesinados y al menos 180 resultaron heridos en ataques de misiles iran\u00edes durante la noche, mientras que las cifras de v\u00edctimas no estaban disponibles de inmediato en Ir\u00e1n, donde Israel atac\u00f3 la sede del Ministerio de Defensa de Teher\u00e1n, as\u00ed como los lugares que aleg\u00f3 que estaban asociados con el programa nuclear del pa\u00eds.<\/p>\n<p>El ej\u00e9rcito israel\u00ed aleg\u00f3 que las ubicaciones estaban \u00abrelacionadas con el proyecto de armas nucleares del r\u00e9gimen iran\u00ed\u00bb.<\/p>\n<p>Las agencias de inteligencia de los Estados Unidos y la Agencia Internacional de Energ\u00eda At\u00f3mica han dicho repetidamente que Ir\u00e1n no estaba persiguiendo un arma nuclear antes de que Israel desatara su ofensivo dirigido a Ir\u00e1n a partir del viernes.<\/p>\n<div class=\"image-ct inline\">\n<div class=\"m\"><picture><source media=\"(max-width: 767px)\" srcset=\"https:\/\/a57.foxnews.com\/static.foxnews.com\/foxnews.com\/content\/uploads\/2025\/06\/343\/192\/abbas-araghchi.png?ve=1&amp;tl=1, https:\/\/a57.foxnews.com\/static.foxnews.com\/foxnews.com\/content\/uploads\/2025\/06\/686\/384\/abbas-araghchi.png?ve=1&amp;tl=1 2x\" height=\"192\" width=\"343\"><source media=\"(min-width: 768px) and (max-width: 1023px)\" srcset=\"https:\/\/a57.foxnews.com\/static.foxnews.com\/foxnews.com\/content\/uploads\/2025\/06\/672\/378\/abbas-araghchi.png?ve=1&amp;tl=1, https:\/\/a57.foxnews.com\/static.foxnews.com\/foxnews.com\/content\/uploads\/2025\/06\/1344\/756\/abbas-araghchi.png?ve=1&amp;tl=1 2x\" height=\"378\" width=\"672\"><source media=\"(min-width: 1024px) and (max-width: 1279px)\" srcset=\"https:\/\/a57.foxnews.com\/static.foxnews.com\/foxnews.com\/content\/uploads\/2025\/06\/931\/523\/abbas-araghchi.png?ve=1&amp;tl=1, https:\/\/a57.foxnews.com\/static.foxnews.com\/foxnews.com\/content\/uploads\/2025\/06\/1862\/1046\/abbas-araghchi.png?ve=1&amp;tl=1 2x\" height=\"523\" width=\"931\"><source media=\"(min-width: 1280px)\" srcset=\"https:\/\/a57.foxnews.com\/static.foxnews.com\/foxnews.com\/content\/uploads\/2025\/06\/720\/405\/abbas-araghchi.png?ve=1&amp;tl=1, https:\/\/a57.foxnews.com\/static.foxnews.com\/foxnews.com\/content\/uploads\/2025\/06\/1440\/810\/abbas-araghchi.png?ve=1&amp;tl=1 2x\" height=\"405\" width=\"720\"><img loading=\"lazy\" decoding=\"async\" src=\"https:\/\/a57.foxnews.com\/static.foxnews.com\/foxnews.com\/content\/uploads\/2025\/06\/1200\/675\/abbas-araghchi.png?ve=1&amp;tl=1\" alt=\"El ministro de Relaciones Exteriores de Ir\u00e1n, Abbas Araghchi\" width=\"1200\" height=\"675\"\/><\/source><\/source><\/source><\/source><\/picture><\/div>\n<div class=\"info\">\n<div class=\"caption\">\n<p><span>El ministro de Relaciones Exteriores de Ir\u00e1n, Abbas Araghchi, dijo que Teher\u00e1n tiene evidencia de que Estados Unidos estuvo involucrado en el ataque.<\/span> <span>(Getty Images)<\/span><\/p>\n<\/div>\n<\/div>\n<\/div>\n<p><strong><u>Haga clic aqu\u00ed para obtener la aplicaci\u00f3n Fox News<\/u><\/strong><\/p>\n<p>La Guardia Revolucionaria Paramilitar de Ir\u00e1n afirm\u00f3 que los misiles iran\u00edes dirigieron las instalaciones de producci\u00f3n de combustible para los aviones de combate israel\u00edes, aunque esto no ha sido reconocido por Israel.<\/p>\n<p>Las negociaciones planificadas entre Ir\u00e1n y los Estados Unidos sobre el programa nuclear de Teher\u00e1n se cancelaron en medio del conflicto en curso en el Medio Oriente, planteando preguntas sobre cu\u00e1ndo y c\u00f3mo podr\u00eda llegar un fin de los combates.<\/p>\n<p><i>Associated Press contribuy\u00f3 a este informe.<\/i><\/p>\n<p> <!----> <\/div>\n\n","protected":false},"excerpt":{"rendered":"<p>NUEVO\u00a1Ahora puedes escuchar art\u00edculos de Fox News! El presidente de los Estados Unidos, Donald Trump, dijo el domingo que Estados Unidos no ten\u00eda \u00abnada que ver con\u00bb el ataque de Israel contra Ir\u00e1n, pero advirti\u00f3 que cualquier ataque contra los Estados Unidos se encontrar\u00eda con la \u00abfuerza plena y el poder\u00bb del ej\u00e9rcito de los &hellip;<\/p>\n","protected":false},"author":1,"featured_media":31758,"comment_status":"open","ping_status":"open","sticky":false,"template":"","format":"standard","meta":{"fifu_image_url":"https:\/\/static.foxnews.com\/foxnews.com\/content\/uploads\/2025\/04\/trump-in-the-oval-office.jpg","fifu_image_alt":"","footnotes":""},"categories":[13],"tags":[],"class_list":["post-31756","post","type-post","status-publish","format-standard","has-post-thumbnail","","category-mundo"],"_links":{"self":[{"href":"https:\/\/noticiasveraces.com\/index.php?rest_route=\/wp\/v2\/posts\/31756","targetHints":{"allow":["GET"]}}],"collection":[{"href":"https:\/\/noticiasveraces.com\/index.php?rest_route=\/wp\/v2\/posts"}],"about":[{"href":"https:\/\/noticiasveraces.com\/index.php?rest_route=\/wp\/v2\/types\/post"}],"author":[{"embeddable":true,"href":"https:\/\/noticiasveraces.com\/index.php?rest_route=\/wp\/v2\/users\/1"}],"replies":[{"embeddable":true,"href":"https:\/\/noticiasveraces.com\/index.php?rest_route=%2Fwp%2Fv2%2Fcomments&post=31756"}],"version-history":[{"count":0,"href":"https:\/\/noticiasveraces.com\/index.php?rest_route=\/wp\/v2\/posts\/31756\/revisions"}],"wp:featuredmedia":[{"embeddable":true,"href":"https:\/\/noticiasveraces.com\/index.php?rest_route=\/wp\/v2\/media\/31758"}],"wp:attachment":[{"href":"https:\/\/noticiasveraces.com\/index.php?rest_route=%2Fwp%2Fv2%2Fmedia&parent=31756"}],"wp:term":[{"taxonomy":"category","embeddable":true,"href":"https:\/\/noticiasveraces.com\/index.php?rest_route=%2Fwp%2Fv2%2Fcategories&post=31756"},{"taxonomy":"post_tag","embeddable":true,"href":"https:\/\/noticiasveraces.com\/index.php?rest_route=%2Fwp%2Fv2%2Ftags&post=31756"}],"curies":[{"name":"wp","href":"https:\/\/api.w.org\/{rel}","templated":true}]}}