{"id":31741,"date":"2025-06-15T04:12:19","date_gmt":"2025-06-15T08:12:19","guid":{"rendered":"https:\/\/noticiasveraces.com\/?p=31741"},"modified":"2025-06-15T04:12:19","modified_gmt":"2025-06-15T08:12:19","slug":"israel-cifra-en-13-las-bajas-por-los-ataques-iranies-dw-15-06-2025","status":"publish","type":"post","link":"https:\/\/noticiasveraces.com\/?p=31741","title":{"rendered":"Israel cifra en 13 las bajas por los ataques iran\u00edes \u2013 DW \u2013 15\/06\/2025"},"content":{"rendered":"<p> \n<\/p>\n<div id=\"liveblog-post-72915550\"><span class=\"hr9hvkd hb7nbxk seipclg b1ho1h07\">Ir a la siguiente secci\u00f3n Ir\u00e1n dice que parar\u00e1 los ataques si Israel tambi\u00e9n lo hace<\/span><svg xmlns=\"http:\/\/www.w3.org\/2000\/svg\" viewbox=\"0 0 20 20\" class=\"s1ly0d8v\"><g fill=\"none\" fill-rule=\"evenodd\" stroke=\"#002D5A\" stroke-width=\"2\"><path d=\"M4 9L4 16 11 16\" transform=\"rotate(45 7.5 12.5)\"\/><path stroke-linecap=\"square\" d=\"M3.5 12.5L17.5 12.5M17.5 12.5L17.5 5.5M17.5 5L12 5\"\/><\/g><\/svg><\/p>\n<p><span class=\"time-area s1i8qhb9 icns9en i1sf8oqe m1km9ap7 wgx1hx2 b1ho1h07\"><span class=\"publication icns9en i1sf8oqe m1km9ap7 wgx1hx2 b1ho1h07\"><time aria-hidden=\"true\">15\/06\/2025<\/time><span class=\"sr-only s28j2rd\">15 de junio de 2025<\/span><\/span><\/span><\/p>\n<h2 class=\"hr9hvkd h16xqir8 seipclg b1ho1h07\">Ir\u00e1n dice que parar\u00e1 los ataques si Israel tambi\u00e9n lo hace<\/h2>\n<\/p>\n<div class=\"post-rich-text cc0m0op s1ebneao rich-text t1it8i9i r1wgtjne wgx1hx2 b1ho1h07\">\n<p>El ministro iran\u00ed de Exteriores, Ab\u00e1s Araqchi, afirm\u00f3 este domingo (15.06.2025) que si Israel detiene los ataques contra el territorio iran\u00ed, Teher\u00e1n dejar\u00e1 de bombardear al Estado jud\u00edo, tras una nueva noche de fuego cruzado entre los dos pa\u00edses. \u00abSi se detiene la agresi\u00f3n, nosotros tambi\u00e9n pararemos\u00bb, dijo en un encuentro con embajadores extranjeros en Teher\u00e1n, inform\u00f3 el diario Tehran Times. \u00abNuestra intenci\u00f3n al atacar los territorios ocupados (Israel) es puramente de defensa propia\u00bb, asegur\u00f3.<\/p>\n<h3>Pruebas \u00abs\u00f3lidas\u00bb de participaci\u00f3n estadounidense<\/h3>\n<p>En caso de que Israel no detenga sus agresiones, \u00ablos ataques de Ir\u00e1n continuar\u00e1n\u00bb, advirti\u00f3 el diplom\u00e1tico. Araqchi dijo tambi\u00e9n tener \u00abpruebas s\u00f3lidas\u00bb de que las fuerzas de Estados Unidos apoyaron los ataques israel\u00edes, a pesar de que el presidente Donald Trump dijo que no hab\u00eda tenido nada que ver. \u00abTenemos pruebas s\u00f3lidas del apoyo de las fuerzas estadounidenses y de las bases estadounidenses en la regi\u00f3n en los ataques de las fuerzas militares del r\u00e9gimen sionista\u00bb, dijo el ministro durante la reuni\u00f3n, retransmitida adem\u00e1s por la televisi\u00f3n estatal. (efe, afp)<\/p>\n<\/div>\n<p><span class=\"svdcmki\">https:\/\/p.dw.com\/p\/4vwfg<\/span><\/p>\n<\/div>\n<div id=\"liveblog-post-72915464\"><span class=\"hr9hvkd hb7nbxk seipclg b1ho1h07\">Ir a la siguiente secci\u00f3n Los hut\u00edes lanzan ataque \u00abcoordinados\u00bb con Ir\u00e1n<\/span><svg xmlns=\"http:\/\/www.w3.org\/2000\/svg\" viewbox=\"0 0 20 20\" class=\"s1ly0d8v\"><g fill=\"none\" fill-rule=\"evenodd\" stroke=\"#002D5A\" stroke-width=\"2\"><path d=\"M4 9L4 16 11 16\" transform=\"rotate(45 7.5 12.5)\"\/><path stroke-linecap=\"square\" d=\"M3.5 12.5L17.5 12.5M17.5 12.5L17.5 5.5M17.5 5L12 5\"\/><\/g><\/svg><\/p>\n<p><span class=\"time-area s1i8qhb9 icns9en i1sf8oqe m1km9ap7 wgx1hx2 b1ho1h07\"><span class=\"publication icns9en i1sf8oqe m1km9ap7 wgx1hx2 b1ho1h07\"><time aria-hidden=\"true\">15\/06\/2025<\/time><span class=\"sr-only s28j2rd\">15 de junio de 2025<\/span><\/span><\/span><\/p>\n<h2 class=\"hr9hvkd h16xqir8 seipclg b1ho1h07\">Los hut\u00edes lanzan ataque \u00abcoordinados\u00bb con Ir\u00e1n<\/h2>\n<\/p>\n<div class=\"post-rich-text cc0m0op s1ebneao rich-text t1it8i9i r1wgtjne wgx1hx2 b1ho1h07\">\n<p>Los rebeldes hut\u00edes respaldados por Ir\u00e1n en Yemenafirmaron el domingo que lanzaron varios misiles contra Israel mientras era atacado por fuego iran\u00ed, en respuesta a los bombardeos israel\u00edes. Los hut\u00edes dijeron en un comunicado que hab\u00edan \u00abllevado a cabo una operaci\u00f3n militar dirigida a objetivos sensibles del enemigo israel\u00ed\u00bb en el centro de Israel.<\/p>\n<p>El portavoz militar de los hut\u00edes, Yahya Sarea, afirm\u00f3 en el comunicado que esta operaci\u00f3n se llev\u00f3 a cabo con misiles bal\u00edsticos &#8216;Palestine&#8217; contra Tel Aviv y \u00abse coordin\u00f3 con las operaciones llevadas a cabo por el ej\u00e9rcito iran\u00ed y la Guardia Revolucionaria contra el criminal enemigo israel\u00ed\u00bb. Los rebeldes yemen\u00edes comenzaron a lanzar misiles y drones contra Israel y objetivos vinculados a Israel tras el inicio de la guerra en Gaza en octubre de 2023. (afp, efe)<\/p>\n<\/div>\n<p><span class=\"svdcmki\">https:\/\/p.dw.com\/p\/4vwds<\/span><\/p>\n<\/div>\n<div id=\"liveblog-post-72915461\"><span class=\"hr9hvkd hb7nbxk seipclg b1ho1h07\">Ir a la siguiente secci\u00f3n Trump asegura que no tuvo nada que ver con el ataque a Ir\u00e1n, pero amenaza a Teher\u00e1n<\/span><svg xmlns=\"http:\/\/www.w3.org\/2000\/svg\" viewbox=\"0 0 20 20\" class=\"s1ly0d8v\"><g fill=\"none\" fill-rule=\"evenodd\" stroke=\"#002D5A\" stroke-width=\"2\"><path d=\"M4 9L4 16 11 16\" transform=\"rotate(45 7.5 12.5)\"\/><path stroke-linecap=\"square\" d=\"M3.5 12.5L17.5 12.5M17.5 12.5L17.5 5.5M17.5 5L12 5\"\/><\/g><\/svg><\/p>\n<p><span class=\"time-area s1i8qhb9 icns9en i1sf8oqe m1km9ap7 wgx1hx2 b1ho1h07\"><span class=\"publication icns9en i1sf8oqe m1km9ap7 wgx1hx2 b1ho1h07\"><time aria-hidden=\"true\">15\/06\/2025<\/time><span class=\"sr-only s28j2rd\">15 de junio de 2025<\/span><\/span><\/span><\/p>\n<h2 class=\"hr9hvkd h16xqir8 seipclg b1ho1h07\">Trump asegura que no tuvo nada que ver con el ataque a Ir\u00e1n, pero amenaza a Teher\u00e1n<\/h2>\n<\/p>\n<div class=\"post-rich-text cc0m0op s1ebneao rich-text t1it8i9i r1wgtjne wgx1hx2 b1ho1h07\">\n<p>El presidente de Estados Unidos, Donald Trump, ha asegurado este domingo (15.06.2025) que su pa\u00eds no tuvo nada que ver con el ataque de Israel a Ir\u00e1n ocurrido anoche. \u00abEstados Unidos no tuvo nada que ver con el ataque a Ir\u00e1n de esta noche\u00bb, asegur\u00f3 el mandatario republicano en un mensaje en su red Truth Social. Pero advirti\u00f3 que \u00absi Ir\u00e1n nos ataca de cualquier forma, la fuerza y \u200b\u200bel poder\u00edo de las Fuerzas Armadas estadounidenses caer\u00e1n sobre ustedes (los iran\u00edes) a niveles nunca antes vistos\u00bb.<\/p>\n<p>\u00abSin embargo, podemos llegar f\u00e1cilmente a un acuerdo entre Ir\u00e1n e Israel y poner fin a este sangriento conflicto\u00bb, subray\u00f3. El mensaje de Trump se produce horas despu\u00e9s de que el primer ministro de Israel, Benjam\u00edn Netanyahu, asegurara que su pa\u00eds est\u00e1 actuando con el \u00abclaro apoyo\u00bb del presidente de Estados Unidos en sus ataques a Ir\u00e1n, seg\u00fan un videocomunicado difundido por la oficina del mandatario.<\/p>\n<h3>Comprometido con las conversaciones\u00a0nucleares<\/h3>\n<p>No obstante, Washington dijo ayer que sigue \u00abcomprometido\u00bb con las conversaciones nucleares que mantiene con Ir\u00e1n, tras el intercambio de ataques entre Teher\u00e1n e Israel de este viernes. \u00abAunque no habr\u00e1 reuni\u00f3n el domingo, seguimos comprometidos con las conversaciones y esperamos que los iran\u00edes se sienten pronto a la mesa\u00bb, indic\u00f3 un alto funcionario de la Administraci\u00f3n en un comunicado.<\/p>\n<p>El viernes, el presidente de Estados Unidos inst\u00f3 a Teher\u00e1n a llegar a un acuerdo o enfrentarse a ataques \u00aba\u00fan m\u00e1s brutales\u00bb por parte de Israel. Durante su primer mandato, un hist\u00f3rico acuerdo nuclear con Ir\u00e1n, negociado bajo el gobierno del expresidente Barack Obama, fue suspendido en 2018 cuando Trump retir\u00f3 unilateralmente a Estados Unidos y volvi\u00f3 a imponer sanciones. (efe, afp)<\/p>\n<\/div>\n<p><span class=\"svdcmki\">https:\/\/p.dw.com\/p\/4vwdp<\/span><\/p>\n<\/div>\n\n","protected":false},"excerpt":{"rendered":"<p>Ir a la siguiente secci\u00f3n Ir\u00e1n dice que parar\u00e1 los ataques si Israel tambi\u00e9n lo hace 15\/06\/202515 de junio de 2025 Ir\u00e1n dice que parar\u00e1 los ataques si Israel tambi\u00e9n lo hace El ministro iran\u00ed de Exteriores, Ab\u00e1s Araqchi, afirm\u00f3 este domingo (15.06.2025) que si Israel detiene los ataques contra el territorio iran\u00ed, Teher\u00e1n dejar\u00e1 &hellip;<\/p>\n","protected":false},"author":1,"featured_media":31742,"comment_status":"open","ping_status":"open","sticky":false,"template":"","format":"standard","meta":{"fifu_image_url":"https:\/\/static.dw.com\/image\/72915125_6.jpg","fifu_image_alt":"","footnotes":""},"categories":[13],"tags":[],"class_list":["post-31741","post","type-post","status-publish","format-standard","has-post-thumbnail","","category-mundo"],"_links":{"self":[{"href":"https:\/\/noticiasveraces.com\/index.php?rest_route=\/wp\/v2\/posts\/31741","targetHints":{"allow":["GET"]}}],"collection":[{"href":"https:\/\/noticiasveraces.com\/index.php?rest_route=\/wp\/v2\/posts"}],"about":[{"href":"https:\/\/noticiasveraces.com\/index.php?rest_route=\/wp\/v2\/types\/post"}],"author":[{"embeddable":true,"href":"https:\/\/noticiasveraces.com\/index.php?rest_route=\/wp\/v2\/users\/1"}],"replies":[{"embeddable":true,"href":"https:\/\/noticiasveraces.com\/index.php?rest_route=%2Fwp%2Fv2%2Fcomments&post=31741"}],"version-history":[{"count":0,"href":"https:\/\/noticiasveraces.com\/index.php?rest_route=\/wp\/v2\/posts\/31741\/revisions"}],"wp:featuredmedia":[{"embeddable":true,"href":"https:\/\/noticiasveraces.com\/index.php?rest_route=\/wp\/v2\/media\/31742"}],"wp:attachment":[{"href":"https:\/\/noticiasveraces.com\/index.php?rest_route=%2Fwp%2Fv2%2Fmedia&parent=31741"}],"wp:term":[{"taxonomy":"category","embeddable":true,"href":"https:\/\/noticiasveraces.com\/index.php?rest_route=%2Fwp%2Fv2%2Fcategories&post=31741"},{"taxonomy":"post_tag","embeddable":true,"href":"https:\/\/noticiasveraces.com\/index.php?rest_route=%2Fwp%2Fv2%2Ftags&post=31741"}],"curies":[{"name":"wp","href":"https:\/\/api.w.org\/{rel}","templated":true}]}}