{"id":31721,"date":"2025-06-15T01:07:59","date_gmt":"2025-06-15T05:07:59","guid":{"rendered":"https:\/\/noticiasveraces.com\/?p=31721"},"modified":"2025-06-15T01:07:59","modified_gmt":"2025-06-15T05:07:59","slug":"primer-ministro-de-australia-hablara-con-trump-de-aranceles-dw-15-06-2025","status":"publish","type":"post","link":"https:\/\/noticiasveraces.com\/?p=31721","title":{"rendered":"Primer ministro de Australia hablar\u00e1 con Trump de aranceles \u2013 DW \u2013 15\/06\/2025"},"content":{"rendered":"<p> \n<\/p>\n<div>\n<p>El primer ministro australiano, Anthony Albanese, dijo este domingo (15.06.2025) que se reunir\u00e1 con el presidente estadounidense Donald Trump en la cumbre del G7 en Canad\u00e1 para hablar de aranceles y del pacto de defensa que est\u00e1 bajo revisi\u00f3n de Washington.<\/p>\n<p>La cumbre del G7, que inicia en la localidad de Kananaskis el domingo, marca el primer encuentro de l\u00edderes mundiales al que asistir\u00e1 Trump en su segundo mandato.<\/p>\n<p>\u00abTenemos una reuni\u00f3n programada\u00bb, afirm\u00f3 Albanese a reporteros y a\u00f1adi\u00f3 que espera un \u00abcompromiso constructivo\u00bb.<\/p>\n<p>\u00abAbordaremos los aranceles, tambi\u00e9n la importancia de AUKUS, y tendremos una discusi\u00f3n como dos amigos\u00bb, dijo desde Seattle, antes de llegar a la cumbre.<\/p>\n<p>El pacto de defensa AUKUS de 2021 involucra a Australia, Reino Unido y Estados Unidos, en un esfuerzo de varios a\u00f1os por equilibrar el poder\u00edo militar chino en la regi\u00f3n.<\/p>\n<p>Con este acuerdo, Australia espera tener una flota de submarinos nucleares de \u00faltima generaci\u00f3n y prev\u00e9 la cooperaci\u00f3n en el desarrollo de tecnolog\u00edas de guerra.<\/p>\n<p>La administraci\u00f3n Trump puso bajo revisi\u00f3n este acuerdo la semana pasada, pero funcionarios australianos dicen que es \u00abperfectamente normal que una administraci\u00f3n nueva lo haga\u00bb.<\/p>\n<p>Australia, un cercano aliado de Estados Unidos, tiene un arancel generalizado del 10% sobre exportaciones a Estados Unidos y del 50% al acero y aluminio, como parte de las nuevas pol\u00edticas aduaneras de Trump.<\/p>\n<p>Mg (AFP, Reuters)<\/p>\n<\/p>\n<\/div>\n\n","protected":false},"excerpt":{"rendered":"<p>El primer ministro australiano, Anthony Albanese, dijo este domingo (15.06.2025) que se reunir\u00e1 con el presidente estadounidense Donald Trump en la cumbre del G7 en Canad\u00e1 para hablar de aranceles y del pacto de defensa que est\u00e1 bajo revisi\u00f3n de Washington. La cumbre del G7, que inicia en la localidad de Kananaskis el domingo, marca &hellip;<\/p>\n","protected":false},"author":1,"featured_media":31722,"comment_status":"open","ping_status":"open","sticky":false,"template":"","format":"standard","meta":{"fifu_image_url":"https:\/\/static.dw.com\/image\/69650301_6.jpg","fifu_image_alt":"","footnotes":""},"categories":[13],"tags":[],"class_list":["post-31721","post","type-post","status-publish","format-standard","has-post-thumbnail","","category-mundo"],"_links":{"self":[{"href":"https:\/\/noticiasveraces.com\/index.php?rest_route=\/wp\/v2\/posts\/31721","targetHints":{"allow":["GET"]}}],"collection":[{"href":"https:\/\/noticiasveraces.com\/index.php?rest_route=\/wp\/v2\/posts"}],"about":[{"href":"https:\/\/noticiasveraces.com\/index.php?rest_route=\/wp\/v2\/types\/post"}],"author":[{"embeddable":true,"href":"https:\/\/noticiasveraces.com\/index.php?rest_route=\/wp\/v2\/users\/1"}],"replies":[{"embeddable":true,"href":"https:\/\/noticiasveraces.com\/index.php?rest_route=%2Fwp%2Fv2%2Fcomments&post=31721"}],"version-history":[{"count":0,"href":"https:\/\/noticiasveraces.com\/index.php?rest_route=\/wp\/v2\/posts\/31721\/revisions"}],"wp:featuredmedia":[{"embeddable":true,"href":"https:\/\/noticiasveraces.com\/index.php?rest_route=\/wp\/v2\/media\/31722"}],"wp:attachment":[{"href":"https:\/\/noticiasveraces.com\/index.php?rest_route=%2Fwp%2Fv2%2Fmedia&parent=31721"}],"wp:term":[{"taxonomy":"category","embeddable":true,"href":"https:\/\/noticiasveraces.com\/index.php?rest_route=%2Fwp%2Fv2%2Fcategories&post=31721"},{"taxonomy":"post_tag","embeddable":true,"href":"https:\/\/noticiasveraces.com\/index.php?rest_route=%2Fwp%2Fv2%2Ftags&post=31721"}],"curies":[{"name":"wp","href":"https:\/\/api.w.org\/{rel}","templated":true}]}}