{"id":31692,"date":"2025-06-14T19:57:43","date_gmt":"2025-06-14T23:57:43","guid":{"rendered":"https:\/\/noticiasveraces.com\/?p=31692"},"modified":"2025-06-14T19:57:43","modified_gmt":"2025-06-14T23:57:43","slug":"netanyahu-insta-a-la-gente-irani-a-ponerse-de-pie-despues-de-que-los-huelgas-israelies","status":"publish","type":"post","link":"https:\/\/noticiasveraces.com\/?p=31692","title":{"rendered":"Netanyahu insta a la gente iran\u00ed a \u00abponerse de pie\u00bb despu\u00e9s de que los huelgas israel\u00edes"},"content":{"rendered":"<p> \n<\/p>\n<div>\n<div id=\"beyondwords-wrapper\" class=\"beyondwords-wrapper\">\n<p><span class=\"label-bg\">NUEVO<\/span>\u00a1Ahora puedes escuchar art\u00edculos de Fox News!\n  <\/p>\n<\/div>\n<p class=\"speakable\">Apenas unas horas despu\u00e9s de los ataques de Israel sobre las instalaciones nucleares y militares de Ir\u00e1n, el primer ministro israel\u00ed Benjamin Netanyahu hizo un llamamiento directo al pueblo iran\u00ed y dijo: \u00abEsta es su oportunidad de ponerse de pie. [to the regime]\u00bb<\/p>\n<p class=\"speakable\">La posici\u00f3n del r\u00e9gimen no solo con la comunidad internacional, en medio de su vasto apoyo al terrorismo patrocinado por el estado, que ha impactado a las naciones vecinas desde Siria y Yemen hasta Bahrein y Arabia Saudita, junto con a\u00f1os de disturbios internos, podr\u00eda significar el cambio de r\u00e9gimen en el horizonte.<\/p>\n<p>\u00abEstamos en medio de una de las mejores operaciones militares de la historia\u00bb, dijo Netanyahu el viernes. \u00abEl r\u00e9gimen isl\u00e1mico, que te ha oprimido durante casi 50 a\u00f1os, amenaza con destruir nuestro pa\u00eds\u00bb.<\/p>\n<div class=\"image-ct inline\">\n<div class=\"m\"><picture><source media=\"(max-width: 767px)\" srcset=\"https:\/\/a57.foxnews.com\/static.foxnews.com\/foxnews.com\/content\/uploads\/2025\/04\/343\/192\/benjamin-netanyahu.jpg?ve=1&amp;tl=1, https:\/\/a57.foxnews.com\/static.foxnews.com\/foxnews.com\/content\/uploads\/2025\/04\/686\/384\/benjamin-netanyahu.jpg?ve=1&amp;tl=1 2x\" height=\"192\" width=\"343\"><source media=\"(min-width: 768px) and (max-width: 1023px)\" srcset=\"https:\/\/a57.foxnews.com\/static.foxnews.com\/foxnews.com\/content\/uploads\/2025\/04\/672\/378\/benjamin-netanyahu.jpg?ve=1&amp;tl=1, https:\/\/a57.foxnews.com\/static.foxnews.com\/foxnews.com\/content\/uploads\/2025\/04\/1344\/756\/benjamin-netanyahu.jpg?ve=1&amp;tl=1 2x\" height=\"378\" width=\"672\"><source media=\"(min-width: 1024px) and (max-width: 1279px)\" srcset=\"https:\/\/a57.foxnews.com\/static.foxnews.com\/foxnews.com\/content\/uploads\/2025\/04\/931\/523\/benjamin-netanyahu.jpg?ve=1&amp;tl=1, https:\/\/a57.foxnews.com\/static.foxnews.com\/foxnews.com\/content\/uploads\/2025\/04\/1862\/1046\/benjamin-netanyahu.jpg?ve=1&amp;tl=1 2x\" height=\"523\" width=\"931\"><source media=\"(min-width: 1280px)\" srcset=\"https:\/\/a57.foxnews.com\/static.foxnews.com\/foxnews.com\/content\/uploads\/2025\/04\/720\/405\/benjamin-netanyahu.jpg?ve=1&amp;tl=1, https:\/\/a57.foxnews.com\/static.foxnews.com\/foxnews.com\/content\/uploads\/2025\/04\/1440\/810\/benjamin-netanyahu.jpg?ve=1&amp;tl=1 2x\" height=\"405\" width=\"720\"><img loading=\"lazy\" decoding=\"async\" src=\"https:\/\/a57.foxnews.com\/static.foxnews.com\/foxnews.com\/content\/uploads\/2025\/04\/1200\/675\/benjamin-netanyahu.jpg?ve=1&amp;tl=1\" alt=\"Israel Primer Ministro Benjamin Netanyahu\" width=\"1200\" height=\"675\"\/><\/source><\/source><\/source><\/source><\/picture><\/div>\n<div class=\"info\">\n<div class=\"caption\">\n<p><span>En esta imagen hecha de un video publicado por la oficina de prensa del gobierno israel\u00ed, el primer ministro Benjamin Netanyahu da una declaraci\u00f3n el martes 18 de marzo de 2025 en Tel Aviv, Israel.<\/span> <span>(Oficina de prensa del gobierno israel\u00ed a trav\u00e9s de AP)<\/span><\/p>\n<\/div>\n<\/div>\n<\/div>\n<p><strong>Las acciones de Israel contra Ir\u00e1n crean oportunidades estrat\u00e9gicas para nosotros en conversaciones nucleares, dicen los expertos.<\/strong><\/p>\n<p>El l\u00edder israel\u00ed dijo que el objetivo de Jerusal\u00e9n al golpear a los principales objetivos militares de Ir\u00e1n es frustrar las amenazas nucleares y de misiles que Ir\u00e1n plantea hacia la naci\u00f3n jud\u00eda, que argument\u00f3 debilita el r\u00e9gimen y plantea una oportunidad \u00fanica para los disidentes dentro. <\/p>\n<p>Los grupos minoritarios representan alrededor del 50% de la poblaci\u00f3n iran\u00ed, y algunos especialistas iran\u00edes han argumentado que si los grupos minoritarios, que son objetivos frecuentes de opresi\u00f3n en Ir\u00e1n, se un\u00edan contra el r\u00e9gimen, podr\u00edan desempe\u00f1ar un papel fundamental en el r\u00e9gimen.<\/p>\n<p>Ir\u00e1n se ha enfrentado a una oposici\u00f3n creciente desde la muerte de Mahsa Amini, una mujer kurda, que en septiembre de 2022 fue arrestada por la polic\u00eda de moralidad de Ir\u00e1n y luego muri\u00f3 en un hospital debido a sus heridas.<\/p>\n<div class=\"image-ct inline\">\n<div class=\"m\"><picture><source media=\"(max-width: 767px)\" srcset=\"https:\/\/a57.foxnews.com\/static.foxnews.com\/foxnews.com\/content\/uploads\/2022\/12\/343\/192\/Iran-protest.jpg?ve=1&amp;tl=1, https:\/\/a57.foxnews.com\/static.foxnews.com\/foxnews.com\/content\/uploads\/2022\/12\/686\/384\/Iran-protest.jpg?ve=1&amp;tl=1 2x\" height=\"192\" width=\"343\"><source media=\"(min-width: 768px) and (max-width: 1023px)\" srcset=\"https:\/\/a57.foxnews.com\/static.foxnews.com\/foxnews.com\/content\/uploads\/2022\/12\/672\/378\/Iran-protest.jpg?ve=1&amp;tl=1, https:\/\/a57.foxnews.com\/static.foxnews.com\/foxnews.com\/content\/uploads\/2022\/12\/1344\/756\/Iran-protest.jpg?ve=1&amp;tl=1 2x\" height=\"378\" width=\"672\"><source media=\"(min-width: 1024px) and (max-width: 1279px)\" srcset=\"https:\/\/a57.foxnews.com\/static.foxnews.com\/foxnews.com\/content\/uploads\/2022\/12\/931\/523\/Iran-protest.jpg?ve=1&amp;tl=1, https:\/\/a57.foxnews.com\/static.foxnews.com\/foxnews.com\/content\/uploads\/2022\/12\/1862\/1046\/Iran-protest.jpg?ve=1&amp;tl=1 2x\" height=\"523\" width=\"931\"><source media=\"(min-width: 1280px)\" srcset=\"https:\/\/a57.foxnews.com\/static.foxnews.com\/foxnews.com\/content\/uploads\/2022\/12\/720\/405\/Iran-protest.jpg?ve=1&amp;tl=1, https:\/\/a57.foxnews.com\/static.foxnews.com\/foxnews.com\/content\/uploads\/2022\/12\/1440\/810\/Iran-protest.jpg?ve=1&amp;tl=1 2x\" height=\"405\" width=\"720\"><img loading=\"lazy\" decoding=\"async\" src=\"https:\/\/a57.foxnews.com\/static.foxnews.com\/foxnews.com\/content\/uploads\/2022\/12\/1200\/675\/Iran-protest.jpg?ve=1&amp;tl=1\" alt=\"Protesta en Ir\u00e1n\" width=\"1200\" height=\"675\"\/><\/source><\/source><\/source><\/source><\/picture><\/div>\n<div class=\"info\">\n<div class=\"caption\">\n<p><span>En esta foto tomada por un individuo no empleado por Associated Press y obtenida por el AP fuera de Ir\u00e1n, los iran\u00edes protestan por la muerte de Mahsa Amini, de 22 a\u00f1os, despu\u00e9s de que fue detenida por la Polic\u00eda de M\u00fatualidad, en Teher\u00e1n, el 1 de octubre de 2022. <\/span> <span>(The Associated Press)<\/span><\/p>\n<\/div>\n<\/div>\n<\/div>\n<p><strong>Israel ataca al coraz\u00f3n de las ambiciones nucleares de Ir\u00e1n en la ofensiva de Isfahan<\/strong><\/p>\n<p>La muerte de Amini provoc\u00f3 protestas masivas en todo el pa\u00eds, a las que Ir\u00e1n aplaudi\u00f3 brutalmente y contin\u00faa ejecutando las arrestadas durante las manifestaciones. <\/p>\n<p>Fox News Digital le dijo Yigal Carmon, presidente del Instituto de Investigaci\u00f3n de Medios de Medio Oriente (MEMRI), que los miembros de los Ahwazis, un grupo minoritario en el suroeste de Ir\u00e1n, que constituye el 6-8% de la poblaci\u00f3n, ya han sido arrestados por el r\u00e9gimen en medio de su temor de otra renuncia interna junto a la guerra con Israel.<\/p>\n<p>No est\u00e1 claro si alguna manifestaci\u00f3n ha comenzado o si sus arrestos se llevaron a cabo preventivamente. <\/p>\n<p>\u00abUn cambio de r\u00e9gimen ser\u00e1 apoyado por muchos\u00bb, dijo Carmon. \u00abEl hecho es que solo las minor\u00edas pueden traer un cambio de r\u00e9gimen porque est\u00e1n organizados militarmente\u00bb.<\/p>\n<p>\u00abUna coalici\u00f3n de grupos \u00e9tnicos no persa podr\u00eda derrocar el r\u00e9gimen en unos pocos meses\u00bb, dijo. \u00abA diferencia de la poblaci\u00f3n persa contra el r\u00e9gimen, la poblaci\u00f3n antirreg\u00edmica no persa est\u00e1 organizada militarmente\u00bb.<\/p>\n<div class=\"image-ct inline\">\n<div class=\"m\"><picture><source media=\"(max-width: 767px)\" srcset=\"https:\/\/a57.foxnews.com\/static.foxnews.com\/foxnews.com\/content\/uploads\/2024\/06\/343\/192\/Iran.png?ve=1&amp;tl=1, https:\/\/a57.foxnews.com\/static.foxnews.com\/foxnews.com\/content\/uploads\/2024\/06\/686\/384\/Iran.png?ve=1&amp;tl=1 2x\" height=\"192\" width=\"343\"><source media=\"(min-width: 768px) and (max-width: 1023px)\" srcset=\"https:\/\/a57.foxnews.com\/static.foxnews.com\/foxnews.com\/content\/uploads\/2024\/06\/672\/378\/Iran.png?ve=1&amp;tl=1, https:\/\/a57.foxnews.com\/static.foxnews.com\/foxnews.com\/content\/uploads\/2024\/06\/1344\/756\/Iran.png?ve=1&amp;tl=1 2x\" height=\"378\" width=\"672\"><source media=\"(min-width: 1024px) and (max-width: 1279px)\" srcset=\"https:\/\/a57.foxnews.com\/static.foxnews.com\/foxnews.com\/content\/uploads\/2024\/06\/931\/523\/Iran.png?ve=1&amp;tl=1, https:\/\/a57.foxnews.com\/static.foxnews.com\/foxnews.com\/content\/uploads\/2024\/06\/1862\/1046\/Iran.png?ve=1&amp;tl=1 2x\" height=\"523\" width=\"931\"><source media=\"(min-width: 1280px)\" srcset=\"https:\/\/a57.foxnews.com\/static.foxnews.com\/foxnews.com\/content\/uploads\/2024\/06\/720\/405\/Iran.png?ve=1&amp;tl=1, https:\/\/a57.foxnews.com\/static.foxnews.com\/foxnews.com\/content\/uploads\/2024\/06\/1440\/810\/Iran.png?ve=1&amp;tl=1 2x\" height=\"405\" width=\"720\"><img loading=\"lazy\" decoding=\"async\" src=\"https:\/\/a57.foxnews.com\/static.foxnews.com\/foxnews.com\/content\/uploads\/2024\/06\/1200\/675\/Iran.png?ve=1&amp;tl=1\" alt=\"La gente enciende un fuego durante una protesta\" width=\"1200\" height=\"675\"\/><\/source><\/source><\/source><\/source><\/picture><\/div>\n<div class=\"info\">\n<div class=\"caption\">\n<p><span>La gente enciende un fuego durante una protesta por la muerte de Mahsa Amini, una mujer que muri\u00f3 despu\u00e9s de ser arrestada por la \u00abPolic\u00eda de moralidad\u00bb de la Rep\u00fablica Isl\u00e1mica, en Teher\u00e1n, Ir\u00e1n, el 21 de septiembre de 2022.<\/span> <span>(Agencia de Noticias de Asia Occidental)<\/span><\/p>\n<\/div>\n<\/div>\n<\/div>\n<p><strong>Haga clic aqu\u00ed para obtener la aplicaci\u00f3n Fox News<\/strong><\/p>\n<p>Otros grupos minoritarios, como los kurdos, que representan del 10% al 15% de la poblaci\u00f3n de Ir\u00e1n y que viven principalmente en las \u00e1reas fronterizas del noroeste cerca de Irak y Turqu\u00eda, as\u00ed como al pueblo Baloch, que abarcan otro 5% de la poblaci\u00f3n y viven a lo largo de la frontera del sudeste de Ir\u00e1n con Pakist\u00e1n, tambi\u00e9n tienen una larga historia de oposici\u00f3n al r\u00e9gimen, aunque tambi\u00e9n han sufrido consecuencias brutales. <\/p>\n<p>\u00abNunca ha sido m\u00e1s d\u00e9bil. Esta es su oportunidad de ponerse de pie y dejar que sus voces sean escuchadas. Mujer, vida, libertad Zan, Zendegi, Azadi\u00bb, dijo Netanyahu.  \u00abComo dije ayer y muchas veces antes, la lucha de Israel no est\u00e1 en contra del pueblo iran\u00ed. <\/p>\n<p>\u00abNuestra pelea es contra el r\u00e9gimen isl\u00e1mico asesino que te oprime y te empobrece\u00bb, agreg\u00f3. <\/p>\n<p> <!----> <\/p>\n<div class=\"article-meta\">\n<div class=\"author-bio\">\n<p>Caitlin McFall es reportero de Fox News Digital Cubting Politics, US y World News.<\/p>\n<\/div>\n<\/div>\n<\/div>\n\n","protected":false},"excerpt":{"rendered":"<p>NUEVO\u00a1Ahora puedes escuchar art\u00edculos de Fox News! Apenas unas horas despu\u00e9s de los ataques de Israel sobre las instalaciones nucleares y militares de Ir\u00e1n, el primer ministro israel\u00ed Benjamin Netanyahu hizo un llamamiento directo al pueblo iran\u00ed y dijo: \u00abEsta es su oportunidad de ponerse de pie. [to the regime]\u00bb La posici\u00f3n del r\u00e9gimen no &hellip;<\/p>\n","protected":false},"author":1,"featured_media":31694,"comment_status":"open","ping_status":"open","sticky":false,"template":"","format":"standard","meta":{"fifu_image_url":"https:\/\/static.foxnews.com\/foxnews.com\/content\/uploads\/2025\/01\/61ae9d70-netanyahu.jpg","fifu_image_alt":"","footnotes":""},"categories":[13],"tags":[],"class_list":["post-31692","post","type-post","status-publish","format-standard","has-post-thumbnail","","category-mundo"],"_links":{"self":[{"href":"https:\/\/noticiasveraces.com\/index.php?rest_route=\/wp\/v2\/posts\/31692","targetHints":{"allow":["GET"]}}],"collection":[{"href":"https:\/\/noticiasveraces.com\/index.php?rest_route=\/wp\/v2\/posts"}],"about":[{"href":"https:\/\/noticiasveraces.com\/index.php?rest_route=\/wp\/v2\/types\/post"}],"author":[{"embeddable":true,"href":"https:\/\/noticiasveraces.com\/index.php?rest_route=\/wp\/v2\/users\/1"}],"replies":[{"embeddable":true,"href":"https:\/\/noticiasveraces.com\/index.php?rest_route=%2Fwp%2Fv2%2Fcomments&post=31692"}],"version-history":[{"count":0,"href":"https:\/\/noticiasveraces.com\/index.php?rest_route=\/wp\/v2\/posts\/31692\/revisions"}],"wp:featuredmedia":[{"embeddable":true,"href":"https:\/\/noticiasveraces.com\/index.php?rest_route=\/wp\/v2\/media\/31694"}],"wp:attachment":[{"href":"https:\/\/noticiasveraces.com\/index.php?rest_route=%2Fwp%2Fv2%2Fmedia&parent=31692"}],"wp:term":[{"taxonomy":"category","embeddable":true,"href":"https:\/\/noticiasveraces.com\/index.php?rest_route=%2Fwp%2Fv2%2Fcategories&post=31692"},{"taxonomy":"post_tag","embeddable":true,"href":"https:\/\/noticiasveraces.com\/index.php?rest_route=%2Fwp%2Fv2%2Ftags&post=31692"}],"curies":[{"name":"wp","href":"https:\/\/api.w.org\/{rel}","templated":true}]}}