{"id":31668,"date":"2025-06-14T15:17:47","date_gmt":"2025-06-14T19:17:47","guid":{"rendered":"https:\/\/noticiasveraces.com\/?p=31668"},"modified":"2025-06-14T15:17:47","modified_gmt":"2025-06-14T19:17:47","slug":"miles-se-reunen-en-ciudades-de-todo-el-pais-para-manifestaciones-de-no-reyes","status":"publish","type":"post","link":"https:\/\/noticiasveraces.com\/?p=31668","title":{"rendered":"Miles se re\u00fanen en ciudades de todo el pa\u00eds para manifestaciones de &#8216;no reyes&#8217;"},"content":{"rendered":"<p> \n<\/p>\n<div id=\"content\">\n<p>IE 11 no es compatible. Para una experiencia \u00f3ptima, visite nuestro sitio en otro navegador.<button type=\"button\" aria-label=\"close\" class=\"alert-banner__close-button icon icon-close\"\/><\/p>\n<div>\n<div class=\"video-page\" data-testid=\"video-page\">\n<div class=\"video-page__video\">\n<div class=\"video-page__main\">\n<div class=\"video-page__player\" data-testid=\"video-page__player\">\n<div class=\"styles_gridStackWrapper__Z_AMc styles_videoContainer___xc7B video-container paused\" data-testid=\"gamma-video-player-autoplay\">\n<div class=\"styles_gridStackWrapper__Z_AMc videoSlate styles_videoSlate__IvkAP\"><picture class=\"\" data-testid=\"picture\"><source media=\"(min-width: 1240px)\" srcset=\"https:\/\/media-cldnry.s-nbcnews.com\/image\/upload\/t_focal-860x484,f_auto,q_auto:best\/mpx\/2704722219\/2025_06\/NoKingsMiami-aoz8af.jpg\"\/><source media=\"(min-width: 758px)\" srcset=\"https:\/\/media-cldnry.s-nbcnews.com\/image\/upload\/t_focal-1000x563,f_auto,q_auto:best\/mpx\/2704722219\/2025_06\/NoKingsMiami-aoz8af.jpg\"\/><source media=\"(min-width: 320px)\" srcset=\"https:\/\/media-cldnry.s-nbcnews.com\/image\/upload\/t_focal-760x428,f_auto,q_auto:best\/mpx\/2704722219\/2025_06\/NoKingsMiami-aoz8af.jpg\"\/><img decoding=\"async\" src=\"https:\/\/media-cldnry.s-nbcnews.com\/image\/upload\/t_focal-760x428,f_auto,q_auto:best\/mpx\/2704722219\/2025_06\/NoKingsMiami-aoz8af.jpg\" alt=\"\"\/><\/picture><\/div>\n<\/div>\n<\/div>\n<div class=\"video-page__drawer\"><button class=\"styles_prevButton___kn9P styles_disabled__TOBLY\" type=\"button\" data-testid=\"prev-button\"><span class=\"icon icon-back\"\/><\/button><\/p>\n<div class=\"styles_playlistDrawer__ttvMO\" data-testid=\"playlist-drawer\">\n<section class=\"styles_playlist__AdfYR\">\n<ul class=\"styles_videos__IxbCG\">\n<li class=\"styles_video__WPPDb\">\n<div class=\"playlist-drawer__video\" data-testid=\"playlist-drawer-video\">\n<div class=\"playlist-drawer__thumbnail\"><picture class=\"playlist-drawer__thumbnail\" data-testid=\"picture\"><source media=\"(min-width: 1000px)\" srcset=\"https:\/\/media-cldnry.s-nbcnews.com\/image\/upload\/t_focal-280x140,f_auto,q_auto:best\/mpx\/2704722219\/2025_06\/1749927128061_now_brk_minnesota_suspect_named_250614_1920x1080-c5grf2.jpg\"\/><source media=\"(min-width: 758px)\" srcset=\"https:\/\/media-cldnry.s-nbcnews.com\/image\/upload\/t_focal-760x380,f_auto,q_auto:best\/mpx\/2704722219\/2025_06\/1749927128061_now_brk_minnesota_suspect_named_250614_1920x1080-c5grf2.jpg\"\/><source media=\"(min-width: 320px)\" srcset=\"https:\/\/media-cldnry.s-nbcnews.com\/image\/upload\/t_focal-520x260,f_auto,q_auto:best\/mpx\/2704722219\/2025_06\/1749927128061_now_brk_minnesota_suspect_named_250614_1920x1080-c5grf2.jpg\"\/><img decoding=\"async\" loading=\"lazy\" src=\"https:\/\/media-cldnry.s-nbcnews.com\/image\/upload\/t_focal-520x260,f_auto,q_auto:best\/mpx\/2704722219\/2025_06\/1749927128061_now_brk_minnesota_suspect_named_250614_1920x1080-c5grf2.jpg\" alt=\"\"\/><\/picture><\/div>\n<p><h2 class=\"playlist-drawer__title\" data-testid=\"playlist-title\">Sospechoso nombrado en el tiroteo fatal del legislador de Minnesota<\/h2>\n<p><span class=\"playlist-drawer__duration founders-mono\" data-testid=\"playlist-duration\">05:09<\/span><\/p>\n<\/div>\n<\/li>\n<li class=\"styles_video__WPPDb\">\n<div class=\"playlist-drawer__video\" data-testid=\"playlist-drawer-video\">\n<div class=\"playlist-drawer__thumbnail\"><picture class=\"playlist-drawer__thumbnail\" data-testid=\"picture\"><source media=\"(min-width: 1000px)\" srcset=\"https:\/\/media-cldnry.s-nbcnews.com\/image\/upload\/t_focal-280x140,f_auto,q_auto:best\/mpx\/2704722219\/2025_06\/1749925642726_now_brk_trump_minnesota_250612_1920x1080-cj8t1t.jpg\"\/><source media=\"(min-width: 758px)\" srcset=\"https:\/\/media-cldnry.s-nbcnews.com\/image\/upload\/t_focal-760x380,f_auto,q_auto:best\/mpx\/2704722219\/2025_06\/1749925642726_now_brk_trump_minnesota_250612_1920x1080-cj8t1t.jpg\"\/><source media=\"(min-width: 320px)\" srcset=\"https:\/\/media-cldnry.s-nbcnews.com\/image\/upload\/t_focal-520x260,f_auto,q_auto:best\/mpx\/2704722219\/2025_06\/1749925642726_now_brk_trump_minnesota_250612_1920x1080-cj8t1t.jpg\"\/><img decoding=\"async\" loading=\"lazy\" src=\"https:\/\/media-cldnry.s-nbcnews.com\/image\/upload\/t_focal-520x260,f_auto,q_auto:best\/mpx\/2704722219\/2025_06\/1749925642726_now_brk_trump_minnesota_250612_1920x1080-cj8t1t.jpg\" alt=\"\"\/><\/picture><\/div>\n<p><h2 class=\"playlist-drawer__title\" data-testid=\"playlist-title\">Trump emite una declaraci\u00f3n condenando los tiroteos de Minnesota<\/h2>\n<p><span class=\"playlist-drawer__duration founders-mono\" data-testid=\"playlist-duration\">02:11<\/span><\/p>\n<\/div>\n<\/li>\n<li class=\"styles_video__WPPDb\">\n<div class=\"playlist-drawer__video\" data-testid=\"playlist-drawer-video\">\n<div class=\"playlist-drawer__thumbnail\">\n<p>Ahora jugando<\/p>\n<picture class=\"playlist-drawer__thumbnail\" data-testid=\"picture\"><source media=\"(min-width: 1000px)\" srcset=\"https:\/\/media-cldnry.s-nbcnews.com\/image\/upload\/t_focal-280x140,f_auto,q_auto:best\/mpx\/2704722219\/2025_06\/NoKingsMiami-aoz8af.jpg\"\/><source media=\"(min-width: 758px)\" srcset=\"https:\/\/media-cldnry.s-nbcnews.com\/image\/upload\/t_focal-760x380,f_auto,q_auto:best\/mpx\/2704722219\/2025_06\/NoKingsMiami-aoz8af.jpg\"\/><source media=\"(min-width: 320px)\" srcset=\"https:\/\/media-cldnry.s-nbcnews.com\/image\/upload\/t_focal-520x260,f_auto,q_auto:best\/mpx\/2704722219\/2025_06\/NoKingsMiami-aoz8af.jpg\"\/><img decoding=\"async\" loading=\"lazy\" src=\"https:\/\/media-cldnry.s-nbcnews.com\/image\/upload\/t_focal-520x260,f_auto,q_auto:best\/mpx\/2704722219\/2025_06\/NoKingsMiami-aoz8af.jpg\" alt=\"\"\/><\/picture><\/div>\n<p><h2 class=\"playlist-drawer__title\" data-testid=\"playlist-title\">Miles se re\u00fanen en ciudades de todo el pa\u00eds para manifestaciones de &#8216;no reyes&#8217;<\/h2>\n<p><span class=\"playlist-drawer__duration founders-mono\" data-testid=\"playlist-duration\">01:56<\/span><\/p>\n<\/div>\n<\/li>\n<li class=\"styles_video__WPPDb\">\n<div class=\"playlist-drawer__video\" data-testid=\"playlist-drawer-video\">\n<p>A continuaci\u00f3n<\/p>\n<div class=\"playlist-drawer__thumbnail\"><picture class=\"playlist-drawer__thumbnail\" data-testid=\"picture\"><source media=\"(min-width: 1000px)\" srcset=\"https:\/\/media-cldnry.s-nbcnews.com\/image\/upload\/t_focal-280x140,f_auto,q_auto:best\/mpx\/2704722219\/2025_06\/1749907723497_tdy_sat_kilmar_abrego_garcia_250614_1920x1080-7oytn2.jpg\"\/><source media=\"(min-width: 758px)\" srcset=\"https:\/\/media-cldnry.s-nbcnews.com\/image\/upload\/t_focal-760x380,f_auto,q_auto:best\/mpx\/2704722219\/2025_06\/1749907723497_tdy_sat_kilmar_abrego_garcia_250614_1920x1080-7oytn2.jpg\"\/><source media=\"(min-width: 320px)\" srcset=\"https:\/\/media-cldnry.s-nbcnews.com\/image\/upload\/t_focal-520x260,f_auto,q_auto:best\/mpx\/2704722219\/2025_06\/1749907723497_tdy_sat_kilmar_abrego_garcia_250614_1920x1080-7oytn2.jpg\"\/><img decoding=\"async\" loading=\"lazy\" src=\"https:\/\/media-cldnry.s-nbcnews.com\/image\/upload\/t_focal-520x260,f_auto,q_auto:best\/mpx\/2704722219\/2025_06\/1749907723497_tdy_sat_kilmar_abrego_garcia_250614_1920x1080-7oytn2.jpg\" alt=\"\"\/><\/picture><\/div>\n<p><h2 class=\"playlist-drawer__title\" data-testid=\"playlist-title\">Abrego Garc\u00eda se declara inocente de los cargos de contrabando humanos<\/h2>\n<p><span class=\"playlist-drawer__duration founders-mono\" data-testid=\"playlist-duration\">00:28<\/span><\/p>\n<\/div>\n<\/li>\n<li class=\"styles_video__WPPDb\">\n<div class=\"playlist-drawer__video\" data-testid=\"playlist-drawer-video\">\n<div class=\"playlist-drawer__thumbnail\"><picture class=\"playlist-drawer__thumbnail\" data-testid=\"picture\"><source media=\"(min-width: 1000px)\" srcset=\"https:\/\/media-cldnry.s-nbcnews.com\/image\/upload\/t_focal-280x140,f_auto,q_auto:best\/mpx\/2704722219\/2025_06\/1749907555772_tdy_sat_patterson_la_no_kings_protests_250614_1920x1080-irbhbf.jpg\"\/><source media=\"(min-width: 758px)\" srcset=\"https:\/\/media-cldnry.s-nbcnews.com\/image\/upload\/t_focal-760x380,f_auto,q_auto:best\/mpx\/2704722219\/2025_06\/1749907555772_tdy_sat_patterson_la_no_kings_protests_250614_1920x1080-irbhbf.jpg\"\/><source media=\"(min-width: 320px)\" srcset=\"https:\/\/media-cldnry.s-nbcnews.com\/image\/upload\/t_focal-520x260,f_auto,q_auto:best\/mpx\/2704722219\/2025_06\/1749907555772_tdy_sat_patterson_la_no_kings_protests_250614_1920x1080-irbhbf.jpg\"\/><img decoding=\"async\" loading=\"lazy\" src=\"https:\/\/media-cldnry.s-nbcnews.com\/image\/upload\/t_focal-520x260,f_auto,q_auto:best\/mpx\/2704722219\/2025_06\/1749907555772_tdy_sat_patterson_la_no_kings_protests_250614_1920x1080-irbhbf.jpg\" alt=\"\"\/><\/picture><\/div>\n<p><h2 class=\"playlist-drawer__title\" data-testid=\"playlist-title\">LA permanece en alerta m\u00e1xima antes de las protestas planificadas de &#8216;no reyes&#8217;<\/h2>\n<p><span class=\"playlist-drawer__duration founders-mono\" data-testid=\"playlist-duration\">01:37<\/span><\/p>\n<\/div>\n<\/li>\n<li class=\"styles_video__WPPDb\">\n<div class=\"playlist-drawer__video\" data-testid=\"playlist-drawer-video\">\n<div class=\"playlist-drawer__thumbnail\"><picture class=\"playlist-drawer__thumbnail\" data-testid=\"picture\"><source media=\"(min-width: 1000px)\" srcset=\"https:\/\/media-cldnry.s-nbcnews.com\/image\/upload\/t_focal-280x140,f_auto,q_auto:best\/mpx\/2704722219\/2025_06\/1749907384725_tdy_sat_alcindor_us_israel_iran_250614_1920x1080-4athyr.jpg\"\/><source media=\"(min-width: 758px)\" srcset=\"https:\/\/media-cldnry.s-nbcnews.com\/image\/upload\/t_focal-760x380,f_auto,q_auto:best\/mpx\/2704722219\/2025_06\/1749907384725_tdy_sat_alcindor_us_israel_iran_250614_1920x1080-4athyr.jpg\"\/><source media=\"(min-width: 320px)\" srcset=\"https:\/\/media-cldnry.s-nbcnews.com\/image\/upload\/t_focal-520x260,f_auto,q_auto:best\/mpx\/2704722219\/2025_06\/1749907384725_tdy_sat_alcindor_us_israel_iran_250614_1920x1080-4athyr.jpg\"\/><img decoding=\"async\" loading=\"lazy\" src=\"https:\/\/media-cldnry.s-nbcnews.com\/image\/upload\/t_focal-520x260,f_auto,q_auto:best\/mpx\/2704722219\/2025_06\/1749907384725_tdy_sat_alcindor_us_israel_iran_250614_1920x1080-4athyr.jpg\" alt=\"\"\/><\/picture><\/div>\n<p><h2 class=\"playlist-drawer__title\" data-testid=\"playlist-title\">Asisti\u00f3 a Israel en defensa contra Ir\u00e1n, dicen las autoridades<\/h2>\n<p><span class=\"playlist-drawer__duration founders-mono\" data-testid=\"playlist-duration\">03:22<\/span><\/p>\n<\/div>\n<\/li>\n<li class=\"styles_video__WPPDb\">\n<div class=\"playlist-drawer__video\" data-testid=\"playlist-drawer-video\">\n<div class=\"playlist-drawer__thumbnail\"><picture class=\"playlist-drawer__thumbnail\" data-testid=\"picture\"><source media=\"(min-width: 1000px)\" srcset=\"https:\/\/media-cldnry.s-nbcnews.com\/image\/upload\/t_focal-280x140,f_auto,q_auto:best\/mpx\/2704722219\/2025_06\/1749902785297_tdy_sat_bradley_iran_israel_250614_1920x1080-bp2i91.jpg\"\/><source media=\"(min-width: 758px)\" srcset=\"https:\/\/media-cldnry.s-nbcnews.com\/image\/upload\/t_focal-760x380,f_auto,q_auto:best\/mpx\/2704722219\/2025_06\/1749902785297_tdy_sat_bradley_iran_israel_250614_1920x1080-bp2i91.jpg\"\/><source media=\"(min-width: 320px)\" srcset=\"https:\/\/media-cldnry.s-nbcnews.com\/image\/upload\/t_focal-520x260,f_auto,q_auto:best\/mpx\/2704722219\/2025_06\/1749902785297_tdy_sat_bradley_iran_israel_250614_1920x1080-bp2i91.jpg\"\/><img decoding=\"async\" loading=\"lazy\" src=\"https:\/\/media-cldnry.s-nbcnews.com\/image\/upload\/t_focal-520x260,f_auto,q_auto:best\/mpx\/2704722219\/2025_06\/1749902785297_tdy_sat_bradley_iran_israel_250614_1920x1080-bp2i91.jpg\" alt=\"\"\/><\/picture><\/div>\n<p><h2 class=\"playlist-drawer__title\" data-testid=\"playlist-title\">Ir\u00e1n responde al ataque de Israel con oleadas de ataques a\u00e9reos<\/h2>\n<p><span class=\"playlist-drawer__duration founders-mono\" data-testid=\"playlist-duration\">02:33<\/span><\/p>\n<\/div>\n<\/li>\n<li class=\"styles_video__WPPDb\">\n<div class=\"playlist-drawer__video\" data-testid=\"playlist-drawer-video\">\n<div class=\"playlist-drawer__thumbnail\"><picture class=\"playlist-drawer__thumbnail\" data-testid=\"picture\"><source media=\"(min-width: 1000px)\" srcset=\"https:\/\/media-cldnry.s-nbcnews.com\/image\/upload\/t_focal-280x140,f_auto,q_auto:best\/mpx\/2704722219\/2025_06\/1749863305741_n_theweeknight_host_talk_trump_immigration_deportations_250613_1920x1080-pmyqs1.jpg\"\/><source media=\"(min-width: 758px)\" srcset=\"https:\/\/media-cldnry.s-nbcnews.com\/image\/upload\/t_focal-760x380,f_auto,q_auto:best\/mpx\/2704722219\/2025_06\/1749863305741_n_theweeknight_host_talk_trump_immigration_deportations_250613_1920x1080-pmyqs1.jpg\"\/><source media=\"(min-width: 320px)\" srcset=\"https:\/\/media-cldnry.s-nbcnews.com\/image\/upload\/t_focal-520x260,f_auto,q_auto:best\/mpx\/2704722219\/2025_06\/1749863305741_n_theweeknight_host_talk_trump_immigration_deportations_250613_1920x1080-pmyqs1.jpg\"\/><img decoding=\"async\" loading=\"lazy\" src=\"https:\/\/media-cldnry.s-nbcnews.com\/image\/upload\/t_focal-520x260,f_auto,q_auto:best\/mpx\/2704722219\/2025_06\/1749863305741_n_theweeknight_host_talk_trump_immigration_deportations_250613_1920x1080-pmyqs1.jpg\" alt=\"\"\/><\/picture><\/div>\n<p><h2 class=\"playlist-drawer__title\" data-testid=\"playlist-title\">Flip-flopper en jefe: Trump afirma suavizar la pol\u00edtica de inmigraci\u00f3n sin acci\u00f3n<\/h2>\n<p><span class=\"playlist-drawer__duration founders-mono\" data-testid=\"playlist-duration\">03:14<\/span><\/p>\n<\/div>\n<\/li>\n<li class=\"styles_video__WPPDb\">\n<div class=\"playlist-drawer__video\" data-testid=\"playlist-drawer-video\">\n<div class=\"playlist-drawer__thumbnail\"><picture class=\"playlist-drawer__thumbnail\" data-testid=\"picture\"><source media=\"(min-width: 1000px)\" srcset=\"https:\/\/media-cldnry.s-nbcnews.com\/image\/upload\/t_focal-280x140,f_auto,q_auto:best\/mpx\/2704722219\/2025_06\/1749855287771_nn_kod_military_parade_260613_1920x1080-xb9rhn.jpg\"\/><source media=\"(min-width: 758px)\" srcset=\"https:\/\/media-cldnry.s-nbcnews.com\/image\/upload\/t_focal-760x380,f_auto,q_auto:best\/mpx\/2704722219\/2025_06\/1749855287771_nn_kod_military_parade_260613_1920x1080-xb9rhn.jpg\"\/><source media=\"(min-width: 320px)\" srcset=\"https:\/\/media-cldnry.s-nbcnews.com\/image\/upload\/t_focal-520x260,f_auto,q_auto:best\/mpx\/2704722219\/2025_06\/1749855287771_nn_kod_military_parade_260613_1920x1080-xb9rhn.jpg\"\/><img decoding=\"async\" loading=\"lazy\" src=\"https:\/\/media-cldnry.s-nbcnews.com\/image\/upload\/t_focal-520x260,f_auto,q_auto:best\/mpx\/2704722219\/2025_06\/1749855287771_nn_kod_military_parade_260613_1920x1080-xb9rhn.jpg\" alt=\"\"\/><\/picture><\/div>\n<p><h2 class=\"playlist-drawer__title\" data-testid=\"playlist-title\">El desfile militar de Trump contar\u00e1 con 7,000 soldados y m\u00e1s de 60 aviones<\/h2>\n<p><span class=\"playlist-drawer__duration founders-mono\" data-testid=\"playlist-duration\">01:36<\/span><\/p>\n<\/div>\n<\/li>\n<li class=\"styles_video__WPPDb\">\n<div class=\"playlist-drawer__video\" data-testid=\"playlist-drawer-video\">\n<div class=\"playlist-drawer__thumbnail\"><picture class=\"playlist-drawer__thumbnail\" data-testid=\"picture\"><source media=\"(min-width: 1000px)\" srcset=\"https:\/\/media-cldnry.s-nbcnews.com\/image\/upload\/t_focal-280x140,f_auto,q_auto:best\/mpx\/2704722219\/2025_06\/1749848240701_now_mtp_full_mciver_250613_1920x1080-oqq6dp.jpg\"\/><source media=\"(min-width: 758px)\" srcset=\"https:\/\/media-cldnry.s-nbcnews.com\/image\/upload\/t_focal-760x380,f_auto,q_auto:best\/mpx\/2704722219\/2025_06\/1749848240701_now_mtp_full_mciver_250613_1920x1080-oqq6dp.jpg\"\/><source media=\"(min-width: 320px)\" srcset=\"https:\/\/media-cldnry.s-nbcnews.com\/image\/upload\/t_focal-520x260,f_auto,q_auto:best\/mpx\/2704722219\/2025_06\/1749848240701_now_mtp_full_mciver_250613_1920x1080-oqq6dp.jpg\"\/><img decoding=\"async\" loading=\"lazy\" src=\"https:\/\/media-cldnry.s-nbcnews.com\/image\/upload\/t_focal-520x260,f_auto,q_auto:best\/mpx\/2704722219\/2025_06\/1749848240701_now_mtp_full_mciver_250613_1920x1080-oqq6dp.jpg\" alt=\"\"\/><\/picture><\/div>\n<p><h2 class=\"playlist-drawer__title\" data-testid=\"playlist-title\">&#8216;Rid\u00edculo&#8217;: el dem\u00f3crata de la C\u00e1mara de Representantes reacciona a ser acusado por X por el abogado designado por Trump<\/h2>\n<p><span class=\"playlist-drawer__duration founders-mono\" data-testid=\"playlist-duration\">08:36<\/span><\/p>\n<\/div>\n<\/li>\n<li class=\"styles_video__WPPDb\">\n<div class=\"playlist-drawer__video\" data-testid=\"playlist-drawer-video\">\n<div class=\"playlist-drawer__thumbnail\"><picture class=\"playlist-drawer__thumbnail\" data-testid=\"picture\"><source media=\"(min-width: 1000px)\" srcset=\"https:\/\/media-cldnry.s-nbcnews.com\/image\/upload\/t_focal-280x140,f_auto,q_auto:best\/mpx\/2704722219\/2025_06\/1749846481300_now_mtp_clip_israel_250613_1920x1080-pryix3.jpg\"\/><source media=\"(min-width: 758px)\" srcset=\"https:\/\/media-cldnry.s-nbcnews.com\/image\/upload\/t_focal-760x380,f_auto,q_auto:best\/mpx\/2704722219\/2025_06\/1749846481300_now_mtp_clip_israel_250613_1920x1080-pryix3.jpg\"\/><source media=\"(min-width: 320px)\" srcset=\"https:\/\/media-cldnry.s-nbcnews.com\/image\/upload\/t_focal-520x260,f_auto,q_auto:best\/mpx\/2704722219\/2025_06\/1749846481300_now_mtp_clip_israel_250613_1920x1080-pryix3.jpg\"\/><img decoding=\"async\" loading=\"lazy\" src=\"https:\/\/media-cldnry.s-nbcnews.com\/image\/upload\/t_focal-520x260,f_auto,q_auto:best\/mpx\/2704722219\/2025_06\/1749846481300_now_mtp_clip_israel_250613_1920x1080-pryix3.jpg\" alt=\"\"\/><\/picture><\/div>\n<p><h2 class=\"playlist-drawer__title\" data-testid=\"playlist-title\">Ir\u00e1n &#8216;gravemente da\u00f1ado&#8217; lanza huelgas de represalia contra Israel<\/h2>\n<p><span class=\"playlist-drawer__duration founders-mono\" data-testid=\"playlist-duration\">22:46<\/span><\/p>\n<\/div>\n<\/li>\n<li class=\"styles_video__WPPDb\">\n<div class=\"playlist-drawer__video\" data-testid=\"playlist-drawer-video\">\n<div class=\"playlist-drawer__thumbnail\"><picture class=\"playlist-drawer__thumbnail\" data-testid=\"picture\"><source media=\"(min-width: 1000px)\" srcset=\"https:\/\/media-cldnry.s-nbcnews.com\/image\/upload\/t_focal-280x140,f_auto,q_auto:best\/mpx\/2704722219\/2025_06\/1749844639898_nbc_spec_alba_israel_iran_us_involvement_250612_1920x1080-t7bwr5.jpg\"\/><source media=\"(min-width: 758px)\" srcset=\"https:\/\/media-cldnry.s-nbcnews.com\/image\/upload\/t_focal-760x380,f_auto,q_auto:best\/mpx\/2704722219\/2025_06\/1749844639898_nbc_spec_alba_israel_iran_us_involvement_250612_1920x1080-t7bwr5.jpg\"\/><source media=\"(min-width: 320px)\" srcset=\"https:\/\/media-cldnry.s-nbcnews.com\/image\/upload\/t_focal-520x260,f_auto,q_auto:best\/mpx\/2704722219\/2025_06\/1749844639898_nbc_spec_alba_israel_iran_us_involvement_250612_1920x1080-t7bwr5.jpg\"\/><img decoding=\"async\" loading=\"lazy\" src=\"https:\/\/media-cldnry.s-nbcnews.com\/image\/upload\/t_focal-520x260,f_auto,q_auto:best\/mpx\/2704722219\/2025_06\/1749844639898_nbc_spec_alba_israel_iran_us_involvement_250612_1920x1080-t7bwr5.jpg\" alt=\"\"\/><\/picture><\/div>\n<p><h2 class=\"playlist-drawer__title\" data-testid=\"playlist-title\">Asisti\u00f3 a Israel de EE. UU. Deliminar misiles iran\u00edes<\/h2>\n<p><span class=\"playlist-drawer__duration founders-mono\" data-testid=\"playlist-duration\">01:44<\/span><\/p>\n<\/div>\n<\/li>\n<li class=\"styles_video__WPPDb\">\n<div class=\"playlist-drawer__video\" data-testid=\"playlist-drawer-video\">\n<div class=\"playlist-drawer__thumbnail\"><picture class=\"playlist-drawer__thumbnail\" data-testid=\"picture\"><source media=\"(min-width: 1000px)\" srcset=\"https:\/\/media-cldnry.s-nbcnews.com\/image\/upload\/t_focal-280x140,f_auto,q_auto:best\/mpx\/2704722219\/2025_06\/IveySite-wjxw1s.jpg\"\/><source media=\"(min-width: 758px)\" srcset=\"https:\/\/media-cldnry.s-nbcnews.com\/image\/upload\/t_focal-760x380,f_auto,q_auto:best\/mpx\/2704722219\/2025_06\/IveySite-wjxw1s.jpg\"\/><source media=\"(min-width: 320px)\" srcset=\"https:\/\/media-cldnry.s-nbcnews.com\/image\/upload\/t_focal-520x260,f_auto,q_auto:best\/mpx\/2704722219\/2025_06\/IveySite-wjxw1s.jpg\"\/><img decoding=\"async\" loading=\"lazy\" src=\"https:\/\/media-cldnry.s-nbcnews.com\/image\/upload\/t_focal-520x260,f_auto,q_auto:best\/mpx\/2704722219\/2025_06\/IveySite-wjxw1s.jpg\" alt=\"\"\/><\/picture><\/div>\n<p><h2 class=\"playlist-drawer__title\" data-testid=\"playlist-title\">&#8216;Te mataremos&#8217;: el sheriff de Florida amenaza a los posibles manifestantes violentos<\/h2>\n<p><span class=\"playlist-drawer__duration founders-mono\" data-testid=\"playlist-duration\">02:22<\/span><\/p>\n<\/div>\n<\/li>\n<li class=\"styles_video__WPPDb\">\n<div class=\"playlist-drawer__video\" data-testid=\"playlist-drawer-video\">\n<div class=\"playlist-drawer__thumbnail\"><picture class=\"playlist-drawer__thumbnail\" data-testid=\"picture\"><source media=\"(min-width: 1000px)\" srcset=\"https:\/\/media-cldnry.s-nbcnews.com\/image\/upload\/t_focal-280x140,f_auto,q_auto:best\/mpx\/2704722219\/2025_06\/1749815049842_tdy_news_7a_gabe_trump_parade_250613_1920x1080-af6uqc.jpg\"\/><source media=\"(min-width: 758px)\" srcset=\"https:\/\/media-cldnry.s-nbcnews.com\/image\/upload\/t_focal-760x380,f_auto,q_auto:best\/mpx\/2704722219\/2025_06\/1749815049842_tdy_news_7a_gabe_trump_parade_250613_1920x1080-af6uqc.jpg\"\/><source media=\"(min-width: 320px)\" srcset=\"https:\/\/media-cldnry.s-nbcnews.com\/image\/upload\/t_focal-520x260,f_auto,q_auto:best\/mpx\/2704722219\/2025_06\/1749815049842_tdy_news_7a_gabe_trump_parade_250613_1920x1080-af6uqc.jpg\"\/><img decoding=\"async\" loading=\"lazy\" src=\"https:\/\/media-cldnry.s-nbcnews.com\/image\/upload\/t_focal-520x260,f_auto,q_auto:best\/mpx\/2704722219\/2025_06\/1749815049842_tdy_news_7a_gabe_trump_parade_250613_1920x1080-af6uqc.jpg\" alt=\"\"\/><\/picture><\/div>\n<p><h2 class=\"playlist-drawer__title\" data-testid=\"playlist-title\">Las protestas de &#8216;no reyes&#8217; planearon antes del desfile militar de Trump<\/h2>\n<p><span class=\"playlist-drawer__duration founders-mono\" data-testid=\"playlist-duration\">02:18<\/span><\/p>\n<\/div>\n<\/li>\n<li class=\"styles_video__WPPDb\">\n<div class=\"playlist-drawer__video\" data-testid=\"playlist-drawer-video\">\n<div class=\"playlist-drawer__thumbnail\"><picture class=\"playlist-drawer__thumbnail\" data-testid=\"picture\"><source media=\"(min-width: 1000px)\" srcset=\"https:\/\/media-cldnry.s-nbcnews.com\/image\/upload\/t_focal-280x140,f_auto,q_auto:best\/mpx\/2704722219\/2025_06\/1749814559365_tdy_news_7a_kreutz_padilla_250613_1920x1080-db74ng.jpg\"\/><source media=\"(min-width: 758px)\" srcset=\"https:\/\/media-cldnry.s-nbcnews.com\/image\/upload\/t_focal-760x380,f_auto,q_auto:best\/mpx\/2704722219\/2025_06\/1749814559365_tdy_news_7a_kreutz_padilla_250613_1920x1080-db74ng.jpg\"\/><source media=\"(min-width: 320px)\" srcset=\"https:\/\/media-cldnry.s-nbcnews.com\/image\/upload\/t_focal-520x260,f_auto,q_auto:best\/mpx\/2704722219\/2025_06\/1749814559365_tdy_news_7a_kreutz_padilla_250613_1920x1080-db74ng.jpg\"\/><img decoding=\"async\" loading=\"lazy\" src=\"https:\/\/media-cldnry.s-nbcnews.com\/image\/upload\/t_focal-520x260,f_auto,q_auto:best\/mpx\/2704722219\/2025_06\/1749814559365_tdy_news_7a_kreutz_padilla_250613_1920x1080-db74ng.jpg\" alt=\"\"\/><\/picture><\/div>\n<p><h2 class=\"playlist-drawer__title\" data-testid=\"playlist-title\">Senador Alex Padilla retirado por la fuerza de la conferencia de prensa de Noem<\/h2>\n<p><span class=\"playlist-drawer__duration founders-mono\" data-testid=\"playlist-duration\">02:15<\/span><\/p>\n<\/div>\n<\/li>\n<li class=\"styles_video__WPPDb\">\n<div class=\"playlist-drawer__video\" data-testid=\"playlist-drawer-video\">\n<div class=\"playlist-drawer__thumbnail\"><picture class=\"playlist-drawer__thumbnail\" data-testid=\"picture\"><source media=\"(min-width: 1000px)\" srcset=\"https:\/\/media-cldnry.s-nbcnews.com\/image\/upload\/t_focal-280x140,f_auto,q_auto:best\/mpx\/2704722219\/2025_06\/1749781852778_now_brk_newsom_trump_king_250612_1920x1080-cagzxf.jpg\"\/><source media=\"(min-width: 758px)\" srcset=\"https:\/\/media-cldnry.s-nbcnews.com\/image\/upload\/t_focal-760x380,f_auto,q_auto:best\/mpx\/2704722219\/2025_06\/1749781852778_now_brk_newsom_trump_king_250612_1920x1080-cagzxf.jpg\"\/><source media=\"(min-width: 320px)\" srcset=\"https:\/\/media-cldnry.s-nbcnews.com\/image\/upload\/t_focal-520x260,f_auto,q_auto:best\/mpx\/2704722219\/2025_06\/1749781852778_now_brk_newsom_trump_king_250612_1920x1080-cagzxf.jpg\"\/><img decoding=\"async\" loading=\"lazy\" src=\"https:\/\/media-cldnry.s-nbcnews.com\/image\/upload\/t_focal-520x260,f_auto,q_auto:best\/mpx\/2704722219\/2025_06\/1749781852778_now_brk_newsom_trump_king_250612_1920x1080-cagzxf.jpg\" alt=\"\"\/><\/picture><\/div>\n<p><h2 class=\"playlist-drawer__title\" data-testid=\"playlist-title\">Newsom dice que Trump no es un &#8216;rey o monarca&#8217; despu\u00e9s de la orden de la Guardia Nacional del Juez<\/h2>\n<p><span class=\"playlist-drawer__duration founders-mono\" data-testid=\"playlist-duration\">01:02<\/span><\/p>\n<\/div>\n<\/li>\n<li class=\"styles_video__WPPDb\">\n<div class=\"playlist-drawer__video\" data-testid=\"playlist-drawer-video\">\n<div class=\"playlist-drawer__thumbnail\"><picture class=\"playlist-drawer__thumbnail\" data-testid=\"picture\"><source media=\"(min-width: 1000px)\" srcset=\"https:\/\/media-cldnry.s-nbcnews.com\/image\/upload\/t_focal-280x140,f_auto,q_auto:best\/mpx\/2704722219\/2025_06\/1749778512160_nbc_spec_trump_national_guard_ca_250612_1920x1080-7zcphm.jpg\"\/><source media=\"(min-width: 758px)\" srcset=\"https:\/\/media-cldnry.s-nbcnews.com\/image\/upload\/t_focal-760x380,f_auto,q_auto:best\/mpx\/2704722219\/2025_06\/1749778512160_nbc_spec_trump_national_guard_ca_250612_1920x1080-7zcphm.jpg\"\/><source media=\"(min-width: 320px)\" srcset=\"https:\/\/media-cldnry.s-nbcnews.com\/image\/upload\/t_focal-520x260,f_auto,q_auto:best\/mpx\/2704722219\/2025_06\/1749778512160_nbc_spec_trump_national_guard_ca_250612_1920x1080-7zcphm.jpg\"\/><img decoding=\"async\" loading=\"lazy\" src=\"https:\/\/media-cldnry.s-nbcnews.com\/image\/upload\/t_focal-520x260,f_auto,q_auto:best\/mpx\/2704722219\/2025_06\/1749778512160_nbc_spec_trump_national_guard_ca_250612_1920x1080-7zcphm.jpg\" alt=\"\"\/><\/picture><\/div>\n<p><h2 class=\"playlist-drawer__title\" data-testid=\"playlist-title\">El juez federal impide que Trump se despliegue a la Guardia Nacional a California<\/h2>\n<p><span class=\"playlist-drawer__duration founders-mono\" data-testid=\"playlist-duration\">00:43<\/span><\/p>\n<\/div>\n<\/li>\n<li class=\"styles_video__WPPDb\">\n<div class=\"playlist-drawer__video\" data-testid=\"playlist-drawer-video\">\n<div class=\"playlist-drawer__thumbnail\"><picture class=\"playlist-drawer__thumbnail\" data-testid=\"picture\"><source media=\"(min-width: 1000px)\" srcset=\"https:\/\/media-cldnry.s-nbcnews.com\/image\/upload\/t_focal-280x140,f_auto,q_auto:best\/mpx\/2704722219\/2025_06\/Soboroff_Senator_Padilla_One_on_One_Cam_2__LA_Bureau_Studio_W__REM_073_1815-1935_250612-t126-sa3rd9.jpg\"\/><source media=\"(min-width: 758px)\" srcset=\"https:\/\/media-cldnry.s-nbcnews.com\/image\/upload\/t_focal-760x380,f_auto,q_auto:best\/mpx\/2704722219\/2025_06\/Soboroff_Senator_Padilla_One_on_One_Cam_2__LA_Bureau_Studio_W__REM_073_1815-1935_250612-t126-sa3rd9.jpg\"\/><source media=\"(min-width: 320px)\" srcset=\"https:\/\/media-cldnry.s-nbcnews.com\/image\/upload\/t_focal-520x260,f_auto,q_auto:best\/mpx\/2704722219\/2025_06\/Soboroff_Senator_Padilla_One_on_One_Cam_2__LA_Bureau_Studio_W__REM_073_1815-1935_250612-t126-sa3rd9.jpg\"\/><img decoding=\"async\" loading=\"lazy\" src=\"https:\/\/media-cldnry.s-nbcnews.com\/image\/upload\/t_focal-520x260,f_auto,q_auto:best\/mpx\/2704722219\/2025_06\/Soboroff_Senator_Padilla_One_on_One_Cam_2__LA_Bureau_Studio_W__REM_073_1815-1935_250612-t126-sa3rd9.jpg\" alt=\"\"\/><\/picture><\/div>\n<p><h2 class=\"playlist-drawer__title\" data-testid=\"playlist-title\">Entrevista extendida: el senador Padilla comparte nuevos detalles sobre su extracci\u00f3n forzada en las esposas<\/h2>\n<p><span class=\"playlist-drawer__duration founders-mono\" data-testid=\"playlist-duration\">18:10<\/span><\/p>\n<\/div>\n<\/li>\n<li class=\"styles_video__WPPDb\">\n<div class=\"playlist-drawer__video\" data-testid=\"playlist-drawer-video\">\n<div class=\"playlist-drawer__thumbnail\"><picture class=\"playlist-drawer__thumbnail\" data-testid=\"picture\"><source media=\"(min-width: 1000px)\" srcset=\"https:\/\/media-cldnry.s-nbcnews.com\/image\/upload\/t_focal-280x140,f_auto,q_auto:best\/mpx\/2704722219\/2025_06\/hochulstefanik-5nelx3.jpg\"\/><source media=\"(min-width: 758px)\" srcset=\"https:\/\/media-cldnry.s-nbcnews.com\/image\/upload\/t_focal-760x380,f_auto,q_auto:best\/mpx\/2704722219\/2025_06\/hochulstefanik-5nelx3.jpg\"\/><source media=\"(min-width: 320px)\" srcset=\"https:\/\/media-cldnry.s-nbcnews.com\/image\/upload\/t_focal-520x260,f_auto,q_auto:best\/mpx\/2704722219\/2025_06\/hochulstefanik-5nelx3.jpg\"\/><img decoding=\"async\" loading=\"lazy\" src=\"https:\/\/media-cldnry.s-nbcnews.com\/image\/upload\/t_focal-520x260,f_auto,q_auto:best\/mpx\/2704722219\/2025_06\/hochulstefanik-5nelx3.jpg\" alt=\"\"\/><\/picture><\/div>\n<p><h2 class=\"playlist-drawer__title\" data-testid=\"playlist-title\">Representante Stefanik Grills NY Gobernador en inmigrantes indocumentados<\/h2>\n<p><span class=\"playlist-drawer__duration founders-mono\" data-testid=\"playlist-duration\">01:35<\/span><\/p>\n<\/div>\n<\/li>\n<li class=\"styles_video__WPPDb\">\n<div class=\"playlist-drawer__video\" data-testid=\"playlist-drawer-video\">\n<div class=\"playlist-drawer__thumbnail\"><picture class=\"playlist-drawer__thumbnail\" data-testid=\"picture\"><source media=\"(min-width: 1000px)\" srcset=\"https:\/\/media-cldnry.s-nbcnews.com\/image\/upload\/t_focal-280x140,f_auto,q_auto:best\/mpx\/2704722219\/2025_06\/1749761939300_now_mtp_full_lieu_250612_1920x1080-a9lh01.jpg\"\/><source media=\"(min-width: 758px)\" srcset=\"https:\/\/media-cldnry.s-nbcnews.com\/image\/upload\/t_focal-760x380,f_auto,q_auto:best\/mpx\/2704722219\/2025_06\/1749761939300_now_mtp_full_lieu_250612_1920x1080-a9lh01.jpg\"\/><source media=\"(min-width: 320px)\" srcset=\"https:\/\/media-cldnry.s-nbcnews.com\/image\/upload\/t_focal-520x260,f_auto,q_auto:best\/mpx\/2704722219\/2025_06\/1749761939300_now_mtp_full_lieu_250612_1920x1080-a9lh01.jpg\"\/><img decoding=\"async\" loading=\"lazy\" src=\"https:\/\/media-cldnry.s-nbcnews.com\/image\/upload\/t_focal-520x260,f_auto,q_auto:best\/mpx\/2704722219\/2025_06\/1749761939300_now_mtp_full_lieu_250612_1920x1080-a9lh01.jpg\" alt=\"\"\/><\/picture><\/div>\n<p><h2 class=\"playlist-drawer__title\" data-testid=\"playlist-title\">El senador Padilla elimin\u00f3 por la fuerza &#8216;porque se atrevi\u00f3 a hacer preguntas a la Sec. Noem &#8216;: Calif. Dem Lawmaker<\/h2>\n<p><span class=\"playlist-drawer__duration founders-mono\" data-testid=\"playlist-duration\">08:05<\/span><\/p>\n<\/div>\n<\/li>\n<\/ul>\n<\/section>\n<\/div>\n<p><button class=\"styles_nextButton__vNvjX\" type=\"button\" data-testid=\"next-button\"><span class=\"icon icon-back\"\/><\/button><\/div>\n<\/div>\n<div class=\"layout-grid-container\">\n<div class=\"video-details__info\" data-testid=\"video-details\">\n<div class=\"video-details__title-and-share-and-dek\">\n<div class=\"video-details__dek\">\n<p class=\"video-details__dek-text\"><span class=\"video-details__dek-description\">Los manifestantes se han reunido en docenas de ciudades para participar en manifestaciones de \u00abno reyes\u00bb. Las manifestaciones se producen despu\u00e9s de d\u00edas de protestas contra las pol\u00edticas de inmigraci\u00f3n de la administraci\u00f3n Trump y coinciden con un desfile militar planificado en Washington, DC<\/span><span class=\"video-details__by-line\">14 de junio de 2025<\/span><\/p>\n<\/div>\n<p><button class=\"video-details__dek-read-more\" type=\"button\">Leer<!-- --> <!-- -->M\u00e1s<\/button><\/div>\n<\/div>\n<\/div>\n<\/div>\n<div class=\"video-page__carousel\" data-testid=\"video-page-playlist\"><button class=\"styles_prevButton___kn9P styles_disabled__TOBLY\" type=\"button\" data-testid=\"prev-button\"><span class=\"icon icon-back\"\/><\/button><\/p>\n<div class=\"styles_playlistDrawer__ttvMO\" data-testid=\"playlist-drawer\">\n<section class=\"styles_playlist__AdfYR\">\n<ul class=\"styles_videos__IxbCG\">\n<li class=\"styles_video__WPPDb\">\n<div class=\"playlist-drawer__video\" data-testid=\"playlist-drawer-video\">\n<div class=\"playlist-drawer__thumbnail\"><picture class=\"playlist-drawer__thumbnail\" data-testid=\"picture\"><source media=\"(min-width: 1000px)\" srcset=\"https:\/\/media-cldnry.s-nbcnews.com\/image\/upload\/t_focal-280x140,f_auto,q_auto:best\/mpx\/2704722219\/2025_06\/1749927128061_now_brk_minnesota_suspect_named_250614_1920x1080-c5grf2.jpg\"\/><source media=\"(min-width: 758px)\" srcset=\"https:\/\/media-cldnry.s-nbcnews.com\/image\/upload\/t_focal-760x380,f_auto,q_auto:best\/mpx\/2704722219\/2025_06\/1749927128061_now_brk_minnesota_suspect_named_250614_1920x1080-c5grf2.jpg\"\/><source media=\"(min-width: 320px)\" srcset=\"https:\/\/media-cldnry.s-nbcnews.com\/image\/upload\/t_focal-520x260,f_auto,q_auto:best\/mpx\/2704722219\/2025_06\/1749927128061_now_brk_minnesota_suspect_named_250614_1920x1080-c5grf2.jpg\"\/><img decoding=\"async\" loading=\"lazy\" src=\"https:\/\/media-cldnry.s-nbcnews.com\/image\/upload\/t_focal-520x260,f_auto,q_auto:best\/mpx\/2704722219\/2025_06\/1749927128061_now_brk_minnesota_suspect_named_250614_1920x1080-c5grf2.jpg\" alt=\"\"\/><\/picture><\/div>\n<p><h2 class=\"playlist-drawer__title\" data-testid=\"playlist-title\">Sospechoso nombrado en el tiroteo fatal del legislador de Minnesota<\/h2>\n<p><span class=\"playlist-drawer__duration founders-mono\" data-testid=\"playlist-duration\">05:09<\/span><\/p>\n<\/div>\n<\/li>\n<li class=\"styles_video__WPPDb\">\n<div class=\"playlist-drawer__video\" data-testid=\"playlist-drawer-video\">\n<div class=\"playlist-drawer__thumbnail\"><picture class=\"playlist-drawer__thumbnail\" data-testid=\"picture\"><source media=\"(min-width: 1000px)\" srcset=\"https:\/\/media-cldnry.s-nbcnews.com\/image\/upload\/t_focal-280x140,f_auto,q_auto:best\/mpx\/2704722219\/2025_06\/1749925642726_now_brk_trump_minnesota_250612_1920x1080-cj8t1t.jpg\"\/><source media=\"(min-width: 758px)\" srcset=\"https:\/\/media-cldnry.s-nbcnews.com\/image\/upload\/t_focal-760x380,f_auto,q_auto:best\/mpx\/2704722219\/2025_06\/1749925642726_now_brk_trump_minnesota_250612_1920x1080-cj8t1t.jpg\"\/><source media=\"(min-width: 320px)\" srcset=\"https:\/\/media-cldnry.s-nbcnews.com\/image\/upload\/t_focal-520x260,f_auto,q_auto:best\/mpx\/2704722219\/2025_06\/1749925642726_now_brk_trump_minnesota_250612_1920x1080-cj8t1t.jpg\"\/><img decoding=\"async\" loading=\"lazy\" src=\"https:\/\/media-cldnry.s-nbcnews.com\/image\/upload\/t_focal-520x260,f_auto,q_auto:best\/mpx\/2704722219\/2025_06\/1749925642726_now_brk_trump_minnesota_250612_1920x1080-cj8t1t.jpg\" alt=\"\"\/><\/picture><\/div>\n<p><h2 class=\"playlist-drawer__title\" data-testid=\"playlist-title\">Trump emite una declaraci\u00f3n condenando los tiroteos de Minnesota<\/h2>\n<p><span class=\"playlist-drawer__duration founders-mono\" data-testid=\"playlist-duration\">02:11<\/span><\/p>\n<\/div>\n<\/li>\n<li class=\"styles_video__WPPDb\">\n<div class=\"playlist-drawer__video\" data-testid=\"playlist-drawer-video\">\n<div class=\"playlist-drawer__thumbnail\">\n<p>Ahora jugando<\/p>\n<picture class=\"playlist-drawer__thumbnail\" data-testid=\"picture\"><source media=\"(min-width: 1000px)\" srcset=\"https:\/\/media-cldnry.s-nbcnews.com\/image\/upload\/t_focal-280x140,f_auto,q_auto:best\/mpx\/2704722219\/2025_06\/NoKingsMiami-aoz8af.jpg\"\/><source media=\"(min-width: 758px)\" srcset=\"https:\/\/media-cldnry.s-nbcnews.com\/image\/upload\/t_focal-760x380,f_auto,q_auto:best\/mpx\/2704722219\/2025_06\/NoKingsMiami-aoz8af.jpg\"\/><source media=\"(min-width: 320px)\" srcset=\"https:\/\/media-cldnry.s-nbcnews.com\/image\/upload\/t_focal-520x260,f_auto,q_auto:best\/mpx\/2704722219\/2025_06\/NoKingsMiami-aoz8af.jpg\"\/><img decoding=\"async\" loading=\"lazy\" src=\"https:\/\/media-cldnry.s-nbcnews.com\/image\/upload\/t_focal-520x260,f_auto,q_auto:best\/mpx\/2704722219\/2025_06\/NoKingsMiami-aoz8af.jpg\" alt=\"\"\/><\/picture><\/div>\n<p><h2 class=\"playlist-drawer__title\" data-testid=\"playlist-title\">Miles se re\u00fanen en ciudades de todo el pa\u00eds para manifestaciones de &#8216;no reyes&#8217;<\/h2>\n<p><span class=\"playlist-drawer__duration founders-mono\" data-testid=\"playlist-duration\">01:56<\/span><\/p>\n<\/div>\n<\/li>\n<li class=\"styles_video__WPPDb\">\n<div class=\"playlist-drawer__video\" data-testid=\"playlist-drawer-video\">\n<p>A continuaci\u00f3n<\/p>\n<div class=\"playlist-drawer__thumbnail\"><picture class=\"playlist-drawer__thumbnail\" data-testid=\"picture\"><source media=\"(min-width: 1000px)\" srcset=\"https:\/\/media-cldnry.s-nbcnews.com\/image\/upload\/t_focal-280x140,f_auto,q_auto:best\/mpx\/2704722219\/2025_06\/1749907723497_tdy_sat_kilmar_abrego_garcia_250614_1920x1080-7oytn2.jpg\"\/><source media=\"(min-width: 758px)\" srcset=\"https:\/\/media-cldnry.s-nbcnews.com\/image\/upload\/t_focal-760x380,f_auto,q_auto:best\/mpx\/2704722219\/2025_06\/1749907723497_tdy_sat_kilmar_abrego_garcia_250614_1920x1080-7oytn2.jpg\"\/><source media=\"(min-width: 320px)\" srcset=\"https:\/\/media-cldnry.s-nbcnews.com\/image\/upload\/t_focal-520x260,f_auto,q_auto:best\/mpx\/2704722219\/2025_06\/1749907723497_tdy_sat_kilmar_abrego_garcia_250614_1920x1080-7oytn2.jpg\"\/><img decoding=\"async\" loading=\"lazy\" src=\"https:\/\/media-cldnry.s-nbcnews.com\/image\/upload\/t_focal-520x260,f_auto,q_auto:best\/mpx\/2704722219\/2025_06\/1749907723497_tdy_sat_kilmar_abrego_garcia_250614_1920x1080-7oytn2.jpg\" alt=\"\"\/><\/picture><\/div>\n<p><h2 class=\"playlist-drawer__title\" data-testid=\"playlist-title\">Abrego Garc\u00eda se declara inocente de los cargos de contrabando humanos<\/h2>\n<p><span class=\"playlist-drawer__duration founders-mono\" data-testid=\"playlist-duration\">00:28<\/span><\/p>\n<\/div>\n<\/li>\n<li class=\"styles_video__WPPDb\">\n<div class=\"playlist-drawer__video\" data-testid=\"playlist-drawer-video\">\n<div class=\"playlist-drawer__thumbnail\"><picture class=\"playlist-drawer__thumbnail\" data-testid=\"picture\"><source media=\"(min-width: 1000px)\" srcset=\"https:\/\/media-cldnry.s-nbcnews.com\/image\/upload\/t_focal-280x140,f_auto,q_auto:best\/mpx\/2704722219\/2025_06\/1749907555772_tdy_sat_patterson_la_no_kings_protests_250614_1920x1080-irbhbf.jpg\"\/><source media=\"(min-width: 758px)\" srcset=\"https:\/\/media-cldnry.s-nbcnews.com\/image\/upload\/t_focal-760x380,f_auto,q_auto:best\/mpx\/2704722219\/2025_06\/1749907555772_tdy_sat_patterson_la_no_kings_protests_250614_1920x1080-irbhbf.jpg\"\/><source media=\"(min-width: 320px)\" srcset=\"https:\/\/media-cldnry.s-nbcnews.com\/image\/upload\/t_focal-520x260,f_auto,q_auto:best\/mpx\/2704722219\/2025_06\/1749907555772_tdy_sat_patterson_la_no_kings_protests_250614_1920x1080-irbhbf.jpg\"\/><img decoding=\"async\" loading=\"lazy\" src=\"https:\/\/media-cldnry.s-nbcnews.com\/image\/upload\/t_focal-520x260,f_auto,q_auto:best\/mpx\/2704722219\/2025_06\/1749907555772_tdy_sat_patterson_la_no_kings_protests_250614_1920x1080-irbhbf.jpg\" alt=\"\"\/><\/picture><\/div>\n<p><h2 class=\"playlist-drawer__title\" data-testid=\"playlist-title\">LA permanece en alerta m\u00e1xima antes de las protestas planificadas de &#8216;no reyes&#8217;<\/h2>\n<p><span class=\"playlist-drawer__duration founders-mono\" data-testid=\"playlist-duration\">01:37<\/span><\/p>\n<\/div>\n<\/li>\n<li class=\"styles_video__WPPDb\">\n<div class=\"playlist-drawer__video\" data-testid=\"playlist-drawer-video\">\n<div class=\"playlist-drawer__thumbnail\"><picture class=\"playlist-drawer__thumbnail\" data-testid=\"picture\"><source media=\"(min-width: 1000px)\" srcset=\"https:\/\/media-cldnry.s-nbcnews.com\/image\/upload\/t_focal-280x140,f_auto,q_auto:best\/mpx\/2704722219\/2025_06\/1749907384725_tdy_sat_alcindor_us_israel_iran_250614_1920x1080-4athyr.jpg\"\/><source media=\"(min-width: 758px)\" srcset=\"https:\/\/media-cldnry.s-nbcnews.com\/image\/upload\/t_focal-760x380,f_auto,q_auto:best\/mpx\/2704722219\/2025_06\/1749907384725_tdy_sat_alcindor_us_israel_iran_250614_1920x1080-4athyr.jpg\"\/><source media=\"(min-width: 320px)\" srcset=\"https:\/\/media-cldnry.s-nbcnews.com\/image\/upload\/t_focal-520x260,f_auto,q_auto:best\/mpx\/2704722219\/2025_06\/1749907384725_tdy_sat_alcindor_us_israel_iran_250614_1920x1080-4athyr.jpg\"\/><img decoding=\"async\" loading=\"lazy\" src=\"https:\/\/media-cldnry.s-nbcnews.com\/image\/upload\/t_focal-520x260,f_auto,q_auto:best\/mpx\/2704722219\/2025_06\/1749907384725_tdy_sat_alcindor_us_israel_iran_250614_1920x1080-4athyr.jpg\" alt=\"\"\/><\/picture><\/div>\n<p><h2 class=\"playlist-drawer__title\" data-testid=\"playlist-title\">Asisti\u00f3 a Israel en defensa contra Ir\u00e1n, dicen las autoridades<\/h2>\n<p><span class=\"playlist-drawer__duration founders-mono\" data-testid=\"playlist-duration\">03:22<\/span><\/p>\n<\/div>\n<\/li>\n<\/ul>\n<\/section>\n<\/div>\n<p><button class=\"styles_nextButton__vNvjX\" type=\"button\" data-testid=\"next-button\"><span class=\"icon icon-back\"\/><\/button><\/div>\n<\/div>\n<\/div>\n<\/div>\n\n","protected":false},"excerpt":{"rendered":"<p>IE 11 no es compatible. Para una experiencia \u00f3ptima, visite nuestro sitio en otro navegador. Sospechoso nombrado en el tiroteo fatal del legislador de Minnesota 05:09 Trump emite una declaraci\u00f3n condenando los tiroteos de Minnesota 02:11 Ahora jugando Miles se re\u00fanen en ciudades de todo el pa\u00eds para manifestaciones de &#8216;no reyes&#8217; 01:56 A continuaci\u00f3n &hellip;<\/p>\n","protected":false},"author":1,"featured_media":31670,"comment_status":"open","ping_status":"open","sticky":false,"template":"","format":"standard","meta":{"fifu_image_url":"https:\/\/media-cldnry.s-nbcnews.com\/image\/upload\/t_nbcnews-fp-1200-630,f_auto,q_auto:best\/mpx\/2704722219\/2025_06\/NoKingsMiami-aoz8af.jpg","fifu_image_alt":"","footnotes":""},"categories":[4],"tags":[],"class_list":["post-31668","post","type-post","status-publish","format-standard","has-post-thumbnail","","category-historias-destacadas"],"_links":{"self":[{"href":"https:\/\/noticiasveraces.com\/index.php?rest_route=\/wp\/v2\/posts\/31668","targetHints":{"allow":["GET"]}}],"collection":[{"href":"https:\/\/noticiasveraces.com\/index.php?rest_route=\/wp\/v2\/posts"}],"about":[{"href":"https:\/\/noticiasveraces.com\/index.php?rest_route=\/wp\/v2\/types\/post"}],"author":[{"embeddable":true,"href":"https:\/\/noticiasveraces.com\/index.php?rest_route=\/wp\/v2\/users\/1"}],"replies":[{"embeddable":true,"href":"https:\/\/noticiasveraces.com\/index.php?rest_route=%2Fwp%2Fv2%2Fcomments&post=31668"}],"version-history":[{"count":0,"href":"https:\/\/noticiasveraces.com\/index.php?rest_route=\/wp\/v2\/posts\/31668\/revisions"}],"wp:featuredmedia":[{"embeddable":true,"href":"https:\/\/noticiasveraces.com\/index.php?rest_route=\/wp\/v2\/media\/31670"}],"wp:attachment":[{"href":"https:\/\/noticiasveraces.com\/index.php?rest_route=%2Fwp%2Fv2%2Fmedia&parent=31668"}],"wp:term":[{"taxonomy":"category","embeddable":true,"href":"https:\/\/noticiasveraces.com\/index.php?rest_route=%2Fwp%2Fv2%2Fcategories&post=31668"},{"taxonomy":"post_tag","embeddable":true,"href":"https:\/\/noticiasveraces.com\/index.php?rest_route=%2Fwp%2Fv2%2Ftags&post=31668"}],"curies":[{"name":"wp","href":"https:\/\/api.w.org\/{rel}","templated":true}]}}