{"id":31666,"date":"2025-06-14T14:55:17","date_gmt":"2025-06-14T18:55:17","guid":{"rendered":"https:\/\/noticiasveraces.com\/?p=31666"},"modified":"2025-06-14T14:55:17","modified_gmt":"2025-06-14T18:55:17","slug":"richard-rios-es-uno-los-5-jugadores-colombianos-mas-caros-del-mundial-de-clubes-curiosidades-de-futbol","status":"publish","type":"post","link":"https:\/\/noticiasveraces.com\/?p=31666","title":{"rendered":"Richard R\u00edos es uno, los 5 jugadores colombianos m\u00e1s caros del Mundial de Clubes | Curiosidades de f\u00fatbol"},"content":{"rendered":"<p> \n<\/p>\n<div id=\"cuerpoArticulo\">\n<p class=\"texto intro\" id=\"p248749-m605-604-606\"><b>El Mundial de Clubes 2025 ya es una realidad<\/b> y esta noche, Inter Miami y Al Ahly abrir\u00e1n el tel\u00f3n en el partido inaugural del torneo. Si bien es cierto que no habr\u00e1 ning\u00fan equipo colombiano representando a nuestro pa\u00eds, <b>Colombia s\u00ed estar\u00e1 representada por 15 futbolistas<\/b> que acudir\u00e1n a la competencia con sus respectivos equipos. <b>El m\u00e1s valioso de ellos es Jhon Arias<\/b>actual jugador del Fluminense, quien tiene <b>un valor de mercado de 17 millones de euros<\/b>.<\/p>\n<p>                                                                                                    <span class=\"articulo-subtitulo subtitulo2 espacio-contenido\" id=\"p248749-m623-2-624\">Los 5 jugadores colombianos m\u00e1s valiosos del Mundial de Clubes<br \/><\/span><\/p>\n<p class=\"texto contenido-parrafo-articulo\" id=\"p248749-m629-3-630\"><b>1. Jhon Arias<\/b><\/p>\n<p class=\"texto contenido-parrafo-articulo\" id=\"p248749-m635-4-636\"><b>Jhon Arias es el futbolista colombiano m\u00e1s valioso del Mundial de Clubes, con un precio de 17 millones de euros<\/b>seg\u00fan indica <i>Mercado de transferencia<\/i>. El ex Santa Fe es titular indiscutido en Fluminense y tambi\u00e9n se ha ganado la convocatoria a la Selecci\u00f3n Colombia. Mientras su futuro podr\u00eda estar en Inglaterra, debutar\u00e1 en el torneo el 17 de junio ante Borussia Dortmund. Quiz\u00e1s quiera conocer la agenda de partidos de colombianos en Mundial de Clubes.<\/p>\n<div class=\"fotografia caja-articulo\" id=\"p248749-m641-5-642\">\n<div class=\"imagen-cuerpo-bk\">\n<figure itemscope=\"\" itemtype=\"https:\/\/schema.org\/ImageObject\" itemprop=\"image\" id=\"m646-645-647\" class=\"foto-galeria-articulo imagen-articulo foto-texto-articulo-galeria\"><img decoding=\"async\" alt=\"Jhon Arias celebra Gol en Corinthians vs Fluminense\" src=\"data:image\/png;base64,iVBORw0KGgoAAAANSUhEUgAAAAEAAAABCAQAAAC1HAwCAAAAC0lEQVR42mP8\/x0AAvsB+DlKarAAAAAASUVORK5CYII=\" style=\" display: inline;\" data-original=\"\/files\/article_content\/uploads\/2025\/04\/16\/68004fef87013.jpeg\"\/><meta itemprop=\"width\" content=\"600\"\/><meta itemprop=\"height\" content=\"450\"\/> <meta itemprop=\"url\" content=\"https:\/\/www.futbolred.com\/files\/article_content\/uploads\/2025\/04\/16\/68004fef87013.jpeg\"\/><\/figure>\n<\/div>\n<div class=\"figcaption-cuerpo-bk credito-image-bk\"><figcaption class=\"foto-info\">\n<div class=\"titulo-foto-bk\">\n<p id=\"m653-1-654\" class=\"titulo pie-de-foto\">Jhon Arias celebra el objetivo en Corintios vs Fluminense.<\/p>\n<\/div>\n<p class=\"credito\">\n                            <span class=\"linea pre_credito\">Foto:<\/span><\/p>\n<p>                        <span id=\"m659-2-660\" class=\"autor\">X: @fluminensefc<\/span><\/p>\n<\/figcaption><\/div>\n<\/p><\/div>\n<p class=\"texto contenido-parrafo-articulo\" id=\"p248749-m667-6-668\"><b>2. Richard R\u00edos<\/b><\/p>\n<p class=\"texto contenido-parrafo-articulo\" id=\"p248749-m673-7-674\"><b>Richard R\u00edos<\/b> tambi\u00e9n se ha convertido en una fija en la Selecci\u00f3n Colombia y su gran nivel lo ha llevado a ser uno de los mejores jugadores del Palmeiras. Actualmente, <b>su valor de mercado es de 16 millones de euros<\/b> y su equipo podr\u00eda dar la sorpresa en su grupo. Debutar\u00e1 en el Mundial de Clubes este pr\u00f3ximo domingo 15 de junio ante el Porto.<\/p>\n<p class=\"texto contenido-parrafo-articulo\" id=\"p248749-m724-9-725\"><b>3. Kevin Casta\u00f1o<\/b><\/p>\n<p class=\"texto contenido-parrafo-articulo\" id=\"p248749-m730-10-731\">Tras llegar a River Plate en este 2025, el valor de <b>Kevin Casta\u00f1o<\/b> ha crecido considerablemente, teniendo en la actualidad <b>un precio de 8 millones de euros<\/b>cerrando el podio de colombianos m\u00e1s valiosos en el Mundial de Clubes. Es titular con Marcelo Gallardo y debutar\u00e1 en el torneo intercontinental ante Urawa Red Diamonds de Jap\u00f3n el pr\u00f3ximo martes 17 de junio.<\/p>\n<p class=\"texto contenido-parrafo-articulo\" id=\"p248749-m736-11-737\"><b>4. Nelson Deossa<\/b><\/p>\n<p class=\"texto contenido-parrafo-articulo\" id=\"p248749-m742-12-743\">El colombiano de 25 a\u00f1os ha aumentado su valor desde que lleg\u00f3 a <b>Rayados de Monterrey<\/b>un precio que fue ascendiendo en los \u00faltimos a\u00f1os tras defender la camiseta de Pachuca. En la actualidad <b>tiene un valor de mercado de 6 millones de euros<\/b> y le tocar\u00e1 debutar en el Mundial de Clubes ante Inter de Mil\u00e1n, el pr\u00f3ximo martes 17 de junio.<\/p>\n<p class=\"texto contenido-parrafo-articulo\" id=\"p248749-m748-13-749\"><b>5. Miguel Borja<\/b><\/p>\n<p class=\"texto contenido-parrafo-articulo\" id=\"p248749-m754-14-755\">El delantero con pasado en Atl\u00e9tico Nacional supo ser la venta m\u00e1s cara del FPC en su momento tras ser vendido al Palmeiras por 12 millones. Sin embargo, en la actualidad, su precio baj\u00f3 considerablemente, <b>costando apenas 3.5 millones de euros<\/b>seg\u00fan <i>Mercado de transferencia<\/i>. Al igual que su compatriota Casta\u00f1o en River, debutar\u00e1 ante los nipones en el Mundial de Clubes.<\/p>\n<\/p><\/div>\n\n","protected":false},"excerpt":{"rendered":"<p>El Mundial de Clubes 2025 ya es una realidad y esta noche, Inter Miami y Al Ahly abrir\u00e1n el tel\u00f3n en el partido inaugural del torneo. Si bien es cierto que no habr\u00e1 ning\u00fan equipo colombiano representando a nuestro pa\u00eds, Colombia s\u00ed estar\u00e1 representada por 15 futbolistas que acudir\u00e1n a la competencia con sus respectivos &hellip;<\/p>\n","protected":false},"author":1,"featured_media":31667,"comment_status":"open","ping_status":"open","sticky":false,"template":"","format":"standard","meta":{"fifu_image_url":"https:\/\/www.futbolred.com\/files\/og_thumbnail\/uploads\/2025\/06\/14\/684da39b1b209.jpeg","fifu_image_alt":"","footnotes":""},"categories":[6],"tags":[],"class_list":["post-31666","post","type-post","status-publish","format-standard","has-post-thumbnail","","category-deportes"],"_links":{"self":[{"href":"https:\/\/noticiasveraces.com\/index.php?rest_route=\/wp\/v2\/posts\/31666","targetHints":{"allow":["GET"]}}],"collection":[{"href":"https:\/\/noticiasveraces.com\/index.php?rest_route=\/wp\/v2\/posts"}],"about":[{"href":"https:\/\/noticiasveraces.com\/index.php?rest_route=\/wp\/v2\/types\/post"}],"author":[{"embeddable":true,"href":"https:\/\/noticiasveraces.com\/index.php?rest_route=\/wp\/v2\/users\/1"}],"replies":[{"embeddable":true,"href":"https:\/\/noticiasveraces.com\/index.php?rest_route=%2Fwp%2Fv2%2Fcomments&post=31666"}],"version-history":[{"count":0,"href":"https:\/\/noticiasveraces.com\/index.php?rest_route=\/wp\/v2\/posts\/31666\/revisions"}],"wp:featuredmedia":[{"embeddable":true,"href":"https:\/\/noticiasveraces.com\/index.php?rest_route=\/wp\/v2\/media\/31667"}],"wp:attachment":[{"href":"https:\/\/noticiasveraces.com\/index.php?rest_route=%2Fwp%2Fv2%2Fmedia&parent=31666"}],"wp:term":[{"taxonomy":"category","embeddable":true,"href":"https:\/\/noticiasveraces.com\/index.php?rest_route=%2Fwp%2Fv2%2Fcategories&post=31666"},{"taxonomy":"post_tag","embeddable":true,"href":"https:\/\/noticiasveraces.com\/index.php?rest_route=%2Fwp%2Fv2%2Ftags&post=31666"}],"curies":[{"name":"wp","href":"https:\/\/api.w.org\/{rel}","templated":true}]}}