{"id":31644,"date":"2025-06-14T11:46:53","date_gmt":"2025-06-14T15:46:53","guid":{"rendered":"https:\/\/noticiasveraces.com\/?p=31644"},"modified":"2025-06-14T11:46:53","modified_gmt":"2025-06-14T15:46:53","slug":"los-estilistas-informan-un-aumento-en-el-adelgazamiento-del-cabello-entre-los-usuarios-de-drogas-de-perdida-de-peso","status":"publish","type":"post","link":"https:\/\/noticiasveraces.com\/?p=31644","title":{"rendered":"Los estilistas informan un aumento en el adelgazamiento del cabello entre los usuarios de drogas de p\u00e9rdida de peso"},"content":{"rendered":"<p> \n<\/p>\n<div>\n<div id=\"beyondwords-wrapper\" class=\"beyondwords-wrapper\">\n<p><span class=\"label-bg\">NUEVO<\/span>\u00a1Ahora puedes escuchar art\u00edculos de Fox News!\n  <\/p>\n<\/div>\n<p class=\"speakable\">Los efectos secundarios de los GLP-1 pueden variar, pero un resultado reportado menos conocido de los medicamentos populares para la p\u00e9rdida de peso es la p\u00e9rdida o adelgazamiento del cabello.<\/p>\n<p class=\"speakable\">Algunos estilistas han confirmado un aumento en los clientes que se quejan de perder el cabello durante los viajes de p\u00e9rdida de peso.<\/p>\n<p>Esto incluye a Ashley DiMatteo, propietaria de Ashley Lauren Beauty Lounge en Westchester, Nueva York, y Briana Delvecchio, una especialista en color y peluquer\u00eda en DiMatteo&#8217;s Salon. Los dos hablaron con Fox News Digital en una entrevista en la c\u00e1mara. <strong>(Vea el video en la parte superior de este art\u00edculo<\/strong>).<\/p>\n<p><strong><u>\u00bfOzempic est\u00e1 arruinando tus dientes? Qu\u00e9 saber sobre el impacto en la salud dental<\/u><\/strong><\/p>\n<p>\u00abDefinitivamente ha habido un aumento en los clientes que entran con la p\u00e9rdida de cabello\u00bb, dijo DiMatteo, se\u00f1alando que var\u00eda de gradual a r\u00e1pido y de adelgazar a perder el cabello por completo.<\/p>\n<p>Delvecchio estuvo de acuerdo en que ha tenido \u00abalgunos\u00bb clientes que presentan cabello m\u00e1s delgado y seco, que sospecha que podr\u00eda deberse a las drogas para bajar de peso.<\/p>\n<div class=\"image-ct inline\">\n<div class=\"m\"><picture><source media=\"(max-width: 767px)\" srcset=\"https:\/\/a57.foxnews.com\/static.foxnews.com\/foxnews.com\/content\/uploads\/2025\/06\/343\/192\/gettyimages-2187694587.jpg?ve=1&amp;tl=1, https:\/\/a57.foxnews.com\/static.foxnews.com\/foxnews.com\/content\/uploads\/2025\/06\/686\/384\/gettyimages-2187694587.jpg?ve=1&amp;tl=1 2x\" height=\"192\" width=\"343\"><source media=\"(min-width: 768px) and (max-width: 1023px)\" srcset=\"https:\/\/a57.foxnews.com\/static.foxnews.com\/foxnews.com\/content\/uploads\/2025\/06\/672\/378\/gettyimages-2187694587.jpg?ve=1&amp;tl=1, https:\/\/a57.foxnews.com\/static.foxnews.com\/foxnews.com\/content\/uploads\/2025\/06\/1344\/756\/gettyimages-2187694587.jpg?ve=1&amp;tl=1 2x\" height=\"378\" width=\"672\"><source media=\"(min-width: 1024px) and (max-width: 1279px)\" srcset=\"https:\/\/a57.foxnews.com\/static.foxnews.com\/foxnews.com\/content\/uploads\/2025\/06\/931\/523\/gettyimages-2187694587.jpg?ve=1&amp;tl=1, https:\/\/a57.foxnews.com\/static.foxnews.com\/foxnews.com\/content\/uploads\/2025\/06\/1862\/1046\/gettyimages-2187694587.jpg?ve=1&amp;tl=1 2x\" height=\"523\" width=\"931\"><source media=\"(min-width: 1280px)\" srcset=\"https:\/\/a57.foxnews.com\/static.foxnews.com\/foxnews.com\/content\/uploads\/2025\/06\/720\/405\/gettyimages-2187694587.jpg?ve=1&amp;tl=1, https:\/\/a57.foxnews.com\/static.foxnews.com\/foxnews.com\/content\/uploads\/2025\/06\/1440\/810\/gettyimages-2187694587.jpg?ve=1&amp;tl=1 2x\" height=\"405\" width=\"720\"><img loading=\"lazy\" decoding=\"async\" src=\"https:\/\/a57.foxnews.com\/static.foxnews.com\/foxnews.com\/content\/uploads\/2025\/06\/1200\/675\/gettyimages-2187694587.jpg?ve=1&amp;tl=1\" alt=\"Mujer examinando la p\u00e9rdida de cabello\" width=\"1200\" height=\"675\"\/><\/source><\/source><\/source><\/source><\/picture><\/div>\n<div class=\"info\">\n<div class=\"caption\">\n<p><span>\u00abEs una marca de \u00e9xito en la gesti\u00f3n de p\u00e9rdida de peso\u00bb, dijo un experto. \u00abSi el paciente pierde el cabello, eso significa que ha perdido peso r\u00e1pidamente\u00bb.<\/span> <span>(Istock)<\/span><\/p>\n<\/div>\n<\/div>\n<\/div>\n<p>El estilista, que toma una droga GLP-1, dijo que puede haber algunas razones para los cambios en el cabello, incluidos nuevos medicamentos, deficiencias de vitaminas y p\u00e9rdida de peso, lo que puede poner estr\u00e9s en el cuerpo.<\/p>\n<p>Becky Watt, una estilista de Ohio con m\u00e1s de 20 a\u00f1os de experiencia, dijo que tambi\u00e9n not\u00f3 que los clientes perdieron el cabello mientras toman drogas para bajar de peso. <\/p>\n<blockquote class=\"pull-quote\">\n<p class=\"quote-text\">\u00abHe visto adelgazamiento y desprendimiento, y mucho cabello sale muy f\u00e1cilmente al lavarme\u00bb.<\/p>\n<p> <!----><\/p><\/blockquote>\n<p>\u00abHe visto adelgazamiento y desprendimiento, y mucho cabello que sale muy f\u00e1cilmente cuando me lavan\u00bb, dijo a Fox News Digital. \u00abNo he notado ning\u00fan punto calvo\u00bb.<\/p>\n<p>Sin embargo, ha tenido algunos clientes que est\u00e1n tomando los medicamentos sin p\u00e9rdida de cabello, agreg\u00f3 Watt.<\/p>\n<h2>Factores m\u00e9dicos<\/h2>\n<p>En una entrevista separada, el Dr. Philip Rabito, un endocrin\u00f3logo en la ciudad de Nueva York, dijo que esta reacci\u00f3n, llamada efluvio tel\u00f3geno, es una respuesta al estr\u00e9s a la p\u00e9rdida de peso que afecta al fol\u00edculo piloso.<\/p>\n<p><strong>Ozempic, otros Semaglutides vinculados a la p\u00e9rdida de cabello: esto es lo que debe saber<\/strong><\/p>\n<p>La respuesta es solo temporal, se\u00f1al\u00f3. El cabello se caer\u00e1, luego volver\u00e1 a crecer una vez que la p\u00e9rdida de peso se estabilice despu\u00e9s de unos meses.<\/p>\n<p>\u00abEs una respuesta al estr\u00e9s f\u00edsico severo, y la p\u00e9rdida de peso se considera hambre\u00bb, dijo Rabito. \u00abEs la rapidez de la p\u00e9rdida de peso lo que se correlaciona con la cantidad de p\u00e9rdida de cabello\u00bb.<\/p>\n<div class=\"image-ct inline\">\n<div class=\"m\"><picture><source media=\"(max-width: 767px)\" srcset=\"https:\/\/a57.foxnews.com\/static.foxnews.com\/foxnews.com\/content\/uploads\/2025\/05\/343\/192\/gettyimages-2195158078.jpg?ve=1&amp;tl=1, https:\/\/a57.foxnews.com\/static.foxnews.com\/foxnews.com\/content\/uploads\/2025\/05\/686\/384\/gettyimages-2195158078.jpg?ve=1&amp;tl=1 2x\" height=\"192\" width=\"343\"><source media=\"(min-width: 768px) and (max-width: 1023px)\" srcset=\"https:\/\/a57.foxnews.com\/static.foxnews.com\/foxnews.com\/content\/uploads\/2025\/05\/672\/378\/gettyimages-2195158078.jpg?ve=1&amp;tl=1, https:\/\/a57.foxnews.com\/static.foxnews.com\/foxnews.com\/content\/uploads\/2025\/05\/1344\/756\/gettyimages-2195158078.jpg?ve=1&amp;tl=1 2x\" height=\"378\" width=\"672\"><source media=\"(min-width: 1024px) and (max-width: 1279px)\" srcset=\"https:\/\/a57.foxnews.com\/static.foxnews.com\/foxnews.com\/content\/uploads\/2025\/05\/931\/523\/gettyimages-2195158078.jpg?ve=1&amp;tl=1, https:\/\/a57.foxnews.com\/static.foxnews.com\/foxnews.com\/content\/uploads\/2025\/05\/1862\/1046\/gettyimages-2195158078.jpg?ve=1&amp;tl=1 2x\" height=\"523\" width=\"931\"><source media=\"(min-width: 1280px)\" srcset=\"https:\/\/a57.foxnews.com\/static.foxnews.com\/foxnews.com\/content\/uploads\/2025\/05\/720\/405\/gettyimages-2195158078.jpg?ve=1&amp;tl=1, https:\/\/a57.foxnews.com\/static.foxnews.com\/foxnews.com\/content\/uploads\/2025\/05\/1440\/810\/gettyimages-2195158078.jpg?ve=1&amp;tl=1 2x\" height=\"405\" width=\"720\"><img loading=\"lazy\" decoding=\"async\" src=\"https:\/\/a57.foxnews.com\/static.foxnews.com\/foxnews.com\/content\/uploads\/2025\/05\/1200\/675\/gettyimages-2195158078.jpg?ve=1&amp;tl=1\" alt=\"mujer inyectando drogas para perder peso en el est\u00f3mago\" width=\"1200\" height=\"675\"\/><\/source><\/source><\/source><\/source><\/picture><\/div>\n<div class=\"info\">\n<div class=\"caption\">\n<p><span>El efluvio tel\u00f3geno es una respuesta al estr\u00e9s a la p\u00e9rdida de peso que afecta al fol\u00edculo piloso, dicen los expertos.<\/span> <span>(Istock)<\/span><\/p>\n<\/div>\n<\/div>\n<\/div>\n<p>Antes de las drogas de p\u00e9rdida de peso, la cirug\u00eda bari\u00e1trica tradicional conducir\u00eda a la p\u00e9rdida del 70% del exceso de peso corporal en aproximadamente seis meses, dijo Rabito, que a menudo fue seguido por la p\u00e9rdida de cabello en seis a nueve meses.<\/p>\n<p>\u00abSu cuerpo no entiende que esto es una p\u00e9rdida de peso saludable: su cuerpo cree que se est\u00e1 hambriento\u00bb, reiter\u00f3. \u00abLe sucede a casi todos, a algunas personas m\u00e1s que a otras\u00bb.<\/p>\n<p><strong>Esta rutina de belleza diaria podr\u00eda estar arruinando tu cabello, advierten los expertos.<\/strong><\/p>\n<p>Rabito dijo que los que pierden peso tienen un mayor riesgo de p\u00e9rdida de cabello, as\u00ed como aquellos que tienen un problema de tiroides subyacente o deficiencia de micronutrientes, t\u00edpicamente en hierro, B12 o vitamina D.<\/p>\n<p>Estas deficiencias de vitaminas pueden empeorar a medida que se produce la p\u00e9rdida de peso, por lo que es importante trabajar con un profesional m\u00e9dico para equilibrar estos niveles, seg\u00fan el m\u00e9dico.<\/p>\n<div class=\"image-ct inline\">\n<div class=\"m\"><picture><source media=\"(max-width: 767px)\" srcset=\"https:\/\/a57.foxnews.com\/static.foxnews.com\/foxnews.com\/content\/uploads\/2025\/05\/343\/192\/gettyimages-1313630678.jpg?ve=1&amp;tl=1, https:\/\/a57.foxnews.com\/static.foxnews.com\/foxnews.com\/content\/uploads\/2025\/05\/686\/384\/gettyimages-1313630678.jpg?ve=1&amp;tl=1 2x\" height=\"192\" width=\"343\"><source media=\"(min-width: 768px) and (max-width: 1023px)\" srcset=\"https:\/\/a57.foxnews.com\/static.foxnews.com\/foxnews.com\/content\/uploads\/2025\/05\/672\/378\/gettyimages-1313630678.jpg?ve=1&amp;tl=1, https:\/\/a57.foxnews.com\/static.foxnews.com\/foxnews.com\/content\/uploads\/2025\/05\/1344\/756\/gettyimages-1313630678.jpg?ve=1&amp;tl=1 2x\" height=\"378\" width=\"672\"><source media=\"(min-width: 1024px) and (max-width: 1279px)\" srcset=\"https:\/\/a57.foxnews.com\/static.foxnews.com\/foxnews.com\/content\/uploads\/2025\/05\/931\/523\/gettyimages-1313630678.jpg?ve=1&amp;tl=1, https:\/\/a57.foxnews.com\/static.foxnews.com\/foxnews.com\/content\/uploads\/2025\/05\/1862\/1046\/gettyimages-1313630678.jpg?ve=1&amp;tl=1 2x\" height=\"523\" width=\"931\"><source media=\"(min-width: 1280px)\" srcset=\"https:\/\/a57.foxnews.com\/static.foxnews.com\/foxnews.com\/content\/uploads\/2025\/05\/720\/405\/gettyimages-1313630678.jpg?ve=1&amp;tl=1, https:\/\/a57.foxnews.com\/static.foxnews.com\/foxnews.com\/content\/uploads\/2025\/05\/1440\/810\/gettyimages-1313630678.jpg?ve=1&amp;tl=1 2x\" height=\"405\" width=\"720\"><img loading=\"lazy\" decoding=\"async\" src=\"https:\/\/a57.foxnews.com\/static.foxnews.com\/foxnews.com\/content\/uploads\/2025\/05\/1200\/675\/gettyimages-1313630678.jpg?ve=1&amp;tl=1\" alt=\"peluquero cepillando el cabello del cliente en el sal\u00f3n\" width=\"1200\" height=\"675\"\/><\/source><\/source><\/source><\/source><\/picture><\/div>\n<div class=\"info\">\n<div class=\"caption\">\n<p><span>\u00abParece que mis clientes que dicen que no tienen apetito son los que pierden la mayor cantidad de cabello\u00bb, observ\u00f3 un estilista.<\/span> <span>(Istock)<\/span><\/p>\n<\/div>\n<\/div>\n<\/div>\n<p>\u00abPor lo que he aprendido al hablar con estos clientes espec\u00edficos, parece que los clientes que todav\u00eda est\u00e1n comiendo no tienen la p\u00e9rdida de cabello\u00bb, observ\u00f3 Watt. <\/p>\n<p>\u00abParece que mis clientes que dicen que no tienen apetito son los que pierden la mayor cantidad de cabello\u00bb, continu\u00f3. \u00abCreo que posiblemente se deba a la falta de nutrientes y prote\u00ednas, aunque no soy m\u00e9dico\u00bb.<\/p>\n<h2>Consejos para manejar la p\u00e9rdida de cabello<\/h2>\n<p>DiMatteo y Delvecchio acordaron que \u00absiempre\u00bb aconsejaron a sus clientes que vean a su m\u00e9dico para un control a nivel de vitaminas.<\/p>\n<p>\u00abY tambi\u00e9n disminuiremos su rutina de cabello\u00bb, dijo DiMatteo. \u00abB\u00e1sicamente, menos es m\u00e1s durante la p\u00e9rdida de cabello\u00bb.<\/p>\n<div class=\"image-ct inline\">\n<div class=\"m\"><picture><source media=\"(max-width: 767px)\" srcset=\"https:\/\/a57.foxnews.com\/static.foxnews.com\/foxnews.com\/content\/uploads\/2025\/05\/343\/192\/ashley-lauren-split.png?ve=1&amp;tl=1, https:\/\/a57.foxnews.com\/static.foxnews.com\/foxnews.com\/content\/uploads\/2025\/05\/686\/384\/ashley-lauren-split.png?ve=1&amp;tl=1 2x\" height=\"192\" width=\"343\"><source media=\"(min-width: 768px) and (max-width: 1023px)\" srcset=\"https:\/\/a57.foxnews.com\/static.foxnews.com\/foxnews.com\/content\/uploads\/2025\/05\/672\/378\/ashley-lauren-split.png?ve=1&amp;tl=1, https:\/\/a57.foxnews.com\/static.foxnews.com\/foxnews.com\/content\/uploads\/2025\/05\/1344\/756\/ashley-lauren-split.png?ve=1&amp;tl=1 2x\" height=\"378\" width=\"672\"><source media=\"(min-width: 1024px) and (max-width: 1279px)\" srcset=\"https:\/\/a57.foxnews.com\/static.foxnews.com\/foxnews.com\/content\/uploads\/2025\/05\/931\/523\/ashley-lauren-split.png?ve=1&amp;tl=1, https:\/\/a57.foxnews.com\/static.foxnews.com\/foxnews.com\/content\/uploads\/2025\/05\/1862\/1046\/ashley-lauren-split.png?ve=1&amp;tl=1 2x\" height=\"523\" width=\"931\"><source media=\"(min-width: 1280px)\" srcset=\"https:\/\/a57.foxnews.com\/static.foxnews.com\/foxnews.com\/content\/uploads\/2025\/05\/720\/405\/ashley-lauren-split.png?ve=1&amp;tl=1, https:\/\/a57.foxnews.com\/static.foxnews.com\/foxnews.com\/content\/uploads\/2025\/05\/1440\/810\/ashley-lauren-split.png?ve=1&amp;tl=1 2x\" height=\"405\" width=\"720\"><img loading=\"lazy\" decoding=\"async\" src=\"https:\/\/a57.foxnews.com\/static.foxnews.com\/foxnews.com\/content\/uploads\/2025\/05\/1200\/675\/ashley-lauren-split.png?ve=1&amp;tl=1\" alt=\"Ashley Dimteteeo y Briana Delveccio\" width=\"1200\" height=\"675\"\/><\/source><\/source><\/source><\/source><\/picture><\/div>\n<div class=\"info\">\n<div class=\"caption\">\n<p><span>Ashley DiMatteo (izquierda), propietaria de Ashley Lauren Beauty Lounge en Nueva York, y Briana Delvecchio (derecha), una peluquera y estilista de color en el sal\u00f3n, comparti\u00f3 ideas con Fox News Digital. <\/span> <span>(Jesse Rinka Photography)<\/span><\/p>\n<\/div>\n<\/div>\n<\/div>\n<p>El propietario del sal\u00f3n sugiri\u00f3 mantenerse al d\u00eda con el tratamiento del cuero cabelludo, reducir el uso del calor, cepillarse desde abajo y evitar acostarse con el cabello mojado.<\/p>\n<p><strong><u>Haga clic aqu\u00ed para obtener la aplicaci\u00f3n Fox News<\/u><\/strong><\/p>\n<p>\u00abConsulte con su m\u00e9dico de p\u00e9rdida de peso o su endocrin\u00f3logo antes de venir a nosotros para descartar hierro, vitamina D o cualquier cosa que le falte; debemos descartar eso antes de poder ayudarlo\u00bb, dijo Delvecchio.<\/p>\n<p>\u00abEntonces le diremos que necesitamos trabajar en su salud del cuero cabelludo; le daremos champ\u00fa y acondicionador que puede ser un poco m\u00e1s suave para su cabello\u00bb.<\/p>\n<blockquote class=\"pull-quote\">\n<p class=\"quote-text\">\u00abEs una respuesta al estr\u00e9s f\u00edsico severo, y la p\u00e9rdida de peso se considera hambre\u00bb.<\/p>\n<p> <!----><\/p><\/blockquote>\n<p>\u00abLa estimulaci\u00f3n del cuero cabelludo es enorme\u00bb, agreg\u00f3 DiMatteo. <\/p>\n<p>\u00abEl enjuague con agua fr\u00eda tambi\u00e9n ayuda. Trate de no hacer tratamientos m\u00e1s duros en el sentido de aligerar o colorear, exti\u00e9ndelo tanto como sea posible\u00bb.<\/p>\n<p>Rabito se\u00f1al\u00f3 que perder el cabello es \u00abparte del juego\u00bb. Dijo que siempre advierte a sus pacientes antes de comenzar su viaje de p\u00e9rdida de peso que esto probablemente ocurrir\u00e1 y que es una \u00abmarca de \u00e9xito\u00bb.<\/p>\n<div class=\"image-ct inline\">\n<div class=\"m\"><picture><source media=\"(max-width: 767px)\" srcset=\"https:\/\/a57.foxnews.com\/static.foxnews.com\/foxnews.com\/content\/uploads\/2025\/06\/343\/192\/hair-brush.jpg?ve=1&amp;tl=1, https:\/\/a57.foxnews.com\/static.foxnews.com\/foxnews.com\/content\/uploads\/2025\/06\/686\/384\/hair-brush.jpg?ve=1&amp;tl=1 2x\" height=\"192\" width=\"343\"><source media=\"(min-width: 768px) and (max-width: 1023px)\" srcset=\"https:\/\/a57.foxnews.com\/static.foxnews.com\/foxnews.com\/content\/uploads\/2025\/06\/672\/378\/hair-brush.jpg?ve=1&amp;tl=1, https:\/\/a57.foxnews.com\/static.foxnews.com\/foxnews.com\/content\/uploads\/2025\/06\/1344\/756\/hair-brush.jpg?ve=1&amp;tl=1 2x\" height=\"378\" width=\"672\"><source media=\"(min-width: 1024px) and (max-width: 1279px)\" srcset=\"https:\/\/a57.foxnews.com\/static.foxnews.com\/foxnews.com\/content\/uploads\/2025\/06\/931\/523\/hair-brush.jpg?ve=1&amp;tl=1, https:\/\/a57.foxnews.com\/static.foxnews.com\/foxnews.com\/content\/uploads\/2025\/06\/1862\/1046\/hair-brush.jpg?ve=1&amp;tl=1 2x\" height=\"523\" width=\"931\"><source media=\"(min-width: 1280px)\" srcset=\"https:\/\/a57.foxnews.com\/static.foxnews.com\/foxnews.com\/content\/uploads\/2025\/06\/720\/405\/hair-brush.jpg?ve=1&amp;tl=1, https:\/\/a57.foxnews.com\/static.foxnews.com\/foxnews.com\/content\/uploads\/2025\/06\/1440\/810\/hair-brush.jpg?ve=1&amp;tl=1 2x\" height=\"405\" width=\"720\"><img loading=\"lazy\" decoding=\"async\" src=\"https:\/\/a57.foxnews.com\/static.foxnews.com\/foxnews.com\/content\/uploads\/2025\/06\/1200\/675\/hair-brush.jpg?ve=1&amp;tl=1\" alt=\"La mujer saca el cabello del cepillo\" width=\"1200\" height=\"675\"\/><\/source><\/source><\/source><\/source><\/picture><\/div>\n<div class=\"info\">\n<div class=\"caption\">\n<p><span>Los estilistas instan a los clientes a verificar los niveles de vitaminas con su proveedor de atenci\u00f3n m\u00e9dica para ayudar a determinar la mejor manera de tratar su p\u00e9rdida de cabello.<\/span> <span>(Istock)<\/span><\/p>\n<\/div>\n<\/div>\n<\/div>\n<p>\u00abVan a perder el cabello\u00bb, dijo. \u00abVa a empeorar antes de mejorar\u00bb.<\/p>\n<p>\u00abPero mientras controlen las vitaminas, las repitan adecuadamente: cuando las mesetas del paciente y el peso se estable durante un mes o dos, el cuerpo ya no siente hambre, y el cuerpo est\u00e1 menos estresado, entonces el cabello vuelve a crecer mejor que nunca\u00bb.<\/p>\n<p>Watt dijo que a menudo recomienda una vitamina para el cabello a sus clientes que luchan con la p\u00e9rdida de peso. \u00abLa dieta tambi\u00e9n tiene mucho que ver con eso\u00bb, se\u00f1al\u00f3. <\/p>\n<p>Tambi\u00e9n recomend\u00f3 usar un champ\u00fa y un acondicionador formulado para resistir el adelgazamiento y la p\u00e9rdida de cabello, junto con un producto para el cabello que construye un enlace. <\/p>\n<p><strong><u>Haga clic aqu\u00ed para registrarse en nuestro bolet\u00edn de salud<\/u><\/strong><\/p>\n<p>DiMatteo y Delvecchio aseguraron a aquellos que est\u00e1n experimentando la p\u00e9rdida de cabello que el regreso lleva tiempo, y que no hay necesidad de tratamientos excesivos para el crecimiento del cabello.<\/p>\n<p>Delvecchio agreg\u00f3: \u00abLa p\u00e9rdida de cabello es temporal. Es un estr\u00e9s positivo y vale la pena\u00bb.<\/p>\n<div class=\"image-ct inline\">\n<div class=\"m\"><picture><source media=\"(max-width: 767px)\" srcset=\"https:\/\/a57.foxnews.com\/static.foxnews.com\/foxnews.com\/content\/uploads\/2025\/06\/343\/192\/woman-at-hairstylist.jpg?ve=1&amp;tl=1, https:\/\/a57.foxnews.com\/static.foxnews.com\/foxnews.com\/content\/uploads\/2025\/06\/686\/384\/woman-at-hairstylist.jpg?ve=1&amp;tl=1 2x\" height=\"192\" width=\"343\"><source media=\"(min-width: 768px) and (max-width: 1023px)\" srcset=\"https:\/\/a57.foxnews.com\/static.foxnews.com\/foxnews.com\/content\/uploads\/2025\/06\/672\/378\/woman-at-hairstylist.jpg?ve=1&amp;tl=1, https:\/\/a57.foxnews.com\/static.foxnews.com\/foxnews.com\/content\/uploads\/2025\/06\/1344\/756\/woman-at-hairstylist.jpg?ve=1&amp;tl=1 2x\" height=\"378\" width=\"672\"><source media=\"(min-width: 1024px) and (max-width: 1279px)\" srcset=\"https:\/\/a57.foxnews.com\/static.foxnews.com\/foxnews.com\/content\/uploads\/2025\/06\/931\/523\/woman-at-hairstylist.jpg?ve=1&amp;tl=1, https:\/\/a57.foxnews.com\/static.foxnews.com\/foxnews.com\/content\/uploads\/2025\/06\/1862\/1046\/woman-at-hairstylist.jpg?ve=1&amp;tl=1 2x\" height=\"523\" width=\"931\"><source media=\"(min-width: 1280px)\" srcset=\"https:\/\/a57.foxnews.com\/static.foxnews.com\/foxnews.com\/content\/uploads\/2025\/06\/720\/405\/woman-at-hairstylist.jpg?ve=1&amp;tl=1, https:\/\/a57.foxnews.com\/static.foxnews.com\/foxnews.com\/content\/uploads\/2025\/06\/1440\/810\/woman-at-hairstylist.jpg?ve=1&amp;tl=1 2x\" height=\"405\" width=\"720\"><img loading=\"lazy\" decoding=\"async\" src=\"https:\/\/a57.foxnews.com\/static.foxnews.com\/foxnews.com\/content\/uploads\/2025\/06\/1200\/675\/woman-at-hairstylist.jpg?ve=1&amp;tl=1\" alt=\"Mujer en el estilista\" width=\"1200\" height=\"675\"\/><\/source><\/source><\/source><\/source><\/picture><\/div>\n<div class=\"info\">\n<div class=\"caption\">\n<p><span>Novo Nordisk, el fabricante de Ozempic y Wegovy, confirm\u00f3 que la p\u00e9rdida de cabello es un riesgo identificado de semaglutida, y se enumera como un efecto secundario en la informaci\u00f3n del producto.<\/span> <span>(Istock)<\/span><\/p>\n<\/div>\n<\/div>\n<\/div>\n<p>Cuando se contact\u00f3 previamente por Fox News Digital, Novo Nordisk, el fabricante de Ozempic y Wegovy, confirm\u00f3 que la p\u00e9rdida de cabello es un riesgo identificado de semaglutida, y figura como un efecto secundario en la informaci\u00f3n del producto.<\/p>\n<p>\u00abEn los ensayos cl\u00ednicos de WoGovy, la p\u00e9rdida de cabello se inform\u00f3 en el 2.5% de los pacientes adultos tratados con Wogovy versus el 1.0% de los pacientes adultos tratados con placebo\u00bb, dijo el portavoz de la compa\u00f1\u00eda en ese momento. <\/p>\n<p><i><strong><u>Para m\u00e1s art\u00edculos de salud, visite <\/u><\/strong><\/i><i><strong><u>www.foxnews.com\/Health.<\/u><\/strong><\/i><\/p>\n<p>\u00abLa p\u00e9rdida de cabello se inform\u00f3 con mayor frecuencia en pacientes con mayor p\u00e9rdida de peso (\u226520%), lo que sugiere que los eventos de p\u00e9rdida de cabello estaban potencialmente relacionados con la magnitud de la p\u00e9rdida de peso\u00bb.<\/p>\n<p>\u00abLa seguridad del paciente es de suma importancia para Novo Nordisk\u00bb, continu\u00f3 la declaraci\u00f3n. \u00abEstamos monitoreando continuamente el perfil de seguridad de nuestros productos y colaboramos estrechamente con las autoridades para garantizar <u>seguridad del paciente<\/u>incluyendo informaci\u00f3n adecuada sobre la p\u00e9rdida de cabello \u00ab.<\/p>\n<p><i>Melissa Rudy de Fox News Digital contribuy\u00f3 con informes.<\/i><\/p>\n<p> <!----> <\/p>\n<div class=\"article-meta\">\n<div class=\"author-bio\">\n<p>Angelica Stabile es una reportera de estilo de vida para Fox News Digital.<\/p>\n<\/div>\n<\/div>\n<\/div>\n\n","protected":false},"excerpt":{"rendered":"<p>NUEVO\u00a1Ahora puedes escuchar art\u00edculos de Fox News! Los efectos secundarios de los GLP-1 pueden variar, pero un resultado reportado menos conocido de los medicamentos populares para la p\u00e9rdida de peso es la p\u00e9rdida o adelgazamiento del cabello. Algunos estilistas han confirmado un aumento en los clientes que se quejan de perder el cabello durante los &hellip;<\/p>\n","protected":false},"author":1,"featured_media":31646,"comment_status":"open","ping_status":"open","sticky":false,"template":"","format":"standard","meta":{"fifu_image_url":"https:\/\/a57.foxnews.com\/static.foxnews.com\/foxnews.com\/content\/uploads\/2025\/06\/1200\/675\/gettyimages-2187694587.jpg?ve=1&tl=1","fifu_image_alt":"","footnotes":""},"categories":[8],"tags":[],"class_list":["post-31644","post","type-post","status-publish","format-standard","has-post-thumbnail","","category-salud"],"_links":{"self":[{"href":"https:\/\/noticiasveraces.com\/index.php?rest_route=\/wp\/v2\/posts\/31644","targetHints":{"allow":["GET"]}}],"collection":[{"href":"https:\/\/noticiasveraces.com\/index.php?rest_route=\/wp\/v2\/posts"}],"about":[{"href":"https:\/\/noticiasveraces.com\/index.php?rest_route=\/wp\/v2\/types\/post"}],"author":[{"embeddable":true,"href":"https:\/\/noticiasveraces.com\/index.php?rest_route=\/wp\/v2\/users\/1"}],"replies":[{"embeddable":true,"href":"https:\/\/noticiasveraces.com\/index.php?rest_route=%2Fwp%2Fv2%2Fcomments&post=31644"}],"version-history":[{"count":0,"href":"https:\/\/noticiasveraces.com\/index.php?rest_route=\/wp\/v2\/posts\/31644\/revisions"}],"wp:featuredmedia":[{"embeddable":true,"href":"https:\/\/noticiasveraces.com\/index.php?rest_route=\/wp\/v2\/media\/31646"}],"wp:attachment":[{"href":"https:\/\/noticiasveraces.com\/index.php?rest_route=%2Fwp%2Fv2%2Fmedia&parent=31644"}],"wp:term":[{"taxonomy":"category","embeddable":true,"href":"https:\/\/noticiasveraces.com\/index.php?rest_route=%2Fwp%2Fv2%2Fcategories&post=31644"},{"taxonomy":"post_tag","embeddable":true,"href":"https:\/\/noticiasveraces.com\/index.php?rest_route=%2Fwp%2Fv2%2Ftags&post=31644"}],"curies":[{"name":"wp","href":"https:\/\/api.w.org\/{rel}","templated":true}]}}