{"id":31642,"date":"2025-06-14T11:42:31","date_gmt":"2025-06-14T15:42:31","guid":{"rendered":"https:\/\/noticiasveraces.com\/?p=31642"},"modified":"2025-06-14T11:42:31","modified_gmt":"2025-06-14T15:42:31","slug":"atacaremos-todos-los-sitios-del-regimen-dw-14-06-2025","status":"publish","type":"post","link":"https:\/\/noticiasveraces.com\/?p=31642","title":{"rendered":"\u00abatacaremos todos los sitios del r\u00e9gimen\u00bb \u2013 DW \u2013 14\/06\/2025"},"content":{"rendered":"<p> \n<\/p>\n<div id=\"liveblog-post-72910429\"><span class=\"hr9hvkd hb7nbxk seipclg b1ho1h07\">Ir a la siguiente secci\u00f3n Netanyahu anuncia nuevos ataques en Teher\u00e1n<\/span><svg xmlns=\"http:\/\/www.w3.org\/2000\/svg\" viewbox=\"0 0 20 20\" class=\"s1ly0d8v\"><g fill=\"none\" fill-rule=\"evenodd\" stroke=\"#002D5A\" stroke-width=\"2\"><path d=\"M4 9L4 16 11 16\" transform=\"rotate(45 7.5 12.5)\"\/><path stroke-linecap=\"square\" d=\"M3.5 12.5L17.5 12.5M17.5 12.5L17.5 5.5M17.5 5L12 5\"\/><\/g><\/svg><\/p>\n<p><span class=\"time-area s1i8qhb9 icns9en i1sf8oqe m1km9ap7 wgx1hx2 b1ho1h07\"><span class=\"publication icns9en i1sf8oqe m1km9ap7 wgx1hx2 b1ho1h07\"><time aria-hidden=\"true\">14\/06\/2025<\/time><span class=\"sr-only s28j2rd\">14 de junio de 2025<\/span><\/span><\/span><\/p>\n<h2 class=\"hr9hvkd h16xqir8 seipclg b1ho1h07\">Netanyahu anuncia nuevos ataques en Teher\u00e1n<\/h2>\n<\/p>\n<div class=\"post-rich-text cc0m0op s1ebneao rich-text t1it8i9i r1wgtjne wgx1hx2 b1ho1h07\">\n<p>El primer ministro israel\u00ed, Benjam\u00edn Netanyahu, anunci\u00f3 durante la tarde de este s\u00e1bado (14.06.2025) un nuevo ataque a\u00e9reo en Teher\u00e1n. <\/p>\n<p>El primer ministrio israel\u00ed\u00a0declar\u00f3 que los ataques de Israel han hecho retroceder el programa nuclear iran\u00ed, posiblemente a\u00f1os. \u00abGolpearemos cada lugar y cada objetivo del r\u00e9gimen de los ayatol\u00e1s<br \/>y lo que han sentido hasta ahora no es nada comparado con lo que recibir\u00e1n en los pr\u00f3ximos d\u00edas\u00bb, dijo Netanyahu en un mensaje de v\u00eddeo.<\/p>\n<p>Adem\u00e1s, Netanyahu\u00a0afirm\u00f3 qu\u00e9 Ir\u00e1n quiere desarrollar 20.000 misiles bal\u00edsticos para \u00abdestruir el Estado de Israel\u00bb. \u00abNo podemos permitirnos que desarrollen capacidad de producci\u00f3n para 20.000 misiles, as\u00ed que hemos tomado medidas para destruirla y eso es lo que las Fuerzas de Defensa de Israel est\u00e1n haciendo ahora\u00bb. <\/p>\n<p>(Ephe, de, Reuters)<\/p>\n<\/p>\n<\/div>\n<p><span class=\"svdcmki\">https:\/\/p.dw.com\/p\/4vvkf<\/span><\/p>\n<\/div>\n<div id=\"liveblog-post-72909817\"><span class=\"hr9hvkd hb7nbxk seipclg b1ho1h07\">Ir a la siguiente secci\u00f3n Israel lanza nuevos ataques contra varios puntos en Ir\u00e1n<\/span><svg xmlns=\"http:\/\/www.w3.org\/2000\/svg\" viewbox=\"0 0 20 20\" class=\"s1ly0d8v\"><g fill=\"none\" fill-rule=\"evenodd\" stroke=\"#002D5A\" stroke-width=\"2\"><path d=\"M4 9L4 16 11 16\" transform=\"rotate(45 7.5 12.5)\"\/><path stroke-linecap=\"square\" d=\"M3.5 12.5L17.5 12.5M17.5 12.5L17.5 5.5M17.5 5L12 5\"\/><\/g><\/svg><\/p>\n<p><span class=\"time-area s1i8qhb9 icns9en i1sf8oqe m1km9ap7 wgx1hx2 b1ho1h07\"><span class=\"publication icns9en i1sf8oqe m1km9ap7 wgx1hx2 b1ho1h07\"><time aria-hidden=\"true\">14\/06\/2025<\/time><span class=\"sr-only s28j2rd\">14 de junio de 2025<\/span><\/span><\/span><\/p>\n<h2 class=\"hr9hvkd h16xqir8 seipclg b1ho1h07\">Israel lanza nuevos ataques contra varios puntos en Ir\u00e1n<\/h2>\n<\/p>\n<div class=\"post-rich-text cc0m0op s1ebneao rich-text t1it8i9i r1wgtjne wgx1hx2 b1ho1h07\">\n<p>El Ej\u00e9rcito israel\u00ed tiene en curso ataques contra varios puntos en Ir\u00e1n, indic\u00f3 el cuerpo armado este s\u00e1bado (14.06.2025), despu\u00e9s de que la Rep\u00fablica Isl\u00e1mica disparara misiles contra Israel en respuesta a su ataque masivo del viernes. \u00abActualmente estamos realizando ataques contra varios puntos en Ir\u00e1n\u00bb, declar\u00f3 el portavoz del ej\u00e9rcito israel\u00ed, el general de brigada Effie Defrin.<\/p>\n<p>Antes, un alto cargo militar dijo que los cazabombarderos israel\u00edes ten\u00edan el camino despejado hasta Teher\u00e1n tras los ataques contra las defensas iran\u00edes. \u00abLa ruta a\u00e9rea a Teher\u00e1n est\u00e1 pr\u00e1cticamente despejada. Esto no significa que no haya amenazas (&#8230;) ni que sea f\u00e1cil, pero el camino a Teher\u00e1n est\u00e1 despejado, algo que no podr\u00edamos decir hace meses\u00bb, dijo un oficial militar en un encuentro online con la prensa internacional. (afp, efe)<\/p>\n<figure class=\"placeholder-image master_landscape big\"><img data-format=\"MASTER_LANDSCAPE\" data-id=\"72908851\" data-url=\"https:\/\/static.dw.com\/image\/72908851_${formatId}.jpg\" data-aspect-ratio=\"16\/9\" alt=\"Las \u00faltimas plantas de una gran torre se ven visiblemente da\u00f1adas.\" style=\"padding-bottom: 56.25%; height: 0; max-height: 0;\"\/><figcaption class=\"img-caption\">Edificio da\u00f1ado por los ataques israel\u00edes en Teher\u00e1n, en una imagen de ayer.<small class=\"copyright\">Imagen: Fatemeh Bahrami\/Anadolu Agency\/Imelo<\/small><\/figcaption><\/figure>\n<\/div>\n<p><span class=\"svdcmki\">https:\/\/p.dw.com\/p\/4vvan<\/span><\/p>\n<\/div>\n<div id=\"liveblog-post-72908172\"><span class=\"hr9hvkd hb7nbxk seipclg b1ho1h07\">Ir a la siguiente secci\u00f3n Tres nuevos cient\u00edficos nucleares muertos en Ir\u00e1n<\/span><svg xmlns=\"http:\/\/www.w3.org\/2000\/svg\" viewbox=\"0 0 20 20\" class=\"s1ly0d8v\"><g fill=\"none\" fill-rule=\"evenodd\" stroke=\"#002D5A\" stroke-width=\"2\"><path d=\"M4 9L4 16 11 16\" transform=\"rotate(45 7.5 12.5)\"\/><path stroke-linecap=\"square\" d=\"M3.5 12.5L17.5 12.5M17.5 12.5L17.5 5.5M17.5 5L12 5\"\/><\/g><\/svg><\/p>\n<p><span class=\"time-area s1i8qhb9 icns9en i1sf8oqe m1km9ap7 wgx1hx2 b1ho1h07\"><span class=\"publication icns9en i1sf8oqe m1km9ap7 wgx1hx2 b1ho1h07\"><time aria-hidden=\"true\">14\/06\/2025<\/time><span class=\"sr-only s28j2rd\">14 de junio de 2025<\/span><\/span><\/span><\/p>\n<h2 class=\"hr9hvkd h16xqir8 seipclg b1ho1h07\">Tres nuevos cient\u00edficos nucleares muertos en Ir\u00e1n<\/h2>\n<\/p>\n<div class=\"post-rich-text cc0m0op s1ebneao rich-text t1it8i9i r1wgtjne wgx1hx2 b1ho1h07\">\n<p>El Ej\u00e9rcito israel\u00ed dijo el s\u00e1bado que nueve cient\u00edficos nucleares iran\u00edes de alto rango murieron en sus ataques a\u00e9reos del viernes contra instalaciones nucleares en Ir\u00e1n. \u00abDurante los ataques de la fuerza a\u00e9rea israel\u00ed al comienzo de la Operaci\u00f3n Le\u00f3n Ascendente, nueve cient\u00edficos y expertos de alto nivel, que desarrollaban el programa de armas nucleares del r\u00e9gimen iran\u00ed, fueron eliminados\u00bb, indic\u00f3 un comunicado castrense.<\/p>\n<p>La agencia de noticias iran\u00ed Tasnim confirm\u00f3 que tres nuevos cient\u00edficos hab\u00edan muerto en los \u00faltimos ataques israel\u00edes, que se unen a los seis que se hab\u00edan contabilizado previamente. (afp, rtr)<\/p>\n<\/div>\n<p><span class=\"svdcmki\">https:\/\/p.dw.com\/p\/4vukg<\/span><\/p>\n<\/div>\n<div id=\"liveblog-post-72907676\"><span class=\"hr9hvkd hb7nbxk seipclg b1ho1h07\">Ir a la siguiente secci\u00f3n \u00abSi Jamene\u00ed continu\u00e1n disparando misiles, Teher\u00e1n arder\u00e1\u00bb<\/span><svg xmlns=\"http:\/\/www.w3.org\/2000\/svg\" viewbox=\"0 0 20 20\" class=\"s1ly0d8v\"><g fill=\"none\" fill-rule=\"evenodd\" stroke=\"#002D5A\" stroke-width=\"2\"><path d=\"M4 9L4 16 11 16\" transform=\"rotate(45 7.5 12.5)\"\/><path stroke-linecap=\"square\" d=\"M3.5 12.5L17.5 12.5M17.5 12.5L17.5 5.5M17.5 5L12 5\"\/><\/g><\/svg><\/p>\n<p><span class=\"time-area s1i8qhb9 icns9en i1sf8oqe m1km9ap7 wgx1hx2 b1ho1h07\"><span class=\"publication icns9en i1sf8oqe m1km9ap7 wgx1hx2 b1ho1h07\"><time aria-hidden=\"true\">14\/06\/2025<\/time><span class=\"sr-only s28j2rd\">14 de junio de 2025<\/span><\/span><\/span><\/p>\n<h2 class=\"hr9hvkd h16xqir8 seipclg b1ho1h07\">\u00abSi Jamene\u00ed continu\u00e1n disparando misiles, Teher\u00e1n arder\u00e1\u00bb<\/h2>\n<\/p>\n<div class=\"post-rich-text cc0m0op s1ebneao rich-text t1it8i9i r1wgtjne wgx1hx2 b1ho1h07\">\n<p>\u00abTeher\u00e1n arder\u00e1\u00bb si Ir\u00e1n dispara m\u00e1s misiles contra Israel, declar\u00f3 el s\u00e1bado (14.06.2025) el ministro de Defensa israel\u00ed, Israel Katz, tras la respuesta nocturna iran\u00ed al ataque masivo contra la Rep\u00fablica Isl\u00e1mica, que ha provocado al menos dos muertos.<\/p>\n<p>\u00abEl dictador iran\u00ed est\u00e1 convirtiendo a los ciudadanos iran\u00edes en rehenes y creando una realidad en la que ellos, especialmente los residentes de Teher\u00e1n, pagar\u00e1n un alto precio por el da\u00f1o criminal causado a los civiles israel\u00edes\u00bb, afirm\u00f3 Katz en un comunicado. Si el l\u00edder supremo iran\u00ed, el ayatol\u00e1 Ali \u00abJamenei sigue disparando misiles contra el frente interno israel\u00ed, Teher\u00e1n arder\u00e1\u00bb, advirti\u00f3 el ministro. (afp, efe)<\/p>\n<\/div>\n<p><span class=\"svdcmki\">https:\/\/p.dw.com\/p\/4vucg<\/span><\/p>\n<\/div>\n<div id=\"liveblog-post-72907594\"><span class=\"hr9hvkd hb7nbxk seipclg b1ho1h07\">Ir a la siguiente secci\u00f3n El OIEA descarta de momento fuga radiactiva en Isfah\u00e1n<\/span><svg xmlns=\"http:\/\/www.w3.org\/2000\/svg\" viewbox=\"0 0 20 20\" class=\"s1ly0d8v\"><g fill=\"none\" fill-rule=\"evenodd\" stroke=\"#002D5A\" stroke-width=\"2\"><path d=\"M4 9L4 16 11 16\" transform=\"rotate(45 7.5 12.5)\"\/><path stroke-linecap=\"square\" d=\"M3.5 12.5L17.5 12.5M17.5 12.5L17.5 5.5M17.5 5L12 5\"\/><\/g><\/svg><\/p>\n<p><span class=\"time-area s1i8qhb9 icns9en i1sf8oqe m1km9ap7 wgx1hx2 b1ho1h07\"><span class=\"publication icns9en i1sf8oqe m1km9ap7 wgx1hx2 b1ho1h07\"><time aria-hidden=\"true\">14\/06\/2025<\/time><span class=\"sr-only s28j2rd\">14 de junio de 2025<\/span><\/span><\/span><\/p>\n<h2 class=\"hr9hvkd h16xqir8 seipclg b1ho1h07\">El OIEA descarta de momento fuga radiactiva en Isfah\u00e1n<\/h2>\n<\/p>\n<div class=\"post-rich-text cc0m0op s1ebneao rich-text t1it8i9i r1wgtjne wgx1hx2 b1ho1h07\">\n<p>El Organismo Internacional de Energ\u00eda At\u00f3mica (OIEA) ha indicado est\u00e9 s\u00e1bado que, hasta el momento, no tiene constancia de un aumento de los niveles de radiactividad en el exterior de la planta nuclear iran\u00ed de Isfah\u00e1n, una de las instalaciones atacada por Israel ayer viernes. El organismo de la ONU se\u00f1al\u00f3 en un breve mensaje en ingl\u00e9s en la red social X que est\u00e1 en estrecho contacto con las autoridades iran\u00edes.<\/p>\n<blockquote class=\"tweet embed\" data-id=\"1933804870684799093\"\/>\n<p>El OIEA anunci\u00f3 ayer que hab\u00eda sido informada por Ir\u00e1n de que Isfah\u00e1n, al sureste de Teher\u00e1n,estaba entre las instalaciones nucleares bombardeadas por Israel, y que estaba a la espera de recibir m\u00e1s informaci\u00f3n sobre la situaci\u00f3n en esa instalaci\u00f3n del programa at\u00f3mico iran\u00ed. (efe, rtr, oiea)<\/p>\n<\/div>\n<p><span class=\"svdcmki\">https:\/\/p.dw.com\/p\/4vuaw<\/span><\/p>\n<\/div>\n<div id=\"liveblog-post-72906684\"><span class=\"hr9hvkd hb7nbxk seipclg b1ho1h07\">Ir a la siguiente secci\u00f3n El Papa hace un llamado \u00aba la responsabilidad y a la raz\u00f3n\u00bb<\/span><svg xmlns=\"http:\/\/www.w3.org\/2000\/svg\" viewbox=\"0 0 20 20\" class=\"s1ly0d8v\"><g fill=\"none\" fill-rule=\"evenodd\" stroke=\"#002D5A\" stroke-width=\"2\"><path d=\"M4 9L4 16 11 16\" transform=\"rotate(45 7.5 12.5)\"\/><path stroke-linecap=\"square\" d=\"M3.5 12.5L17.5 12.5M17.5 12.5L17.5 5.5M17.5 5L12 5\"\/><\/g><\/svg><\/p>\n<p><span class=\"time-area s1i8qhb9 icns9en i1sf8oqe m1km9ap7 wgx1hx2 b1ho1h07\"><span class=\"publication icns9en i1sf8oqe m1km9ap7 wgx1hx2 b1ho1h07\"><time aria-hidden=\"true\">14\/06\/2025<\/time><span class=\"sr-only s28j2rd\">14 de junio de 2025<\/span><\/span><\/span><\/p>\n<h2 class=\"hr9hvkd h16xqir8 seipclg b1ho1h07\">El Papa hace un llamado \u00aba la responsabilidad y a la raz\u00f3n\u00bb<\/h2>\n<\/p>\n<div class=\"post-rich-text cc0m0op s1ebneao rich-text t1it8i9i r1wgtjne wgx1hx2 b1ho1h07\">\n<figure class=\"placeholder-image master_landscape big\"><img data-format=\"MASTER_LANDSCAPE\" data-id=\"72906724\" data-url=\"https:\/\/static.dw.com\/image\/72906724_${formatId}.jpg\" data-aspect-ratio=\"16\/9\" alt=\"El Papa celebra una audiencia jubilar con motivo del Jubileo del Deporte, en la Bas\u00edlica de San Pedro, este 14 de junio de 2025\" style=\"padding-bottom: 56.25%; height: 0; max-height: 0;\"\/><figcaption class=\"img-caption\">El papa Le\u00f3n XIV, durante la misa de este s\u00e1bado en la Bas\u00edlica de San Pedro.<small class=\"copyright\">Imagen: Yara Nardi\/REUTERS<\/small><\/figcaption><\/figure>\n<p>El papa Le\u00f3n XIV hizo el s\u00e1bado (14.06.2025) un \u00abllamado a la responsabilidad y a la raz\u00f3n\u00bb a Ir\u00e1n e Israel, en momentos en que \u00abla situaci\u00f3n se ha deteriorado gravemente\u00bb entre los dos pa\u00edses. Y aludi\u00f3 \u00abal compromiso de construir un mundo libre de la amenaza nuclear\u00bb.<\/p>\n<p>\u00abNadie deber\u00eda jam\u00e1s amenazar la existencia del otro, y es deber de todos los pa\u00edses apoyar la causa de la paz utilizando caminos de reconciliaci\u00f3n y promoviendo soluciones que garanticen la seguridad y la dignidad para todos\u00bb, afirm\u00f3 durante una audiencia p\u00fablica en la bas\u00edlica de San Pedro. (afp, efe)<\/p>\n<\/div>\n<p><span class=\"svdcmki\">https:\/\/p.dw.com\/p\/4vumg<\/span><\/p>\n<\/div>\n<div id=\"liveblog-post-72906667\"><span class=\"hr9hvkd hb7nbxk seipclg b1ho1h07\">Ir a la siguiente secci\u00f3n Dos generales iran\u00edes m\u00e1s mueren en los \u00faltimos ataques israel\u00edes<\/span><svg xmlns=\"http:\/\/www.w3.org\/2000\/svg\" viewbox=\"0 0 20 20\" class=\"s1ly0d8v\"><g fill=\"none\" fill-rule=\"evenodd\" stroke=\"#002D5A\" stroke-width=\"2\"><path d=\"M4 9L4 16 11 16\" transform=\"rotate(45 7.5 12.5)\"\/><path stroke-linecap=\"square\" d=\"M3.5 12.5L17.5 12.5M17.5 12.5L17.5 5.5M17.5 5L12 5\"\/><\/g><\/svg><\/p>\n<p><span class=\"time-area s1i8qhb9 icns9en i1sf8oqe m1km9ap7 wgx1hx2 b1ho1h07\"><span class=\"publication icns9en i1sf8oqe m1km9ap7 wgx1hx2 b1ho1h07\"><time aria-hidden=\"true\">14\/06\/2025<\/time><span class=\"sr-only s28j2rd\">14 de junio de 2025<\/span><\/span><\/span><\/p>\n<h2 class=\"hr9hvkd h16xqir8 seipclg b1ho1h07\">Dos generales iran\u00edes m\u00e1s mueren en los \u00faltimos ataques israel\u00edes<\/h2>\n<\/p>\n<div class=\"post-rich-text cc0m0op s1ebneao rich-text t1it8i9i r1wgtjne wgx1hx2 b1ho1h07\">\n<p>Ir\u00e1n inform\u00f3 de que otros dos generales murieron en ataques israel\u00edes, lo que eleva a ocho el n\u00famero total de oficiales iran\u00edes de alto rango muertos, que se suman a los al menos seis destacados cient\u00edficos nucleares del pa\u00eds. Gholamresa Mehrabi y Mehdi Rabani, ambos miembros destacados del Estado Mayor de las Fuerzas Armadas, murieron en bombardeos israel\u00edes, seg\u00fan inform\u00f3 la radio estatal el s\u00e1bado.<\/p>\n<p>\u00abLos oficiales de las Fuerzas Armadas, el general Mehdi Rabbani y el general Gholamreza Mehrabi murieron en los ataques del r\u00e9gimen sionista contra Teher\u00e1n\u00bb, inform\u00f3 tambi\u00e9n el diario Tehran Times. \u00a0Mehrabi trabajaba como subdirector del departamento de inteligencia del Estado Mayor, mientras que Rabani era subdirector de operaciones de las Fuerzas Armadas.<\/p>\n<figure class=\"placeholder-image master_landscape big\"><img data-format=\"MASTER_LANDSCAPE\" data-id=\"72907176\" data-url=\"https:\/\/static.dw.com\/image\/72907176_${formatId}.jpg\" data-aspect-ratio=\"16\/9\" alt=\"Una persona se asoma a una pared derribada de una vivienda, a trav\u00e9s de la que se ven los edificios de enfrente, medio derruidos, en una imagen de este viernes 13 de junio de 2025.\" style=\"padding-bottom: 56.25%; height: 0; max-height: 0;\"\/><figcaption class=\"img-caption\">Imagen de una zona residencial de Teher\u00e1n alcanzada por los ataques de ayer.<small class=\"copyright\">Imagen: Saba\/Middle East Images\/Afpgetty Images<\/small><\/figcaption><\/figure>\n<p>La televisi\u00f3n estatal iran\u00ed dijo que murieron alrededor de sesenta personas, incluidos veinte ni\u00f1os, murieron en un ataque israel\u00ed contra un complejo de viviendas en la capital iran\u00ed, Teher\u00e1n. (dpa, efe, rtr)<\/p>\n<\/div>\n<p><span class=\"svdcmki\">https:\/\/p.dw.com\/p\/4vulz<\/span><\/p>\n<\/div>\n<div id=\"liveblog-post-72906619\"><span class=\"hr9hvkd hb7nbxk seipclg b1ho1h07\">Ir a la siguiente secci\u00f3n Ej\u00e9rcito israel\u00ed atac\u00f3 \u00abdecenas\u00bb de lanzamisiles en Ir\u00e1n<\/span><svg xmlns=\"http:\/\/www.w3.org\/2000\/svg\" viewbox=\"0 0 20 20\" class=\"s1ly0d8v\"><g fill=\"none\" fill-rule=\"evenodd\" stroke=\"#002D5A\" stroke-width=\"2\"><path d=\"M4 9L4 16 11 16\" transform=\"rotate(45 7.5 12.5)\"\/><path stroke-linecap=\"square\" d=\"M3.5 12.5L17.5 12.5M17.5 12.5L17.5 5.5M17.5 5L12 5\"\/><\/g><\/svg><\/p>\n<p><span class=\"time-area s1i8qhb9 icns9en i1sf8oqe m1km9ap7 wgx1hx2 b1ho1h07\"><span class=\"publication icns9en i1sf8oqe m1km9ap7 wgx1hx2 b1ho1h07\"><time aria-hidden=\"true\">14\/06\/2025<\/time><span class=\"sr-only s28j2rd\">14 de junio de 2025<\/span><\/span><\/span><\/p>\n<h2 class=\"hr9hvkd h16xqir8 seipclg b1ho1h07\">Ej\u00e9rcito israel\u00ed atac\u00f3 \u00abdecenas\u00bb de lanzamisiles en Ir\u00e1n<\/h2>\n<\/p>\n<div class=\"post-rich-text cc0m0op s1ebneao rich-text t1it8i9i r1wgtjne wgx1hx2 b1ho1h07\">\n<p>El Ej\u00e9rcito de Israel dijo en un comunicado el s\u00e1bado que estaba atacando \u00abdecenas\u00bb de lanzaderas de misiles en Ir\u00e1n. Antes, hab\u00eda afirmado que \u00abdurante la noche, la FAI (Fuerza A\u00e9rea Israel\u00ed) atac\u00f3 docenas de objetivos, incluida la infraestructura de misiles tierra-aire, como parte de una operaci\u00f3n para da\u00f1ar las capacidades de defensa a\u00e9rea del r\u00e9gimen iran\u00ed en el \u00e1rea de Teher\u00e1n\u00bb.<\/p>\n<p>\u00abPor primera vez desde el inicio de la guerra, a m\u00e1s de 1.500 km del territorio israel\u00ed, la FAI atac\u00f3 sistemas de defensa en la zona de Teher\u00e1n\u00bb, afirmaba el comunicado previo. \u00abEstos ataques tienen importancia operativa y nacional. Da\u00f1amos, y seguiremos da\u00f1ando, sitios estrat\u00e9gicos y fuentes de informaci\u00f3n enemigas\u00bb, dijo hoy el comandante israel\u00ed de la fuerza a\u00e9rea, Tomer Bar.<\/p>\n<p>Horas despu\u00e9s, pasadas las 8:00 hora local, el Ej\u00e9rcito israel\u00ed asegur\u00f3 haber interceptado un n\u00famero indeterminado de drones iran\u00edes, tras el inicio de las alarmas antia\u00e9reas en partes del territorio palestino ocupado de Cisjordania y del Mar Muerto. (afp, efe)<\/p>\n<\/div>\n<p><span class=\"svdcmki\">https:\/\/p.dw.com\/p\/4vuld<\/span><\/p>\n<\/div>\n<div id=\"liveblog-post-72906558\"><span class=\"hr9hvkd hb7nbxk seipclg b1ho1h07\">Ir a la siguiente secci\u00f3n Ir\u00e1n: las negociaciones con EE.UU. ya \u00abno tienen sentido\u00bb<\/span><svg xmlns=\"http:\/\/www.w3.org\/2000\/svg\" viewbox=\"0 0 20 20\" class=\"s1ly0d8v\"><g fill=\"none\" fill-rule=\"evenodd\" stroke=\"#002D5A\" stroke-width=\"2\"><path d=\"M4 9L4 16 11 16\" transform=\"rotate(45 7.5 12.5)\"\/><path stroke-linecap=\"square\" d=\"M3.5 12.5L17.5 12.5M17.5 12.5L17.5 5.5M17.5 5L12 5\"\/><\/g><\/svg><\/p>\n<p><span class=\"time-area s1i8qhb9 icns9en i1sf8oqe m1km9ap7 wgx1hx2 b1ho1h07\"><span class=\"publication icns9en i1sf8oqe m1km9ap7 wgx1hx2 b1ho1h07\"><time aria-hidden=\"true\">14\/06\/2025<\/time><span class=\"sr-only s28j2rd\">14 de junio de 2025<\/span><\/span><\/span><\/p>\n<h2 class=\"hr9hvkd h16xqir8 seipclg b1ho1h07\">Ir\u00e1n: las negociaciones con EE.UU. ya \u00abno tienen sentido\u00bb<\/h2>\n<\/p>\n<div class=\"post-rich-text cc0m0op s1ebneao rich-text t1it8i9i r1wgtjne wgx1hx2 b1ho1h07\">\n<p>Ir\u00e1n no ve ya sentido a que las negociaciones nucleares con Estados Unidos, que hasta ahora avanzaban, tras los ataques israel\u00edes contra objetivos militares y at\u00f3micos iran\u00edes de las \u00faltimas jornadas. \u00abLa otra parte (Estados Unidos) actu\u00f3 de una manera que hace que el di\u00e1logo no tenga sentido\u00bb, dijo el portavoz del Ministerio de Exteriores iran\u00ed, Ismail Baghaei, en un comunicado recogido este s\u00e1bado (14.06.2025) por medios iran\u00edes.<\/p>\n<p>\u00abNo puedes decir que negocias y al mismo tiempo dividir el trabajo permitiendo que el r\u00e9gimen sionista (Israel) ataque el territorio iran\u00ed\u00bb, sostuvo el diplom\u00e1tico. Baghaei dijo que Tel Aviv \u00abha tenido \u00e9xito influenciando\u00bb el proceso diplom\u00e1tico y asegur\u00f3 que el ataque israel\u00ed no hubiese ocurrido sin el permiso de Washington.<\/p>\n<p>Los comentarios de Esmail Baghaei pusieron a\u00fan m\u00e1s en duda las posibles conversaciones entre ambos pa\u00edses, inicialmente programadas para el domingo en Om\u00e1n. Sin embargo, no lleg\u00f3 a afirmar que las conversaciones se hubieran cancelado. La agencia de noticias Mizan, gestionada por el poder judicial iran\u00ed, lo cit\u00f3 diciendo: \u00abA\u00fan no est\u00e1 claro qu\u00e9 decidiremos sobre las conversaciones del domingo\u00bb. (efe, ap)<\/p>\n<\/div>\n<p><span class=\"svdcmki\">https:\/\/p.dw.com\/p\/4vuke<\/span><\/p>\n<\/div>\n<div id=\"liveblog-post-72905864\"><span class=\"hr9hvkd hb7nbxk seipclg b1ho1h07\">Ir a la siguiente secci\u00f3n Al menos dos muertos en zona residencial israel\u00ed tras impacto de cohete<\/span><svg xmlns=\"http:\/\/www.w3.org\/2000\/svg\" viewbox=\"0 0 20 20\" class=\"s1ly0d8v\"><g fill=\"none\" fill-rule=\"evenodd\" stroke=\"#002D5A\" stroke-width=\"2\"><path d=\"M4 9L4 16 11 16\" transform=\"rotate(45 7.5 12.5)\"\/><path stroke-linecap=\"square\" d=\"M3.5 12.5L17.5 12.5M17.5 12.5L17.5 5.5M17.5 5L12 5\"\/><\/g><\/svg><\/p>\n<p><span class=\"time-area s1i8qhb9 icns9en i1sf8oqe m1km9ap7 wgx1hx2 b1ho1h07\"><span class=\"publication icns9en i1sf8oqe m1km9ap7 wgx1hx2 b1ho1h07\"><time aria-hidden=\"true\">14\/06\/2025<\/time><span class=\"sr-only s28j2rd\">14 de junio de 2025<\/span><\/span><\/span><\/p>\n<h2 class=\"hr9hvkd h16xqir8 seipclg b1ho1h07\">Al menos dos muertos en zona residencial israel\u00ed tras impacto de cohete<\/h2>\n<\/p>\n<div class=\"post-rich-text cc0m0op s1ebneao rich-text t1it8i9i r1wgtjne wgx1hx2 b1ho1h07\">\n<figure class=\"placeholder-image master_landscape big\"><img data-format=\"MASTER_LANDSCAPE\" data-id=\"72905706\" data-url=\"https:\/\/static.dw.com\/image\/72905706_${formatId}.jpg\" data-aspect-ratio=\"16\/9\" alt=\"Dos edificios parcialmente destrudios, junto a veh\u00edculos calcinados y una bandera de Israel.\" style=\"padding-bottom: 56.25%; height: 0; max-height: 0;\"\/><figcaption class=\"img-caption\">Dos militares israel\u00edes inspeccionan el lugar destruido por un misil iran\u00ed en Ramat Gan, junto a Tel Aviv.<small class=\"copyright\">Imagen: Jack Guez\/AFP\/Getty Images<\/small><\/figcaption><\/figure>\n<p>Los servicios de emergencia israel\u00edes informaron de que dos personas murieron el s\u00e1bado (14.06.2025) tras el impacto de un cohete en una zona residencial en el centro de Israel, despu\u00e9s de que Ir\u00e1n lanzara una andanada de misiles. \u00abEntre las v\u00edctimas: una mujer de unos 60 a\u00f1os fue hallada sin signos de vida y un hombre de unos 45 fue evacuado en estado cr\u00edtico (&#8230;) y m\u00e1s tarde fue declarado muerto\u00bb, afirm\u00f3 el Magen David Adom, equivalente israel\u00ed de la Cruz Roja, en un comunicado. Otras 19 personas resultaron heridas, agreg\u00f3.<\/p>\n<p>Medios israel\u00edes, como Times of Israel, elevan a tres la cifra de muertos en los ataques iran\u00edes. De este s\u00e1bado. En respuesta, el Ej\u00e9rcito israel\u00ed anunci\u00f3 la continuaci\u00f3n de sus operaciones contra objetivos en Ir\u00e1n. En Teher\u00e1n, se inform\u00f3 de que los sistemas de defensa a\u00e9rea se activaron de nuevo durante la noche. Testigos presenciales y medios locales informaron de explosiones en el centro y noreste de la ciudad. (afp, dpa)<\/p>\n<\/div>\n<p><span class=\"svdcmki\">https:\/\/p.dw.com\/p\/4vu92<\/span><\/p>\n<\/div>\n<div id=\"liveblog-post-72905846\"><span class=\"hr9hvkd hb7nbxk seipclg b1ho1h07\">Ir a la siguiente secci\u00f3n Estados Unidos busca reabrir la Voz de Am\u00e9rica en Persa<\/span><svg xmlns=\"http:\/\/www.w3.org\/2000\/svg\" viewbox=\"0 0 20 20\" class=\"s1ly0d8v\"><g fill=\"none\" fill-rule=\"evenodd\" stroke=\"#002D5A\" stroke-width=\"2\"><path d=\"M4 9L4 16 11 16\" transform=\"rotate(45 7.5 12.5)\"\/><path stroke-linecap=\"square\" d=\"M3.5 12.5L17.5 12.5M17.5 12.5L17.5 5.5M17.5 5L12 5\"\/><\/g><\/svg><\/p>\n<p><span class=\"time-area s1i8qhb9 icns9en i1sf8oqe m1km9ap7 wgx1hx2 b1ho1h07\"><span class=\"publication icns9en i1sf8oqe m1km9ap7 wgx1hx2 b1ho1h07\"><time aria-hidden=\"true\">14\/06\/2025<\/time><span class=\"sr-only s28j2rd\">14 de junio de 2025<\/span><\/span><\/span><\/p>\n<h2 class=\"hr9hvkd h16xqir8 seipclg b1ho1h07\">Estados Unidos busca reabrir la Voz de Am\u00e9rica en Persa<\/h2>\n<\/p>\n<div class=\"post-rich-text cc0m0op s1ebneao rich-text t1it8i9i r1wgtjne wgx1hx2 b1ho1h07\">\n<p>El Gobierno estadounidense ha pedido a empleados del servicio en persa de la emisora p\u00fablica Voz de Am\u00e9rica (VOA), a los que planeaba despedir, que retornen a sus puestos de trabajo tras el ataque israel\u00ed sobre Ir\u00e1n y las contraofensivas de Teher\u00e1n. Debido a los recortes de la Administraci\u00f3n Trump, desde marzo la mayor\u00eda de la plantilla hab\u00eda sido o despedida o puesta en baja administrativa. El servicio en farsi de VOA contaba con unos 75 empleados.<\/p>\n<p>La Agencia de Medios Globales de Estados Unidos (USAGM), el ente p\u00fablico que gestiona VOA, ha informado a aquellos empleados que se encontraban en licencia administrativa de que deben regresar de inmediato a sus funciones, seg\u00fan un correo al que ha tenido acceso el medio Politico. \u00abCon efecto inmediato, se les retira de la licencia administrativa. Se espera que se presenten a su lugar de trabajo de inmediato\u00bb, dice el correo. (efe, politico)<\/p>\n<\/div>\n<p><span class=\"svdcmki\">https:\/\/p.dw.com\/p\/4vu8k<\/span><\/p>\n<\/div>\n\n","protected":false},"excerpt":{"rendered":"<p>Ir a la siguiente secci\u00f3n Netanyahu anuncia nuevos ataques en Teher\u00e1n 14\/06\/202514 de junio de 2025 Netanyahu anuncia nuevos ataques en Teher\u00e1n El primer ministro israel\u00ed, Benjam\u00edn Netanyahu, anunci\u00f3 durante la tarde de este s\u00e1bado (14.06.2025) un nuevo ataque a\u00e9reo en Teher\u00e1n. El primer ministrio israel\u00ed\u00a0declar\u00f3 que los ataques de Israel han hecho retroceder el &hellip;<\/p>\n","protected":false},"author":1,"featured_media":31643,"comment_status":"open","ping_status":"open","sticky":false,"template":"","format":"standard","meta":{"fifu_image_url":"https:\/\/static.dw.com\/image\/72893938_6.jpg","fifu_image_alt":"","footnotes":""},"categories":[13],"tags":[],"class_list":["post-31642","post","type-post","status-publish","format-standard","has-post-thumbnail","","category-mundo"],"_links":{"self":[{"href":"https:\/\/noticiasveraces.com\/index.php?rest_route=\/wp\/v2\/posts\/31642","targetHints":{"allow":["GET"]}}],"collection":[{"href":"https:\/\/noticiasveraces.com\/index.php?rest_route=\/wp\/v2\/posts"}],"about":[{"href":"https:\/\/noticiasveraces.com\/index.php?rest_route=\/wp\/v2\/types\/post"}],"author":[{"embeddable":true,"href":"https:\/\/noticiasveraces.com\/index.php?rest_route=\/wp\/v2\/users\/1"}],"replies":[{"embeddable":true,"href":"https:\/\/noticiasveraces.com\/index.php?rest_route=%2Fwp%2Fv2%2Fcomments&post=31642"}],"version-history":[{"count":0,"href":"https:\/\/noticiasveraces.com\/index.php?rest_route=\/wp\/v2\/posts\/31642\/revisions"}],"wp:featuredmedia":[{"embeddable":true,"href":"https:\/\/noticiasveraces.com\/index.php?rest_route=\/wp\/v2\/media\/31643"}],"wp:attachment":[{"href":"https:\/\/noticiasveraces.com\/index.php?rest_route=%2Fwp%2Fv2%2Fmedia&parent=31642"}],"wp:term":[{"taxonomy":"category","embeddable":true,"href":"https:\/\/noticiasveraces.com\/index.php?rest_route=%2Fwp%2Fv2%2Fcategories&post=31642"},{"taxonomy":"post_tag","embeddable":true,"href":"https:\/\/noticiasveraces.com\/index.php?rest_route=%2Fwp%2Fv2%2Ftags&post=31642"}],"curies":[{"name":"wp","href":"https:\/\/api.w.org\/{rel}","templated":true}]}}