{"id":31618,"date":"2025-06-14T06:37:35","date_gmt":"2025-06-14T10:37:35","guid":{"rendered":"https:\/\/noticiasveraces.com\/?p=31618"},"modified":"2025-06-14T06:37:35","modified_gmt":"2025-06-14T10:37:35","slug":"veterano-del-dia-d-otorgo-postumamente-el-servicio-distinguido-cruzado","status":"publish","type":"post","link":"https:\/\/noticiasveraces.com\/?p=31618","title":{"rendered":"Veterano del d\u00eda D otorg\u00f3 p\u00f3stumamente el servicio distinguido cruzado"},"content":{"rendered":"<p> \n<\/p>\n<div>\n<div class=\"featured featured-video video-ct\" data-v-5f342d4c=\"\"><!----> <\/p>\n<div class=\"contain\" data-v-5f342d4c=\"\">  <!----> <\/p>\n<div class=\"info\" data-v-5f342d4c=\"\">\n<div class=\"caption\" data-v-5f342d4c=\"\">\n<h4 class=\"title\" data-v-5f342d4c=\"\">El h\u00e9roe del d\u00eda D recibe honor p\u00f3stumo despu\u00e9s de 81 a\u00f1os<\/h4>\n<p data-v-5f342d4c=\"\">El corresponsal senior de Fox News, Greg Palkot, habl\u00f3 con el sargento de la familia del personal William Owens, quien recibi\u00f3 p\u00f3stumamente el Distinguido Service Cross por sus acciones heroicas durante la invasi\u00f3n del D\u00eda D. (A\u00fan as\u00ed: Familia James J. Ricci).<\/p>\n<\/div>\n<\/div>\n<\/div>\n<\/div>\n<div id=\"beyondwords-wrapper\" class=\"beyondwords-wrapper\">\n<p><span class=\"label-bg\">NUEVO<\/span>\u00a1Ahora puedes escuchar art\u00edculos de Fox News!\n  <\/p>\n<\/div>\n<p class=\"speakable\">El 81 aniversario de la famosa invasi\u00f3n del d\u00eda D de Normand\u00eda, Francia, liderada por Estados Unidos, Francia, fue conmemorada recientemente.<\/p>\n<p class=\"speakable\">Menos conocidos son las batallas durante los d\u00edas y semanas que siguieron a Normand\u00eda, lo que ayud\u00f3 a asegurar la cabeza de playa masiva, por lo que los aliados podr\u00edan continuar y derrotar a la Alemania nazi en el mundo II.<\/p>\n<p>Uno de esos enfrentamientos fue en un puente sobre un peque\u00f1o r\u00edo cerca de la ciudad de Sainte-M\u00e8re-\u00c9glise. Los paracaidistas de la 82 Divisi\u00f3n Aerotransportada aterrizaron cerca de all\u00ed temprano en la ma\u00f1ana del 6 de junio de 1944. <\/p>\n<p>Tuvieron que ocupar el cargo contra los alemanes que amenazaban a las fuerzas estadounidenses que llegaron a tierra en Utah Beach, uno de los principales sitios de aterrizaje.<\/p>\n<p><strong>Notebook del reportero: recordar coraje en el 81 aniversario del d\u00eda D<\/strong><\/p>\n<div class=\"image-ct inline\">\n<div class=\"m\"><picture><source media=\"(max-width: 767px)\" srcset=\"https:\/\/a57.foxnews.com\/static.foxnews.com\/foxnews.com\/content\/uploads\/2025\/06\/343\/192\/medal-ceremony-normandy.jpg?ve=1&amp;tl=1, https:\/\/a57.foxnews.com\/static.foxnews.com\/foxnews.com\/content\/uploads\/2025\/06\/686\/384\/medal-ceremony-normandy.jpg?ve=1&amp;tl=1 2x\" height=\"192\" width=\"343\"><source media=\"(min-width: 768px) and (max-width: 1023px)\" srcset=\"https:\/\/a57.foxnews.com\/static.foxnews.com\/foxnews.com\/content\/uploads\/2025\/06\/672\/378\/medal-ceremony-normandy.jpg?ve=1&amp;tl=1, https:\/\/a57.foxnews.com\/static.foxnews.com\/foxnews.com\/content\/uploads\/2025\/06\/1344\/756\/medal-ceremony-normandy.jpg?ve=1&amp;tl=1 2x\" height=\"378\" width=\"672\"><source media=\"(min-width: 1024px) and (max-width: 1279px)\" srcset=\"https:\/\/a57.foxnews.com\/static.foxnews.com\/foxnews.com\/content\/uploads\/2025\/06\/931\/523\/medal-ceremony-normandy.jpg?ve=1&amp;tl=1, https:\/\/a57.foxnews.com\/static.foxnews.com\/foxnews.com\/content\/uploads\/2025\/06\/1862\/1046\/medal-ceremony-normandy.jpg?ve=1&amp;tl=1 2x\" height=\"523\" width=\"931\"><source media=\"(min-width: 1280px)\" srcset=\"https:\/\/a57.foxnews.com\/static.foxnews.com\/foxnews.com\/content\/uploads\/2025\/06\/720\/405\/medal-ceremony-normandy.jpg?ve=1&amp;tl=1, https:\/\/a57.foxnews.com\/static.foxnews.com\/foxnews.com\/content\/uploads\/2025\/06\/1440\/810\/medal-ceremony-normandy.jpg?ve=1&amp;tl=1 2x\" height=\"405\" width=\"720\"><img loading=\"lazy\" decoding=\"async\" src=\"https:\/\/a57.foxnews.com\/static.foxnews.com\/foxnews.com\/content\/uploads\/2025\/06\/1200\/675\/medal-ceremony-normandy.jpg?ve=1&amp;tl=1\" alt=\"Ceremonia de medalla, 5 de junio de 2025, Sainte-Mere-Eglise  \" width=\"1200\" height=\"675\"\/><\/source><\/source><\/source><\/source><\/picture><\/div>\n<div class=\"info\">\n<div class=\"caption\">\n<p><span>Ceremonia de medalla, 5 de junio de 2025, Sainte-Mere-Eglise  <\/span> <span>(Cortes\u00eda: Greg Palkot\/Fox News)<\/span><\/p>\n<\/div>\n<\/div>\n<\/div>\n<p>Uno de ellos fue el sargento del personal del ej\u00e9rcito de EE. UU. Naci\u00f3 en Iowa. William Owens. Durante tres d\u00edas, como su unidad se redujo en combate de 45 a solo 12 hombres, valientemente ayud\u00f3 a luchar contra los alemanes.  <\/p>\n<p>Dispar\u00f3 de tres posiciones diferentes de ametralladoras, arroj\u00f3 granadas de mano, comand\u00f3 equipos de bazooka y se mud\u00f3 de Foxhole a Foxhole, coordinando la acci\u00f3n. Las acciones de \u00e9l y sus hombres finalmente noquearon cuatro tanques alemanes, mataron a 275 soldados alemanes y detuvieron a los nazis muertos en seco. Fue aclamado por los historiadores como una batalla clave de la invasi\u00f3n de Normand\u00eda.<\/p>\n<div class=\"image-ct inline\">\n<div class=\"m\"><picture><source media=\"(max-width: 767px)\" srcset=\"https:\/\/a57.foxnews.com\/static.foxnews.com\/foxnews.com\/content\/uploads\/2025\/06\/343\/192\/cpl.-w.-owens.jpg?ve=1&amp;tl=1, https:\/\/a57.foxnews.com\/static.foxnews.com\/foxnews.com\/content\/uploads\/2025\/06\/686\/384\/cpl.-w.-owens.jpg?ve=1&amp;tl=1 2x\" height=\"192\" width=\"343\"><source media=\"(min-width: 768px) and (max-width: 1023px)\" srcset=\"https:\/\/a57.foxnews.com\/static.foxnews.com\/foxnews.com\/content\/uploads\/2025\/06\/672\/378\/cpl.-w.-owens.jpg?ve=1&amp;tl=1, https:\/\/a57.foxnews.com\/static.foxnews.com\/foxnews.com\/content\/uploads\/2025\/06\/1344\/756\/cpl.-w.-owens.jpg?ve=1&amp;tl=1 2x\" height=\"378\" width=\"672\"><source media=\"(min-width: 1024px) and (max-width: 1279px)\" srcset=\"https:\/\/a57.foxnews.com\/static.foxnews.com\/foxnews.com\/content\/uploads\/2025\/06\/931\/523\/cpl.-w.-owens.jpg?ve=1&amp;tl=1, https:\/\/a57.foxnews.com\/static.foxnews.com\/foxnews.com\/content\/uploads\/2025\/06\/1862\/1046\/cpl.-w.-owens.jpg?ve=1&amp;tl=1 2x\" height=\"523\" width=\"931\"><source media=\"(min-width: 1280px)\" srcset=\"https:\/\/a57.foxnews.com\/static.foxnews.com\/foxnews.com\/content\/uploads\/2025\/06\/720\/405\/cpl.-w.-owens.jpg?ve=1&amp;tl=1, https:\/\/a57.foxnews.com\/static.foxnews.com\/foxnews.com\/content\/uploads\/2025\/06\/1440\/810\/cpl.-w.-owens.jpg?ve=1&amp;tl=1 2x\" height=\"405\" width=\"720\"><img loading=\"lazy\" decoding=\"async\" src=\"https:\/\/a57.foxnews.com\/static.foxnews.com\/foxnews.com\/content\/uploads\/2025\/06\/1200\/675\/cpl.-w.-owens.jpg?ve=1&amp;tl=1\" alt=\"H\u00e9roe de guerra estadounidense William Owens\" width=\"1200\" height=\"675\"\/><\/source><\/source><\/source><\/source><\/picture><\/div>\n<div class=\"info\">\n<div class=\"caption\">\n<p><span>Sargento de personal William Owens, 1943. <\/span> <span>(Cortes\u00eda: James J. Ricci Family Collection)<\/span><\/p>\n<\/div>\n<\/div>\n<\/div>\n<p>En un d\u00eda reciente junto al r\u00edo en el campo ahora verde y pac\u00edfico, despu\u00e9s de a\u00f1os de investigaci\u00f3n y cabildeo en el Pent\u00e1gono y en el Congreso, Owens fue reconocido por su valor en una ceremonia durante la cual sus honores se actualizaron a la Cruz del Servicio Distinguido, la segunda medalla m\u00e1s importante que el Ej\u00e9rcito puede otorgar.<\/p>\n<p>Chris Donahue, el dominio general del ej\u00e9rcito de los EE. UU. En Europa y \u00c1frica, dijo a las acciones de Fox News Owens que eran \u00abincre\u00edblemente importantes. Lo que Owens hizo es el modelo exacto que todos intentamos cumplir\u00bb.<\/p>\n<p><strong>En el 81 aniversario del d\u00eda D, el hijo de un veterano de la Marina de los EE. UU. Es el primer papa estadounidense<\/strong><\/p>\n<p>Owens muri\u00f3 a la edad de 54 a\u00f1os en 1967. Su hija menor, Susan Marrow, criada por los brit\u00e1nicos, dijo: \u00abNo tengo palabras para describir cu\u00e1n lleno est\u00e1 mi coraz\u00f3n y cu\u00e1nto significa para m\u00ed\u00bb.<\/p>\n<p>Su bisnieto, Harris Morales, tambi\u00e9n estaba orgulloso de estar all\u00ed, diciendo: \u00abSin duda\u00bb, Owens era un tipo valiente. En cuanto al nuevo reconocimiento de Owens, agreg\u00f3: \u00abSignifica todo, y todav\u00eda no lo creo. Todav\u00eda no es real para m\u00ed todav\u00eda\u00bb.<\/p>\n<div class=\"image-ct inline\">\n<div class=\"m\"><picture><source media=\"(max-width: 767px)\" srcset=\"https:\/\/a57.foxnews.com\/static.foxnews.com\/foxnews.com\/content\/uploads\/2025\/06\/343\/192\/gen.-donahue.jpg?ve=1&amp;tl=1, https:\/\/a57.foxnews.com\/static.foxnews.com\/foxnews.com\/content\/uploads\/2025\/06\/686\/384\/gen.-donahue.jpg?ve=1&amp;tl=1 2x\" height=\"192\" width=\"343\"><source media=\"(min-width: 768px) and (max-width: 1023px)\" srcset=\"https:\/\/a57.foxnews.com\/static.foxnews.com\/foxnews.com\/content\/uploads\/2025\/06\/672\/378\/gen.-donahue.jpg?ve=1&amp;tl=1, https:\/\/a57.foxnews.com\/static.foxnews.com\/foxnews.com\/content\/uploads\/2025\/06\/1344\/756\/gen.-donahue.jpg?ve=1&amp;tl=1 2x\" height=\"378\" width=\"672\"><source media=\"(min-width: 1024px) and (max-width: 1279px)\" srcset=\"https:\/\/a57.foxnews.com\/static.foxnews.com\/foxnews.com\/content\/uploads\/2025\/06\/931\/523\/gen.-donahue.jpg?ve=1&amp;tl=1, https:\/\/a57.foxnews.com\/static.foxnews.com\/foxnews.com\/content\/uploads\/2025\/06\/1862\/1046\/gen.-donahue.jpg?ve=1&amp;tl=1 2x\" height=\"523\" width=\"931\"><source media=\"(min-width: 1280px)\" srcset=\"https:\/\/a57.foxnews.com\/static.foxnews.com\/foxnews.com\/content\/uploads\/2025\/06\/720\/405\/gen.-donahue.jpg?ve=1&amp;tl=1, https:\/\/a57.foxnews.com\/static.foxnews.com\/foxnews.com\/content\/uploads\/2025\/06\/1440\/810\/gen.-donahue.jpg?ve=1&amp;tl=1 2x\" height=\"405\" width=\"720\"><img loading=\"lazy\" decoding=\"async\" src=\"https:\/\/a57.foxnews.com\/static.foxnews.com\/foxnews.com\/content\/uploads\/2025\/06\/1200\/675\/gen.-donahue.jpg?ve=1&amp;tl=1\" alt=\"Greg Palkot y el general Christopher Donahue\" width=\"1200\" height=\"675\"\/><\/source><\/source><\/source><\/source><\/picture><\/div>\n<div class=\"info\">\n<div class=\"caption\">\n<p><span>Greg Palkot y el general Christopher Donahue, comandante del ej\u00e9rcito de los Estados Unidos en Europa y \u00c1frica.<\/span> <span>(Annie Butterworth\/Fox News)<\/span><\/p>\n<\/div>\n<\/div>\n<\/div>\n<p>Esto llega en un momento en que el mundo permanece en agitaci\u00f3n desde Ucrania hasta el Medio Oriente y m\u00e1s all\u00e1. Si bien 81 a\u00f1os parecen hace mucho tiempo, el hero\u00edsmo y la inventiva que Owens muestran hoy en d\u00eda todav\u00eda se considera relevante.<\/p>\n<p>\u00abEs importante\u00bb, dijo Morales. \u00abNo creo que 81 a\u00f1os o en ning\u00fan momento sea demasiado largo\u00bb.<\/p>\n<p>Hablando desde un punto de vista militar, el general Donahue se\u00f1al\u00f3: \u00abEstamos en medio de una transformaci\u00f3n, y seguiremos haci\u00e9ndolo para que estemos a la altura de lo que han hecho\u00bb.<\/p>\n<div class=\"image-ct inline\">\n<div class=\"m\"><picture><source media=\"(max-width: 767px)\" srcset=\"https:\/\/a57.foxnews.com\/static.foxnews.com\/foxnews.com\/content\/uploads\/2025\/06\/343\/192\/medal-ceremony-2.jpg?ve=1&amp;tl=1, https:\/\/a57.foxnews.com\/static.foxnews.com\/foxnews.com\/content\/uploads\/2025\/06\/686\/384\/medal-ceremony-2.jpg?ve=1&amp;tl=1 2x\" height=\"192\" width=\"343\"><source media=\"(min-width: 768px) and (max-width: 1023px)\" srcset=\"https:\/\/a57.foxnews.com\/static.foxnews.com\/foxnews.com\/content\/uploads\/2025\/06\/672\/378\/medal-ceremony-2.jpg?ve=1&amp;tl=1, https:\/\/a57.foxnews.com\/static.foxnews.com\/foxnews.com\/content\/uploads\/2025\/06\/1344\/756\/medal-ceremony-2.jpg?ve=1&amp;tl=1 2x\" height=\"378\" width=\"672\"><source media=\"(min-width: 1024px) and (max-width: 1279px)\" srcset=\"https:\/\/a57.foxnews.com\/static.foxnews.com\/foxnews.com\/content\/uploads\/2025\/06\/931\/523\/medal-ceremony-2.jpg?ve=1&amp;tl=1, https:\/\/a57.foxnews.com\/static.foxnews.com\/foxnews.com\/content\/uploads\/2025\/06\/1862\/1046\/medal-ceremony-2.jpg?ve=1&amp;tl=1 2x\" height=\"523\" width=\"931\"><source media=\"(min-width: 1280px)\" srcset=\"https:\/\/a57.foxnews.com\/static.foxnews.com\/foxnews.com\/content\/uploads\/2025\/06\/720\/405\/medal-ceremony-2.jpg?ve=1&amp;tl=1, https:\/\/a57.foxnews.com\/static.foxnews.com\/foxnews.com\/content\/uploads\/2025\/06\/1440\/810\/medal-ceremony-2.jpg?ve=1&amp;tl=1 2x\" height=\"405\" width=\"720\"><img loading=\"lazy\" decoding=\"async\" src=\"https:\/\/a57.foxnews.com\/static.foxnews.com\/foxnews.com\/content\/uploads\/2025\/06\/1200\/675\/medal-ceremony-2.jpg?ve=1&amp;tl=1\" alt=\"ceremonia de medalla en Francia\" width=\"1200\" height=\"675\"\/><\/source><\/source><\/source><\/source><\/picture><\/div>\n<div class=\"info\">\n<div class=\"caption\">\n<p><span>Una ceremonia de medalla p\u00f3stuma para el sargento del personal del ej\u00e9rcito. William Owens 5 de junio de 2025, Sainte-M\u00e8re-\u00c9glise, Francia.<\/span> <span>(Greg Palkot\/Fox News)<\/span><\/p>\n<\/div>\n<\/div>\n<\/div>\n<p><strong><u>Haga clic aqu\u00ed para obtener la aplicaci\u00f3n Fox News<\/u><\/strong><\/p>\n<p>En cuanto a las lecciones aprendidas entonces, la hija de Owens ten\u00eda una respuesta simple, diciendo: \u00abHaz a los dem\u00e1s como har\u00edas que hicieran en ti\u00bb.<\/p>\n<p>A veces, como en el caso del sargento del personal. William Owens, el comportamiento peligroso de \u00abotros\u00bb significa actuar con la galanter\u00eda m\u00e1s grande y a veces brutal.<\/p>\n<p> <!----> <\/p>\n<div class=\"article-meta\">\n<div class=\"author-bio\">\n<p>Greg Palkot se desempe\u00f1a como corresponsal senior de asuntos exteriores con sede en Londres para Fox News Channel (FNC). Se uni\u00f3 a la red en 1998 como corresponsal.<\/p>\n<\/div>\n<\/div>\n<\/div>\n\n","protected":false},"excerpt":{"rendered":"<p>El h\u00e9roe del d\u00eda D recibe honor p\u00f3stumo despu\u00e9s de 81 a\u00f1os El corresponsal senior de Fox News, Greg Palkot, habl\u00f3 con el sargento de la familia del personal William Owens, quien recibi\u00f3 p\u00f3stumamente el Distinguido Service Cross por sus acciones heroicas durante la invasi\u00f3n del D\u00eda D. (A\u00fan as\u00ed: Familia James J. Ricci). NUEVO\u00a1Ahora &hellip;<\/p>\n","protected":false},"author":1,"featured_media":31620,"comment_status":"open","ping_status":"open","sticky":false,"template":"","format":"standard","meta":{"fifu_image_url":"https:\/\/static.foxnews.com\/foxnews.com\/content\/uploads\/2023\/06\/GettyImages-871688312.jpg","fifu_image_alt":"","footnotes":""},"categories":[13],"tags":[],"class_list":["post-31618","post","type-post","status-publish","format-standard","has-post-thumbnail","","category-mundo"],"_links":{"self":[{"href":"https:\/\/noticiasveraces.com\/index.php?rest_route=\/wp\/v2\/posts\/31618","targetHints":{"allow":["GET"]}}],"collection":[{"href":"https:\/\/noticiasveraces.com\/index.php?rest_route=\/wp\/v2\/posts"}],"about":[{"href":"https:\/\/noticiasveraces.com\/index.php?rest_route=\/wp\/v2\/types\/post"}],"author":[{"embeddable":true,"href":"https:\/\/noticiasveraces.com\/index.php?rest_route=\/wp\/v2\/users\/1"}],"replies":[{"embeddable":true,"href":"https:\/\/noticiasveraces.com\/index.php?rest_route=%2Fwp%2Fv2%2Fcomments&post=31618"}],"version-history":[{"count":0,"href":"https:\/\/noticiasveraces.com\/index.php?rest_route=\/wp\/v2\/posts\/31618\/revisions"}],"wp:featuredmedia":[{"embeddable":true,"href":"https:\/\/noticiasveraces.com\/index.php?rest_route=\/wp\/v2\/media\/31620"}],"wp:attachment":[{"href":"https:\/\/noticiasveraces.com\/index.php?rest_route=%2Fwp%2Fv2%2Fmedia&parent=31618"}],"wp:term":[{"taxonomy":"category","embeddable":true,"href":"https:\/\/noticiasveraces.com\/index.php?rest_route=%2Fwp%2Fv2%2Fcategories&post=31618"},{"taxonomy":"post_tag","embeddable":true,"href":"https:\/\/noticiasveraces.com\/index.php?rest_route=%2Fwp%2Fv2%2Ftags&post=31618"}],"curies":[{"name":"wp","href":"https:\/\/api.w.org\/{rel}","templated":true}]}}