{"id":31580,"date":"2025-06-13T23:22:05","date_gmt":"2025-06-14T03:22:05","guid":{"rendered":"https:\/\/noticiasveraces.com\/?p=31580"},"modified":"2025-06-13T23:22:05","modified_gmt":"2025-06-14T03:22:05","slug":"macron-anuncia-postergacion-de-cumbre-palestino-israeli-dw-13-06-2025","status":"publish","type":"post","link":"https:\/\/noticiasveraces.com\/?p=31580","title":{"rendered":"Macron anuncia postergaci\u00f3n de cumbre palestino-israel\u00ed \u2013 DW \u2013 13\/06\/2025"},"content":{"rendered":"<p> \n<\/p>\n<div>\n<p>El presidente de Francia, Emmanuel Macron, confirm\u00f3 este viernes (13.06.2025) que por razones log\u00edsticas y de seguridad, tras la escalada entre Israel e Ir\u00e1n, la cumbre de Nueva York para relanzar la soluci\u00f3n de los dos Estados, uno palestino junto al israel\u00ed, se pospondr\u00e1. \u00abSe celebrar\u00e1 lo antes posible, en los pr\u00f3ximos d\u00edas, en coordinaci\u00f3n, por supuesto, con los dirigentes de la regi\u00f3n y, en particular, con Arabia Saudita\u201d, indic\u00f3.<\/p>\n<p>Tras una extensa ronda de contactos telef\u00f3nicos, Macron explic\u00f3 que los dirigentes de la Autoridad Nacional Palestina ya manifestaron que no podr\u00edan acudir a la sede de las Naciones Unidas en Nueva York, donde los d\u00edas 17 y 18 de junio deb\u00eda realizarse la conferencia copresidida por Francia y Arabia Saudita. As\u00ed que el aplazamiento responde a \u00abrazones pragm\u00e1ticas y de lucidez\u00bb, dijo.<\/p>\n<p>Esta postergaci\u00f3n \u00abno minar\u00e1 nuestra determinaci\u00f3n para seguir avanzando con la implementaci\u00f3n de la soluci\u00f3n de los dos estados. Cualesquiera sean las circunstancias, reafirmo mi decisi\u00f3n de reconocer al Estado de Palestina\u201d, apunt\u00f3 el presidente galo.<\/p>\n<p>Tambi\u00e9n recalc\u00f3 que \u00abla din\u00e1mica de esta reuni\u00f3n es imparable\u00bb y subray\u00f3 que la Autoridad Nacional Palestina ha hecho gestos muy significativos, como la condena de los ataques terroristas de Ham\u00e1s del 7 de octubre de 2023. Repas\u00f3, en ese sentido, los objetivos de la cumbre, empezando por el de garantizar la liberaci\u00f3n de los rehenes de Ham\u00e1s y permitir la llegada de ayuda humanitaria \u00abmasiva\u00bb a la Franja de Gaza.<\/p>\n<h2>Gaza sin Ham\u00e1s<\/h2>\n<p>Macron tambi\u00e9n habl\u00f3 de \u00abconsolidar al alto el fuego m\u00e1s duradero posible\u00bb y de \u00abiniciar un proceso pol\u00edtico que sustituya a las armas\u00bb. Ese \u00faltimo objetivo pasa por llevar a cabo una reforma de la Autoridad Nacional Palestina y que sea \u00e9sta la que administre la Franja de Gaza, excluyendo a Ham\u00e1s. \u00abEl objetivo es, por tanto, un Estado palestino desmilitarizado que reconozca la existencia y la seguridad de Israel que debe recibir el apoyo de una misi\u00f3n internacional de estabilizaci\u00f3n\u00bb, se\u00f1al\u00f3.<\/p>\n<p>La comparecencia de Macron lleg\u00f3 despu\u00e9s de mantener conversaciones telef\u00f3nicas durante toda la jornada con el presidente estadounidense, Donald Trump, con los l\u00edderes de las otras dos grandes potencias europeas, Reino Unido y Alemania, y con los de sus principales socios en Medio Oriente (Israel, Arabia Saudita, Jordania, Emiratos \u00c1rabes Unidos, Qatar, Egipto y Bahr\u00e9in).<\/p>\n<p>DZC (Efe, Reuters)<\/p>\n<\/div>\n\n","protected":false},"excerpt":{"rendered":"<p>El presidente de Francia, Emmanuel Macron, confirm\u00f3 este viernes (13.06.2025) que por razones log\u00edsticas y de seguridad, tras la escalada entre Israel e Ir\u00e1n, la cumbre de Nueva York para relanzar la soluci\u00f3n de los dos Estados, uno palestino junto al israel\u00ed, se pospondr\u00e1. \u00abSe celebrar\u00e1 lo antes posible, en los pr\u00f3ximos d\u00edas, en coordinaci\u00f3n, &hellip;<\/p>\n","protected":false},"author":1,"featured_media":31581,"comment_status":"open","ping_status":"open","sticky":false,"template":"","format":"standard","meta":{"fifu_image_url":"https:\/\/static.dw.com\/image\/71127344_6.jpg","fifu_image_alt":"","footnotes":""},"categories":[13],"tags":[],"class_list":["post-31580","post","type-post","status-publish","format-standard","has-post-thumbnail","","category-mundo"],"_links":{"self":[{"href":"https:\/\/noticiasveraces.com\/index.php?rest_route=\/wp\/v2\/posts\/31580","targetHints":{"allow":["GET"]}}],"collection":[{"href":"https:\/\/noticiasveraces.com\/index.php?rest_route=\/wp\/v2\/posts"}],"about":[{"href":"https:\/\/noticiasveraces.com\/index.php?rest_route=\/wp\/v2\/types\/post"}],"author":[{"embeddable":true,"href":"https:\/\/noticiasveraces.com\/index.php?rest_route=\/wp\/v2\/users\/1"}],"replies":[{"embeddable":true,"href":"https:\/\/noticiasveraces.com\/index.php?rest_route=%2Fwp%2Fv2%2Fcomments&post=31580"}],"version-history":[{"count":0,"href":"https:\/\/noticiasveraces.com\/index.php?rest_route=\/wp\/v2\/posts\/31580\/revisions"}],"wp:featuredmedia":[{"embeddable":true,"href":"https:\/\/noticiasveraces.com\/index.php?rest_route=\/wp\/v2\/media\/31581"}],"wp:attachment":[{"href":"https:\/\/noticiasveraces.com\/index.php?rest_route=%2Fwp%2Fv2%2Fmedia&parent=31580"}],"wp:term":[{"taxonomy":"category","embeddable":true,"href":"https:\/\/noticiasveraces.com\/index.php?rest_route=%2Fwp%2Fv2%2Fcategories&post=31580"},{"taxonomy":"post_tag","embeddable":true,"href":"https:\/\/noticiasveraces.com\/index.php?rest_route=%2Fwp%2Fv2%2Ftags&post=31580"}],"curies":[{"name":"wp","href":"https:\/\/api.w.org\/{rel}","templated":true}]}}