{"id":31576,"date":"2025-06-13T21:18:19","date_gmt":"2025-06-14T01:18:19","guid":{"rendered":"https:\/\/noticiasveraces.com\/?p=31576"},"modified":"2025-06-13T21:18:19","modified_gmt":"2025-06-14T01:18:19","slug":"gobierno-de-trump-rehusa-liberar-estudiante-propalestino-dw-14-06-2025","status":"publish","type":"post","link":"https:\/\/noticiasveraces.com\/?p=31576","title":{"rendered":"Gobierno de Trump rehusa liberar estudiante propalestino \u2013 DW \u2013 14\/06\/2025"},"content":{"rendered":"<p> \n<\/p>\n<div>\n<p>El gobierno de Donald Trump se rehus\u00f3 este viernes (13.06.2025) a cumplir con el fallo judicial que ordena la liberaci\u00f3n de Mahmoud Khalil, una figura de las manifestaciones a favor de los palestinos en el campus de Columbia que est\u00e1 detenido desde hace tres meses, a la espera de la expulsi\u00f3n del pa\u00eds.<\/p>\n<p>El mi\u00e9rcoles, el juez Michael Farbiarz de un tribunal federal de Nueva Jersey dictamin\u00f3 que Khalil no puede ser detenido o expulsado con base en lo dicho por el secretario de Estado, Marco Rubio, que consider\u00f3 al estudiante una amenaza para Estados Unidos.<\/p>\n<p>El juez dio plazo para su liberaci\u00f3n hasta el viernes al mediod\u00eda, pero las autoridades no lo han liberado, seg\u00fan qued\u00f3 consignado en documentos judiciales.<\/p>\n<p>\u00abEl tribunal nunca sostuvo que ser\u00eda ilegal que la parte demandada (el gobierno, ndlr) detuviera a Khalil bas\u00e1ndose en otro cargo para deportarlo\u00bb, escribi\u00f3 el abogado del departamento de Justicia en dichos documentos.<\/p>\n<p>Desde su arresto en Nueva York el 8 de marzo por protestar contra la guerra en Gaza, Khalil se ha convertido en el s\u00edmbolo de la voluntad del presidente estadounidense de silenciar al movimiento estudiantil de apoyo a los palestinos.<\/p>\n<p>Khalil, nacido en Siria de padres palestinos, posee la residencia permanente en Estados Unidos pero tras su arresto fue enviado a Luisiana, a casi 2.000 kil\u00f3metros de Columbia.<\/p>\n<p>MG (AFP, NBC)<\/p>\n<\/p>\n<\/div>\n\n","protected":false},"excerpt":{"rendered":"<p>El gobierno de Donald Trump se rehus\u00f3 este viernes (13.06.2025) a cumplir con el fallo judicial que ordena la liberaci\u00f3n de Mahmoud Khalil, una figura de las manifestaciones a favor de los palestinos en el campus de Columbia que est\u00e1 detenido desde hace tres meses, a la espera de la expulsi\u00f3n del pa\u00eds. El mi\u00e9rcoles, &hellip;<\/p>\n","protected":false},"author":1,"featured_media":31577,"comment_status":"open","ping_status":"open","sticky":false,"template":"","format":"standard","meta":{"fifu_image_url":"https:\/\/static.dw.com\/image\/71873958_6.jpg","fifu_image_alt":"","footnotes":""},"categories":[13],"tags":[],"class_list":["post-31576","post","type-post","status-publish","format-standard","has-post-thumbnail","","category-mundo"],"_links":{"self":[{"href":"https:\/\/noticiasveraces.com\/index.php?rest_route=\/wp\/v2\/posts\/31576","targetHints":{"allow":["GET"]}}],"collection":[{"href":"https:\/\/noticiasveraces.com\/index.php?rest_route=\/wp\/v2\/posts"}],"about":[{"href":"https:\/\/noticiasveraces.com\/index.php?rest_route=\/wp\/v2\/types\/post"}],"author":[{"embeddable":true,"href":"https:\/\/noticiasveraces.com\/index.php?rest_route=\/wp\/v2\/users\/1"}],"replies":[{"embeddable":true,"href":"https:\/\/noticiasveraces.com\/index.php?rest_route=%2Fwp%2Fv2%2Fcomments&post=31576"}],"version-history":[{"count":0,"href":"https:\/\/noticiasveraces.com\/index.php?rest_route=\/wp\/v2\/posts\/31576\/revisions"}],"wp:featuredmedia":[{"embeddable":true,"href":"https:\/\/noticiasveraces.com\/index.php?rest_route=\/wp\/v2\/media\/31577"}],"wp:attachment":[{"href":"https:\/\/noticiasveraces.com\/index.php?rest_route=%2Fwp%2Fv2%2Fmedia&parent=31576"}],"wp:term":[{"taxonomy":"category","embeddable":true,"href":"https:\/\/noticiasveraces.com\/index.php?rest_route=%2Fwp%2Fv2%2Fcategories&post=31576"},{"taxonomy":"post_tag","embeddable":true,"href":"https:\/\/noticiasveraces.com\/index.php?rest_route=%2Fwp%2Fv2%2Ftags&post=31576"}],"curies":[{"name":"wp","href":"https:\/\/api.w.org\/{rel}","templated":true}]}}