{"id":31544,"date":"2025-06-13T18:32:08","date_gmt":"2025-06-13T22:32:08","guid":{"rendered":"https:\/\/noticiasveraces.com\/?p=31544"},"modified":"2025-06-13T18:32:08","modified_gmt":"2025-06-13T22:32:08","slug":"los-peritos-certifican-ante-el-juez-la-contaminacion-extrema-del-embalse-de-as-conchas-clima-y-medio-ambiente","status":"publish","type":"post","link":"https:\/\/noticiasveraces.com\/?p=31544","title":{"rendered":"Los peritos certifican ante el juez la contaminaci\u00f3n extrema del embalse de As Conchas | Clima y Medio Ambiente"},"content":{"rendered":"<p> \n<br \/><img decoding=\"async\" src=\"https:\/\/imagenes.elpais.com\/resizer\/v2\/T4BR5LO4WQH6N7CG5GDVNDIYQA.jpg?auth=1a8f49a22ad5bb42825c75c42227b0279ed64c6a06a7fc6305e92476fb425375\" \/><\/p>\n<div data-dtm-region=\"articulo_cuerpo\">\n<p class=\"\">Una enorme gr\u00e1fica, de 80 por 80 cent\u00edmetros, que recoge la evoluci\u00f3n de la poblaci\u00f3n humana y animal en la comarca de A Limia se ha convertido la ma\u00f1ana de este viernes en uno de los ejes de la prueba pericial que se lleva a cabo este mes en el Tribunal Superior de Xustiza de Galicia (TSXG) en A Coru\u00f1a. La demanda de los vecinos del embalse de As Conchas, que sufre estos d\u00edas una floraci\u00f3n de las temidas cianobacterias (un t\u00f3xico fen\u00f3meno que se repite desde 2011), fue presentada en marzo contra la Xunta de Galicia, la Confederaci\u00f3n Hidrogr\u00e1fica Mi\u00f1o-Sil (CHMS) y cinco Ayuntamientos por su inacci\u00f3n a la hora de velar por los derechos fundamentales de las personas. Enseguida, la iniciativa fue respaldada por la Fiscal\u00eda y esta semana ha comenzado el desfile de peritos por el alto tribunal gallego, antes de que los magistrados dicten sentencia. <\/p>\n<p class=\"\">Los primeros en responder, durante tres horas, a las preguntas del juez, del abogado del Estado que defiende a la Confederaci\u00f3n Hidrogr\u00e1fica y del abogado de la Xunta, fueron los autores de un informe presentado por los demandantes y firmado por dos cient\u00edficos del CSIC de Santiago y Granada y un catedr\u00e1tico de la Universidad Complutense. Seg\u00fan el gr\u00e1fico, elaborado con datos oficiales, la poblaci\u00f3n humana merm\u00f3 en la comarca durante los \u00faltimos 40 a\u00f1os hasta situarse en 25.000 personas, mientras que la poblaci\u00f3n de animales de granja, medida en Unidades de Carga Ganadera (UGM), medr\u00f3 en la \u00faltima d\u00e9cada hasta equivaler, en generaci\u00f3n de residuos, a dos millones de personas. <\/p>\n<p class=\"\">Ser\u00edan, puntualizan los expertos, dos millones de personas generando residuos org\u00e1nicos \u201csin pasar por la depuradora\u201d, una cantidad que \u201cse acerca a la poblaci\u00f3n de toda Galicia\u201d (2,7 millones de habitantes) pero concentrada \u201cen un 1% de la superficie\u201d de la comunidad, ha recalcado el edaf\u00f3logo del CSIC Seraf\u00edn Gonz\u00e1lez, uno de los peritos propuestos por la demanda. Otro de los trabajos que ha salido a colaci\u00f3n durante las preguntas a los investigadores, pero que no fue incorporado a tiempo para el juicio, es el mapa de los cientos de granjas \u2014hay 452 grandes o peque\u00f1as, seg\u00fan datos de la Conseller\u00eda Medio Rural\u2014 que saturan el paisaje de la cuenca del r\u00edo Limia. El estudio revela que \u201csistem\u00e1ticamente\u201d no se cumple la obligaci\u00f3n de separar estas instalaciones (medio kil\u00f3metro entre las menores y un kil\u00f3metro para las macro). Los peritos se ratificaron en todos los datos defendidos en sus informes, que apuntan a los vertidos incontrolados y la mala gesti\u00f3n de los excrementos de cerdos y pollos como la causa de la contaminaci\u00f3n de las aguas (del r\u00edo, del embalse, de pozos particulares e incluso del abastecimiento p\u00fablico).<\/p>\n<p class=\"\">El organismo responsable de aprobar o denegar las declaraciones de impacto ambiental de estas granjas industriales es la Xunta, y su abogado ha sido el m\u00e1s incisivo en esta primera sesi\u00f3n ante el juez. Su objetivo es desmontar los argumentos de los cient\u00edficos que sustentan la demanda con investigaciones llevadas a cabo en esta \u00faltima d\u00e9cada de degradaci\u00f3n galopante en el cauce del Limia y el embalse al que van a parar, supuestamente, los residuos ganaderos procedentes de los vertidos de purines. <\/p>\n<p class=\"\">Primero han declarado, en grupo, el veterinario, experto en cianobacterias y catedr\u00e1tico de la Complutense Eduardo Costas; el edaf\u00f3logo del Consejo Superior de Investigaciones Cient\u00edficas Seraf\u00edn Gonz\u00e1lez; y el ge\u00f3logo del mismo organismo, especialista en an\u00e1lisis isot\u00f3picos, Antonio Delgado. Despu\u00e9s de tres horas, han entrado un experto en olores de una empresa privada dedicada a mediciones ambientales y el autor de un contundente informe sobre riesgos sanitarios para la poblaci\u00f3n, el m\u00e9dico y exdirector general de Salud P\u00fablica de la Comunidad de Madrid Juan Mart\u00ednez. En su trabajo, Mart\u00ednez alerta sobre la posible relaci\u00f3n de diversos c\u00e1nceres con la contaminaci\u00f3n por nitratos y fosfatos.<\/p>\n<p class=\"\">El estudio de las estad\u00edsticas epidemiol\u00f3gicas, realizado a partir de datos de la propia Xunta, revela que la zona contaminada (tanto en el tramo del Limia en Ourense como cuando atraviesa la frontera con Portugal) supera en c\u00e1nceres y en mortalidad por c\u00e1nceres a todas las comarcas de su alrededor. La exposici\u00f3n a microcistinas, nitratos y nitritos se relaciona con tumores de es\u00f3fago, est\u00f3mago, p\u00e1ncreas, mama, ovarios, vejiga, h\u00edgado y tiroides, defiende el informe. La incidencia en la cuenca del Limia, con respecto a otras comarcas, es superior en varones y todav\u00eda mayor en mujeres. <\/p>\n<p class=\"\">Inicialmente, eran 13 los peritos que hab\u00edan sido convocados para este viernes en la investigaci\u00f3n puesta en marcha por el Tribunal Superior para dirimir las responsabilidades del Gobierno gallego, la Confederaci\u00f3n Hidrogr\u00e1fica Mi\u00f1o Sil (CHMS) y cinco ayuntamientos de Ourense en la supuesta desprotecci\u00f3n de los vecinos frente a la extrema contaminaci\u00f3n del r\u00edo Limia y el embalse de As Conchas. De estos 13, solo cinco han llegado a entrar hoy, entre las 9.00 y las 15.00. El viernes de la semana que viene, a partir de las 10.00 horas, les tocar\u00e1 el turno a algunos especialistas propuestos por las partes demandadas. En esta batalla judicial, los vecinos del pueblo de As Conchas (Ayuntamiento de Lobeira) a t\u00edtulo particular, la asociaci\u00f3n vecinal de la localidad y la Federaci\u00f3n de Consumidores y Usuarios CECU est\u00e1n respaldados por el grupo ecologista Amigas de la Tierra y el bufete internacional de abogados ambientalistas ClientEarth.<\/p>\n<p class=\"\">Seg\u00fan los informes periciales que acompa\u00f1an esta demanda por vulneraci\u00f3n de derechos fundamentales, el agua analizada contiene en algunas muestras hasta 97 millones de bacterias \u201cmuy peligrosas\u201d por litro. Despu\u00e9s de semanas de contaminaci\u00f3n visible, con el agua te\u00f1ida de un intenso color verde, al fin la semana pasada la Xunta decret\u00f3 el nivel 3 de alerta, el m\u00e1s alto, y se prohibieron el ba\u00f1o y las actividades acu\u00e1ticas. Apenas faltaban unos d\u00edas para la celebraci\u00f3n de la prueba pericial.<\/p>\n<p class=\"\">Tras la prueba pericial, Amigas de la Tierra ha difundido un comunicado en el que recalca que los peritos han confirmado que \u201clos nitratos en la superficie del agua son entre 500 y 1.000 veces superiores a los esperados en un embalse como el de As Conchas\u201d. Adem\u00e1s, prosigue la nota, \u201cla cantidad de cianobacterias en el agua, que pueden causar entre otros problemas respiratorios, gastrointestinales y hep\u00e1ticos\u201d, es \u201cextremadamente peligrosa\u201d. <\/p>\n<p class=\"\">El colectivo ecologista recuerda que las autoridades demandadas \u201cniegan que la contaminaci\u00f3n del embalse y del r\u00edo sean de su competencia\u201d. \u201cHan llegado a decir que la situaci\u00f3n no es tan grave como alegan los demandantes\u201d, reprocha el grupo ecologista, y rechazan que sea suficiente causa como para que \u201cse les acuse de vulnerar los derechos humanos de los residentes\u201d.<\/p>\n<\/div>\n\n","protected":false},"excerpt":{"rendered":"<p>Una enorme gr\u00e1fica, de 80 por 80 cent\u00edmetros, que recoge la evoluci\u00f3n de la poblaci\u00f3n humana y animal en la comarca de A Limia se ha convertido la ma\u00f1ana de este viernes en uno de los ejes de la prueba pericial que se lleva a cabo este mes en el Tribunal Superior de Xustiza de &hellip;<\/p>\n","protected":false},"author":1,"featured_media":31546,"comment_status":"open","ping_status":"open","sticky":false,"template":"","format":"standard","meta":{"fifu_image_url":"https:\/\/imagenes.elpais.com\/resizer\/v2\/T4BR5LO4WQH6N7CG5GDVNDIYQA.jpg?auth=1a8f49a22ad5bb42825c75c42227b0279ed64c6a06a7fc6305e92476fb425375&width=1200","fifu_image_alt":"","footnotes":""},"categories":[11],"tags":[],"class_list":["post-31544","post","type-post","status-publish","format-standard","has-post-thumbnail","","category-viaje"],"_links":{"self":[{"href":"https:\/\/noticiasveraces.com\/index.php?rest_route=\/wp\/v2\/posts\/31544","targetHints":{"allow":["GET"]}}],"collection":[{"href":"https:\/\/noticiasveraces.com\/index.php?rest_route=\/wp\/v2\/posts"}],"about":[{"href":"https:\/\/noticiasveraces.com\/index.php?rest_route=\/wp\/v2\/types\/post"}],"author":[{"embeddable":true,"href":"https:\/\/noticiasveraces.com\/index.php?rest_route=\/wp\/v2\/users\/1"}],"replies":[{"embeddable":true,"href":"https:\/\/noticiasveraces.com\/index.php?rest_route=%2Fwp%2Fv2%2Fcomments&post=31544"}],"version-history":[{"count":0,"href":"https:\/\/noticiasveraces.com\/index.php?rest_route=\/wp\/v2\/posts\/31544\/revisions"}],"wp:featuredmedia":[{"embeddable":true,"href":"https:\/\/noticiasveraces.com\/index.php?rest_route=\/wp\/v2\/media\/31546"}],"wp:attachment":[{"href":"https:\/\/noticiasveraces.com\/index.php?rest_route=%2Fwp%2Fv2%2Fmedia&parent=31544"}],"wp:term":[{"taxonomy":"category","embeddable":true,"href":"https:\/\/noticiasveraces.com\/index.php?rest_route=%2Fwp%2Fv2%2Fcategories&post=31544"},{"taxonomy":"post_tag","embeddable":true,"href":"https:\/\/noticiasveraces.com\/index.php?rest_route=%2Fwp%2Fv2%2Ftags&post=31544"}],"curies":[{"name":"wp","href":"https:\/\/api.w.org\/{rel}","templated":true}]}}