{"id":31541,"date":"2025-06-13T18:11:51","date_gmt":"2025-06-13T22:11:51","guid":{"rendered":"https:\/\/noticiasveraces.com\/?p=31541"},"modified":"2025-06-13T18:11:51","modified_gmt":"2025-06-13T22:11:51","slug":"vaticano-para-canonizar-el-primer-milenio-saint-carlo-acutis-en-septiembre","status":"publish","type":"post","link":"https:\/\/noticiasveraces.com\/?p=31541","title":{"rendered":"Vaticano para canonizar el primer milenio Saint Carlo Acutis en septiembre"},"content":{"rendered":"<p> \n<\/p>\n<div>\n<div id=\"beyondwords-wrapper\" class=\"beyondwords-wrapper\">\n<p><span class=\"label-bg\">NUEVO<\/span>\u00a1Ahora puedes escuchar art\u00edculos de Fox News!\n  <\/p>\n<\/div>\n<p class=\"speakable\">El Vaticano ha anunciado que el primer Milenio Saint ser\u00e1 canonizado en septiembre.<\/p>\n<p class=\"speakable\">El Papa Leo XIV hizo un anuncio durante una reuni\u00f3n con los Cardenales de que Carlo Acutis se inscribir\u00e1 en el Libro de los Santos el 7 de septiembre.<\/p>\n<p>Acutis muri\u00f3 a la edad de 15 a\u00f1os en el norte de Italia despu\u00e9s de un breve combate con leucemia en 2006, seg\u00fan Associated Press.<\/p>\n<p>Antes de la muerte del Papa Francisco el 21 de abril, Acutis se canoniz\u00f3 el 27 de abril durante el Jubileo de Adolescentes del Vaticano.<\/p>\n<p><strong>El Papa Leo XIV promete trabajar por la unidad, la paz durante la misa inaugural<\/strong><\/p>\n<div class=\"image-ct inline\">\n<div class=\"m\"><picture><source media=\"(max-width: 767px)\" srcset=\"https:\/\/a57.foxnews.com\/static.foxnews.com\/foxnews.com\/content\/uploads\/2024\/05\/343\/192\/GettyImages-1282862399.jpg?ve=1&amp;tl=1, https:\/\/a57.foxnews.com\/static.foxnews.com\/foxnews.com\/content\/uploads\/2024\/05\/686\/384\/GettyImages-1282862399.jpg?ve=1&amp;tl=1 2x\" height=\"192\" width=\"343\"><source media=\"(min-width: 768px) and (max-width: 1023px)\" srcset=\"https:\/\/a57.foxnews.com\/static.foxnews.com\/foxnews.com\/content\/uploads\/2024\/05\/672\/378\/GettyImages-1282862399.jpg?ve=1&amp;tl=1, https:\/\/a57.foxnews.com\/static.foxnews.com\/foxnews.com\/content\/uploads\/2024\/05\/1344\/756\/GettyImages-1282862399.jpg?ve=1&amp;tl=1 2x\" height=\"378\" width=\"672\"><source media=\"(min-width: 1024px) and (max-width: 1279px)\" srcset=\"https:\/\/a57.foxnews.com\/static.foxnews.com\/foxnews.com\/content\/uploads\/2024\/05\/931\/523\/GettyImages-1282862399.jpg?ve=1&amp;tl=1, https:\/\/a57.foxnews.com\/static.foxnews.com\/foxnews.com\/content\/uploads\/2024\/05\/1862\/1046\/GettyImages-1282862399.jpg?ve=1&amp;tl=1 2x\" height=\"523\" width=\"931\"><source media=\"(min-width: 1280px)\" srcset=\"https:\/\/a57.foxnews.com\/static.foxnews.com\/foxnews.com\/content\/uploads\/2024\/05\/720\/405\/GettyImages-1282862399.jpg?ve=1&amp;tl=1, https:\/\/a57.foxnews.com\/static.foxnews.com\/foxnews.com\/content\/uploads\/2024\/05\/1440\/810\/GettyImages-1282862399.jpg?ve=1&amp;tl=1 2x\" height=\"405\" width=\"720\"><img loading=\"lazy\" decoding=\"async\" src=\"https:\/\/a57.foxnews.com\/static.foxnews.com\/foxnews.com\/content\/uploads\/2024\/05\/1200\/675\/GettyImages-1282862399.jpg?ve=1&amp;tl=1\" alt=\"Beatificaci\u00f3n aguda de Carlo\" width=\"1200\" height=\"675\"\/><\/source><\/source><\/source><\/source><\/picture><\/div>\n<div class=\"info\">\n<div class=\"caption\">\n<p><span>ASSISI, Italia &#8211; 10 de octubre: Un tapiz con un retrato de Carlo acutis est\u00e1 cuelgan en la Bas\u00edlica de San Francisco durante la ceremonia de beatificaci\u00f3n de Carlo acutis, el 10 de octubre de 2020 en As\u00eds, Italia. El miembro de la generaci\u00f3n del Milenio de Carlo Acutis, de quince a\u00f1os, que muri\u00f3 el 12 de octubre de 2006 por la leucemia fulminante M3, se considera un \u00abgeek de la computadora\u00bb a causa de su pasi\u00f3n y habilidad con las computadoras e Internet. Acutis se aplic\u00f3 a la creaci\u00f3n de un sitio web dedicado a catalogar cada milagro eucar\u00edstico reportado en el mundo. <\/span> <span>(Vatican Pool\/Getty Images)<\/span><\/p>\n<\/div>\n<\/div>\n<\/div>\n<p>Durante su vida, Acutis pas\u00f3 la mayor parte de su tiempo como lo har\u00eda cualquier adolescente normal, al tiempo que devolvi\u00f3 el tiempo tanto a la iglesia como a la comunidad.<\/p>\n<p>Seg\u00fan Associated Press, Acutis ense\u00f1\u00f3 catolicismo en una iglesia local y se ofreci\u00f3 como voluntario para ayudar a las personas sin hogar.<\/p>\n<p>Acutis tambi\u00e9n utiliz\u00f3 sus habilidades de codificaci\u00f3n de computadora para crear un sitio web que destaca m\u00e1s de 100 milagros eucar\u00edsticos reconocidos por la Iglesia.<\/p>\n<p><strong>Exclusivo: la madre de Carlo Acutis describe la transformaci\u00f3n de no ser religiosos a la madre de un santo<\/strong><\/p>\n<p>La primera intercesi\u00f3n de Acutis provino de su propia madre, Antonia, quien le dijo a Fox News que lleg\u00f3 cuatro a\u00f1os despu\u00e9s de su muerte.<\/p>\n<p>\u00abCuando Carlo muri\u00f3, ten\u00eda 39 a\u00f1os y luego comenc\u00e9 a tratar de tener otros hijos. Le dije: &#8216;Todav\u00eda soy joven, tal vez pueda intentarlo, \u00bfno?&#8217; [But] Los ni\u00f1os no llegaron. Luego comenc\u00e9 a mi pr\u00e1ctica para adoptar un hijo, pero en Italia, es muy dif\u00edcil &#8230; hab\u00eda perdido todas mis esperanzas de tener hijos solo \u00ab, explic\u00f3.\u00bb Una vez que so\u00f1\u00e9 con Carlo, me dijo: &#8216;Escucha, te convertir\u00e1s, de nuevo, en una madre. No te preocupes.&#8217; Y, un mes despu\u00e9s, qued\u00e9 embarazada \u00ab.<\/p>\n<p>Seg\u00fan el Registro Cat\u00f3lico Nacional, el Vaticano ha reconocido un segundo milagro por intercesi\u00f3n el 23 de mayo de 2024.<\/p>\n<p>El milagro involucr\u00f3 a una mujer costarricense de 21 a\u00f1os llamada Valeria Valverde.<\/p>\n<div class=\"image-ct inline\">\n<div class=\"m\"><picture><source media=\"(max-width: 767px)\" srcset=\"https:\/\/a57.foxnews.com\/static.foxnews.com\/foxnews.com\/content\/uploads\/2020\/06\/343\/192\/carlo-acutis-2-carlo-acutis.jpg?ve=1&amp;tl=1, https:\/\/a57.foxnews.com\/static.foxnews.com\/foxnews.com\/content\/uploads\/2020\/06\/686\/384\/carlo-acutis-2-carlo-acutis.jpg?ve=1&amp;tl=1 2x\" height=\"192\" width=\"343\"><source media=\"(min-width: 768px) and (max-width: 1023px)\" srcset=\"https:\/\/a57.foxnews.com\/static.foxnews.com\/foxnews.com\/content\/uploads\/2020\/06\/672\/378\/carlo-acutis-2-carlo-acutis.jpg?ve=1&amp;tl=1, https:\/\/a57.foxnews.com\/static.foxnews.com\/foxnews.com\/content\/uploads\/2020\/06\/1344\/756\/carlo-acutis-2-carlo-acutis.jpg?ve=1&amp;tl=1 2x\" height=\"378\" width=\"672\"><source media=\"(min-width: 1024px) and (max-width: 1279px)\" srcset=\"https:\/\/a57.foxnews.com\/static.foxnews.com\/foxnews.com\/content\/uploads\/2020\/06\/931\/523\/carlo-acutis-2-carlo-acutis.jpg?ve=1&amp;tl=1, https:\/\/a57.foxnews.com\/static.foxnews.com\/foxnews.com\/content\/uploads\/2020\/06\/1862\/1046\/carlo-acutis-2-carlo-acutis.jpg?ve=1&amp;tl=1 2x\" height=\"523\" width=\"931\"><source media=\"(min-width: 1280px)\" srcset=\"https:\/\/a57.foxnews.com\/static.foxnews.com\/foxnews.com\/content\/uploads\/2020\/06\/720\/405\/carlo-acutis-2-carlo-acutis.jpg?ve=1&amp;tl=1, https:\/\/a57.foxnews.com\/static.foxnews.com\/foxnews.com\/content\/uploads\/2020\/06\/1440\/810\/carlo-acutis-2-carlo-acutis.jpg?ve=1&amp;tl=1 2x\" height=\"405\" width=\"720\"><img loading=\"lazy\" decoding=\"async\" src=\"https:\/\/a57.foxnews.com\/static.foxnews.com\/foxnews.com\/content\/uploads\/2020\/06\/1200\/675\/carlo-acutis-2-carlo-acutis.jpg?ve=1&amp;tl=1\" alt=\"Carlo Actuis de pie en un campo\" width=\"1200\" height=\"675\"\/><\/source><\/source><\/source><\/source><\/picture><\/div>\n<div class=\"info\">\n<div class=\"caption\">\n<p><span>Carlo Acutis, quien muri\u00f3 a los 15 a\u00f1os de Leucemia, est\u00e1 un paso m\u00e1s cerca de convertirse en un santo. <\/span> <span>(carloacutis.com)<\/span><\/p>\n<\/div>\n<\/div>\n<\/div>\n<p>Valverde sufri\u00f3 una lesi\u00f3n cerebral grave en un accidente de bicicleta mientras resid\u00eda en Florencia, Italia, en 2022. No se esperaba que Valverde sobreviviera a la lesi\u00f3n.<\/p>\n<p>Sin embargo, se recuper\u00f3 por completo despu\u00e9s de que su madre visit\u00f3 la tumba de Acutis y rez\u00f3 por su intercesi\u00f3n, seg\u00fan el National Catholic Register.<\/p>\n<div class=\"image-ct inline\">\n<div class=\"m\"><picture><source media=\"(max-width: 767px)\" srcset=\"https:\/\/a57.foxnews.com\/static.foxnews.com\/foxnews.com\/content\/uploads\/2025\/06\/343\/192\/tomb-of-calro-acutis.png?ve=1&amp;tl=1, https:\/\/a57.foxnews.com\/static.foxnews.com\/foxnews.com\/content\/uploads\/2025\/06\/686\/384\/tomb-of-calro-acutis.png?ve=1&amp;tl=1 2x\" height=\"192\" width=\"343\"><source media=\"(min-width: 768px) and (max-width: 1023px)\" srcset=\"https:\/\/a57.foxnews.com\/static.foxnews.com\/foxnews.com\/content\/uploads\/2025\/06\/672\/378\/tomb-of-calro-acutis.png?ve=1&amp;tl=1, https:\/\/a57.foxnews.com\/static.foxnews.com\/foxnews.com\/content\/uploads\/2025\/06\/1344\/756\/tomb-of-calro-acutis.png?ve=1&amp;tl=1 2x\" height=\"378\" width=\"672\"><source media=\"(min-width: 1024px) and (max-width: 1279px)\" srcset=\"https:\/\/a57.foxnews.com\/static.foxnews.com\/foxnews.com\/content\/uploads\/2025\/06\/931\/523\/tomb-of-calro-acutis.png?ve=1&amp;tl=1, https:\/\/a57.foxnews.com\/static.foxnews.com\/foxnews.com\/content\/uploads\/2025\/06\/1862\/1046\/tomb-of-calro-acutis.png?ve=1&amp;tl=1 2x\" height=\"523\" width=\"931\"><source media=\"(min-width: 1280px)\" srcset=\"https:\/\/a57.foxnews.com\/static.foxnews.com\/foxnews.com\/content\/uploads\/2025\/06\/720\/405\/tomb-of-calro-acutis.png?ve=1&amp;tl=1, https:\/\/a57.foxnews.com\/static.foxnews.com\/foxnews.com\/content\/uploads\/2025\/06\/1440\/810\/tomb-of-calro-acutis.png?ve=1&amp;tl=1 2x\" height=\"405\" width=\"720\"><img loading=\"lazy\" decoding=\"async\" src=\"https:\/\/a57.foxnews.com\/static.foxnews.com\/foxnews.com\/content\/uploads\/2025\/06\/1200\/675\/tomb-of-calro-acutis.png?ve=1&amp;tl=1\" alt=\"Cuerpo de pronto ser\u00e1 Saint Carlo Acutis visitando\" width=\"1200\" height=\"675\"\/><\/source><\/source><\/source><\/source><\/picture><\/div>\n<div class=\"info\">\n<div class=\"caption\">\n<p><span>La tumba de Carlo Acutis est\u00e1 en As\u00eds, Italia. Su tumba ha sido visitada por cat\u00f3licos de todas las edades, pero principalmente la generaci\u00f3n m\u00e1s joven.<\/span> <span>(Photo AP\/Gregorio Borgia)<\/span><\/p>\n<\/div>\n<\/div>\n<\/div>\n<p><strong>Haga clic aqu\u00ed para obtener la aplicaci\u00f3n Fox News<\/strong><\/p>\n<p>La tumba de Acutis, que se encuentra en As\u00eds, ha sido visitada con frecuencia por cat\u00f3licos, especialmente cat\u00f3licos m\u00e1s j\u00f3venes.<\/p>\n<p>Acutis se unir\u00e1 al Bendito Pier Giorgio Frassati cuando est\u00e9 inscrito en el Libro de los Santos.<\/p>\n<p><i>Laura Carrione de Fox News Digital contribuy\u00f3 a esta historia.<\/i><\/p>\n<p><i>Nick Butler es reportero de Fox News Digital. \u00bfTienes alg\u00fan consejo? Comun\u00edquese con nick.butler@fox.com.<\/i><\/p>\n<div class=\"article-meta\">\n<div class=\"author-bio\">\n<p>Nick Butler es un escritor de noticias de \u00faltima hora de Fox News Digital.<\/p>\n<\/div>\n<\/div>\n<\/div>\n\n","protected":false},"excerpt":{"rendered":"<p>NUEVO\u00a1Ahora puedes escuchar art\u00edculos de Fox News! El Vaticano ha anunciado que el primer Milenio Saint ser\u00e1 canonizado en septiembre. El Papa Leo XIV hizo un anuncio durante una reuni\u00f3n con los Cardenales de que Carlo Acutis se inscribir\u00e1 en el Libro de los Santos el 7 de septiembre. Acutis muri\u00f3 a la edad de &hellip;<\/p>\n","protected":false},"author":1,"featured_media":31543,"comment_status":"open","ping_status":"open","sticky":false,"template":"","format":"standard","meta":{"fifu_image_url":"https:\/\/static.foxnews.com\/foxnews.com\/content\/uploads\/2024\/05\/GettyImages-1282862399.jpg","fifu_image_alt":"","footnotes":""},"categories":[13],"tags":[],"class_list":["post-31541","post","type-post","status-publish","format-standard","has-post-thumbnail","","category-mundo"],"_links":{"self":[{"href":"https:\/\/noticiasveraces.com\/index.php?rest_route=\/wp\/v2\/posts\/31541","targetHints":{"allow":["GET"]}}],"collection":[{"href":"https:\/\/noticiasveraces.com\/index.php?rest_route=\/wp\/v2\/posts"}],"about":[{"href":"https:\/\/noticiasveraces.com\/index.php?rest_route=\/wp\/v2\/types\/post"}],"author":[{"embeddable":true,"href":"https:\/\/noticiasveraces.com\/index.php?rest_route=\/wp\/v2\/users\/1"}],"replies":[{"embeddable":true,"href":"https:\/\/noticiasveraces.com\/index.php?rest_route=%2Fwp%2Fv2%2Fcomments&post=31541"}],"version-history":[{"count":0,"href":"https:\/\/noticiasveraces.com\/index.php?rest_route=\/wp\/v2\/posts\/31541\/revisions"}],"wp:featuredmedia":[{"embeddable":true,"href":"https:\/\/noticiasveraces.com\/index.php?rest_route=\/wp\/v2\/media\/31543"}],"wp:attachment":[{"href":"https:\/\/noticiasveraces.com\/index.php?rest_route=%2Fwp%2Fv2%2Fmedia&parent=31541"}],"wp:term":[{"taxonomy":"category","embeddable":true,"href":"https:\/\/noticiasveraces.com\/index.php?rest_route=%2Fwp%2Fv2%2Fcategories&post=31541"},{"taxonomy":"post_tag","embeddable":true,"href":"https:\/\/noticiasveraces.com\/index.php?rest_route=%2Fwp%2Fv2%2Ftags&post=31541"}],"curies":[{"name":"wp","href":"https:\/\/api.w.org\/{rel}","templated":true}]}}