{"id":31538,"date":"2025-06-13T17:10:22","date_gmt":"2025-06-13T21:10:22","guid":{"rendered":"https:\/\/noticiasveraces.com\/?p=31538"},"modified":"2025-06-13T17:10:22","modified_gmt":"2025-06-13T21:10:22","slug":"la-amenaza-para-las-bases-de-ee-uu-en-medio-oriente-sigue-aumentando-despues-de-las-huelgas-en-iran","status":"publish","type":"post","link":"https:\/\/noticiasveraces.com\/?p=31538","title":{"rendered":"La amenaza para las bases de EE. UU. En Medio Oriente sigue aumentando despu\u00e9s de las huelgas en Ir\u00e1n"},"content":{"rendered":"<p> \n<\/p>\n<div>\n<div id=\"beyondwords-wrapper\" class=\"beyondwords-wrapper\">\n<p><span class=\"label-bg\">NUEVO<\/span>\u00a1Ahora puedes escuchar art\u00edculos de Fox News!\n  <\/p>\n<\/div>\n<p class=\"speakable\">Ir\u00e1n dijo el viernes que Estados Unidos, como \u00abpatrocinador\u00bb de Israel \u00ab, ser\u00e1 completamente responsable\u00bb por la serie de ataques que Jerusal\u00e9n recaud\u00f3 durante la noche contra Teher\u00e1n, sus instalaciones nucleares y militares, y altos funcionarios, profundizando las preocupaciones de represalias sobre las bases de los Estados Unidos cerca de Ir\u00e1n.<\/p>\n<p class=\"speakable\">La misi\u00f3n de la ONU a Ir\u00e1n envi\u00f3 una carta al Consejo de Seguridad de las Naciones Unidas condenando los ataques que mataron a cuatro comandantes militares, un funcionario iran\u00ed presuntamente involucrado en las conversaciones nucleares con los Estados Unidos y dos cient\u00edficos nucleares, y dijo que la \u00abconducta\u00bb de Israel en la regi\u00f3n \u00abplantea una seria amenaza para la seguridad internacional\u00bb.<\/p>\n<p>Pero a principios de esta semana, solo unos d\u00edas antes de una reuni\u00f3n planificada entre Washington y Teher\u00e1n en Om\u00e1n para discutir las negociaciones nucleares, el Ministro de Defensa iran\u00ed, Aziz Nasirzadeh, amenaz\u00f3 con golpear las bases de los Estados Unidos en el Medio Oriente, si Israel ataca directamente a la naci\u00f3n persa. <\/p>\n<div class=\"image-ct inline\">\n<div class=\"m\"><picture><source media=\"(max-width: 767px)\" srcset=\"https:\/\/a57.foxnews.com\/static.foxnews.com\/foxnews.com\/content\/uploads\/2025\/06\/343\/192\/israel-iran-strike.jpg?ve=1&amp;tl=1, https:\/\/a57.foxnews.com\/static.foxnews.com\/foxnews.com\/content\/uploads\/2025\/06\/686\/384\/israel-iran-strike.jpg?ve=1&amp;tl=1 2x\" height=\"192\" width=\"343\"><source media=\"(min-width: 768px) and (max-width: 1023px)\" srcset=\"https:\/\/a57.foxnews.com\/static.foxnews.com\/foxnews.com\/content\/uploads\/2025\/06\/672\/378\/israel-iran-strike.jpg?ve=1&amp;tl=1, https:\/\/a57.foxnews.com\/static.foxnews.com\/foxnews.com\/content\/uploads\/2025\/06\/1344\/756\/israel-iran-strike.jpg?ve=1&amp;tl=1 2x\" height=\"378\" width=\"672\"><source media=\"(min-width: 1024px) and (max-width: 1279px)\" srcset=\"https:\/\/a57.foxnews.com\/static.foxnews.com\/foxnews.com\/content\/uploads\/2025\/06\/931\/523\/israel-iran-strike.jpg?ve=1&amp;tl=1, https:\/\/a57.foxnews.com\/static.foxnews.com\/foxnews.com\/content\/uploads\/2025\/06\/1862\/1046\/israel-iran-strike.jpg?ve=1&amp;tl=1 2x\" height=\"523\" width=\"931\"><source media=\"(min-width: 1280px)\" srcset=\"https:\/\/a57.foxnews.com\/static.foxnews.com\/foxnews.com\/content\/uploads\/2025\/06\/720\/405\/israel-iran-strike.jpg?ve=1&amp;tl=1, https:\/\/a57.foxnews.com\/static.foxnews.com\/foxnews.com\/content\/uploads\/2025\/06\/1440\/810\/israel-iran-strike.jpg?ve=1&amp;tl=1 2x\" height=\"405\" width=\"720\"><img loading=\"lazy\" decoding=\"async\" src=\"https:\/\/a57.foxnews.com\/static.foxnews.com\/foxnews.com\/content\/uploads\/2025\/06\/1200\/675\/israel-iran-strike.jpg?ve=1&amp;tl=1\" alt=\"Huelga en Teher\u00e1n\" width=\"1200\" height=\"675\"\/><\/source><\/source><\/source><\/source><\/picture><\/div>\n<div class=\"info\">\n<div class=\"caption\">\n<p><span>El humo se eleva despu\u00e9s de una explosi\u00f3n en Teher\u00e1n, Ir\u00e1n, viernes 13 de junio de 2025.<\/span> <span>(AP Photo\/Vahid Salemi)<\/span><\/p>\n<\/div>\n<\/div>\n<\/div>\n<p><strong>Dentro de la guerra secreta de Israel en Ir\u00e1n: comandos del Mossad, drones ocultos y la huelga que sorprendi\u00f3 a Teher\u00e1n<\/strong><\/p>\n<p>\u00abAlgunos funcionarios, por otro lado, amenazan el conflicto si las negociaciones no se hacen realidad\u00bb, dijo Nasirzadeh, seg\u00fan Reuters despu\u00e9s de informar tempranos que Jerusal\u00e9n estaba considerando una huelga en las instalaciones nucleares de Ir\u00e1n. \u00abSi se nos impone un conflicto &#8230; todas las bases de EE. UU. Estamos a nuestro alcance, y los atacaremos audazmente en los pa\u00edses anfitriones\u00bb. <\/p>\n<p>La administraci\u00f3n Trump anunci\u00f3 una evacuaci\u00f3n parcial de la Embajada de los Estados Unidos en Irak y autoriz\u00f3 a los dependientes militares a dejar lugares en todo el Medio Oriente, pero no est\u00e1 claro cu\u00e1ntos estadounidenses se espera que salgan de la regi\u00f3n. <\/p>\n<div class=\"image-ct inline\">\n<div class=\"m\"><picture><source media=\"(max-width: 767px)\" srcset=\"https:\/\/a57.foxnews.com\/static.foxnews.com\/foxnews.com\/content\/uploads\/2023\/10\/343\/192\/GettyImages-1193597165-1.jpg?ve=1&amp;tl=1, https:\/\/a57.foxnews.com\/static.foxnews.com\/foxnews.com\/content\/uploads\/2023\/10\/686\/384\/GettyImages-1193597165-1.jpg?ve=1&amp;tl=1 2x\" height=\"192\" width=\"343\"><source media=\"(min-width: 768px) and (max-width: 1023px)\" srcset=\"https:\/\/a57.foxnews.com\/static.foxnews.com\/foxnews.com\/content\/uploads\/2023\/10\/672\/378\/GettyImages-1193597165-1.jpg?ve=1&amp;tl=1, https:\/\/a57.foxnews.com\/static.foxnews.com\/foxnews.com\/content\/uploads\/2023\/10\/1344\/756\/GettyImages-1193597165-1.jpg?ve=1&amp;tl=1 2x\" height=\"378\" width=\"672\"><source media=\"(min-width: 1024px) and (max-width: 1279px)\" srcset=\"https:\/\/a57.foxnews.com\/static.foxnews.com\/foxnews.com\/content\/uploads\/2023\/10\/931\/523\/GettyImages-1193597165-1.jpg?ve=1&amp;tl=1, https:\/\/a57.foxnews.com\/static.foxnews.com\/foxnews.com\/content\/uploads\/2023\/10\/1862\/1046\/GettyImages-1193597165-1.jpg?ve=1&amp;tl=1 2x\" height=\"523\" width=\"931\"><source media=\"(min-width: 1280px)\" srcset=\"https:\/\/a57.foxnews.com\/static.foxnews.com\/foxnews.com\/content\/uploads\/2023\/10\/720\/405\/GettyImages-1193597165-1.jpg?ve=1&amp;tl=1, https:\/\/a57.foxnews.com\/static.foxnews.com\/foxnews.com\/content\/uploads\/2023\/10\/1440\/810\/GettyImages-1193597165-1.jpg?ve=1&amp;tl=1 2x\" height=\"405\" width=\"720\"><img loading=\"lazy\" decoding=\"async\" src=\"https:\/\/a57.foxnews.com\/static.foxnews.com\/foxnews.com\/content\/uploads\/2023\/10\/1200\/675\/GettyImages-1193597165-1.jpg?ve=1&amp;tl=1\" alt=\"Una foto tomada el 13 de enero de 2020, durante una gira de prensa organizada por la coalici\u00f3n liderada por Estados Unidos que lucha contra los restos del grupo del Estado Isl\u00e1mico, muestra drones del ej\u00e9rcito estadounidense en la base a\u00e9rea Ain Al-Asad en la provincia occidental iraqu\u00ed de Anbar.  \" width=\"1200\" height=\"675\"\/><\/source><\/source><\/source><\/source><\/picture><\/div>\n<div class=\"info\">\n<div class=\"caption\">\n<p><span>Una foto tomada el 13 de enero de 2020, durante una gira de prensa organizada por la coalici\u00f3n liderada por Estados Unidos que lucha contra los restos del grupo del Estado Isl\u00e1mico, muestra drones del ej\u00e9rcito estadounidense en la base a\u00e9rea Ain Al-Asad en la provincia occidental iraqu\u00ed de Anbar.  <\/span> <span>(Ayman Henna\/AFP a trav\u00e9s de Getty Images)<\/span><\/p>\n<\/div>\n<\/div>\n<\/div>\n<p>El presidente Donald Trump dijo el jueves que la decisi\u00f3n se tom\u00f3 por precauci\u00f3n y dijo a los periodistas \u00abque ten\u00eda que hacerlo\u00bb.<\/p>\n<p>\u00abTenemos mucho pueblo estadounidense en esta \u00e1rea. Y dije, tenemos que decirles que salgan porque algo podr\u00eda suceder pronto, y no quiero ser el que no dio ninguna advertencia y los misiles est\u00e1n volando a sus edificios\u00bb, agreg\u00f3 en referencia a la temida escalada militar entre Israel e Ir\u00e1n.<\/p>\n<p>Funcionarios de defensa en octubre de 2024 dijeron que unos 40,000 miembros del servicio estaban estacionados en todo el Medio Oriente, muchos de los cuales est\u00e1n en un rango sorprendente de Ir\u00e1n. <\/p>\n<div class=\"image-ct inline\">\n<div class=\"m\"><picture><source media=\"(max-width: 767px)\" srcset=\"https:\/\/a57.foxnews.com\/static.foxnews.com\/foxnews.com\/content\/uploads\/2025\/05\/343\/192\/gettyimages-2214562775.jpg?ve=1&amp;tl=1, https:\/\/a57.foxnews.com\/static.foxnews.com\/foxnews.com\/content\/uploads\/2025\/05\/686\/384\/gettyimages-2214562775.jpg?ve=1&amp;tl=1 2x\" height=\"192\" width=\"343\"><source media=\"(min-width: 768px) and (max-width: 1023px)\" srcset=\"https:\/\/a57.foxnews.com\/static.foxnews.com\/foxnews.com\/content\/uploads\/2025\/05\/672\/378\/gettyimages-2214562775.jpg?ve=1&amp;tl=1, https:\/\/a57.foxnews.com\/static.foxnews.com\/foxnews.com\/content\/uploads\/2025\/05\/1344\/756\/gettyimages-2214562775.jpg?ve=1&amp;tl=1 2x\" height=\"378\" width=\"672\"><source media=\"(min-width: 1024px) and (max-width: 1279px)\" srcset=\"https:\/\/a57.foxnews.com\/static.foxnews.com\/foxnews.com\/content\/uploads\/2025\/05\/931\/523\/gettyimages-2214562775.jpg?ve=1&amp;tl=1, https:\/\/a57.foxnews.com\/static.foxnews.com\/foxnews.com\/content\/uploads\/2025\/05\/1862\/1046\/gettyimages-2214562775.jpg?ve=1&amp;tl=1 2x\" height=\"523\" width=\"931\"><source media=\"(min-width: 1280px)\" srcset=\"https:\/\/a57.foxnews.com\/static.foxnews.com\/foxnews.com\/content\/uploads\/2025\/05\/720\/405\/gettyimages-2214562775.jpg?ve=1&amp;tl=1, https:\/\/a57.foxnews.com\/static.foxnews.com\/foxnews.com\/content\/uploads\/2025\/05\/1440\/810\/gettyimages-2214562775.jpg?ve=1&amp;tl=1 2x\" height=\"405\" width=\"720\"><img loading=\"lazy\" decoding=\"async\" src=\"https:\/\/a57.foxnews.com\/static.foxnews.com\/foxnews.com\/content\/uploads\/2025\/05\/1200\/675\/gettyimages-2214562775.jpg?ve=1&amp;tl=1\" alt=\"El presidente de los Estados Unidos, Donald Trump, llega para dirigirse a las tropas en la base a\u00e9rea al-Udeid al suroeste de Doha el 15 de mayo de 2025. (Foto de Brendan Smialowski \/ AFP) (Foto de Brendan Smialowski \/ AFP a trav\u00e9s de Getty Images)\" width=\"1200\" height=\"675\"\/><\/source><\/source><\/source><\/source><\/picture><\/div>\n<div class=\"info\">\n<div class=\"caption\">\n<p><span>El presidente Donald Trump en mayo de 2025 llega para dirigirse a las tropas en la Base A\u00e9rea Al-Udeid en Qatar, que se considera la instalaci\u00f3n militar estadounidense m\u00e1s grande en el Medio Oriente.<\/span> <span>(Foto de Brendan Smialowsky\/AFP a trav\u00e9s de Getty Images)<\/span><\/p>\n<\/div>\n<\/div>\n<\/div>\n<p><strong>Ir\u00e1n afirma el derecho a la destreza nuclear despu\u00e9s de las huelgas de Israel, pero permanece en silencio sobre las negociaciones con nosotros<\/strong><\/p>\n<p>El ej\u00e9rcito de los Estados Unidos tiene al menos 19 sitios repartidos en toda la regi\u00f3n, ocho de los cuales se consideran permanentes, seg\u00fan el Consejo de Relaciones Exteriores. <\/p>\n<p>Estos sitios se encuentran en pa\u00edses que bordean o est\u00e1n geogr\u00e1ficamente cerca de Ir\u00e1n, incluidos Bahrein, Irak, Israel, Jordania, Kuwait, Qatar, Arabia Saudita, Siria y los Emiratos \u00c1rabes Unidos. <\/p>\n<p>Pero la falta de respuesta defensiva inmediata de Ir\u00e1n a la huelga del jueves por la noche de Israel ha provocado preguntas sobre si Teher\u00e1n podr\u00eda pelear con los Estados Unidos y crear un tercer frente. <\/p>\n<div class=\"image-ct inline\">\n<div class=\"m\"><picture><source media=\"(max-width: 767px)\" srcset=\"https:\/\/a57.foxnews.com\/static.foxnews.com\/foxnews.com\/content\/uploads\/2018\/09\/343\/192\/Turkey-US-Syria-3.jpg?ve=1&amp;tl=1, https:\/\/a57.foxnews.com\/static.foxnews.com\/foxnews.com\/content\/uploads\/2018\/09\/686\/384\/Turkey-US-Syria-3.jpg?ve=1&amp;tl=1 2x\" height=\"192\" width=\"343\"><source media=\"(min-width: 768px) and (max-width: 1023px)\" srcset=\"https:\/\/a57.foxnews.com\/static.foxnews.com\/foxnews.com\/content\/uploads\/2018\/09\/672\/378\/Turkey-US-Syria-3.jpg?ve=1&amp;tl=1, https:\/\/a57.foxnews.com\/static.foxnews.com\/foxnews.com\/content\/uploads\/2018\/09\/1344\/756\/Turkey-US-Syria-3.jpg?ve=1&amp;tl=1 2x\" height=\"378\" width=\"672\"><source media=\"(min-width: 1024px) and (max-width: 1279px)\" srcset=\"https:\/\/a57.foxnews.com\/static.foxnews.com\/foxnews.com\/content\/uploads\/2018\/09\/931\/523\/Turkey-US-Syria-3.jpg?ve=1&amp;tl=1, https:\/\/a57.foxnews.com\/static.foxnews.com\/foxnews.com\/content\/uploads\/2018\/09\/1862\/1046\/Turkey-US-Syria-3.jpg?ve=1&amp;tl=1 2x\" height=\"523\" width=\"931\"><source media=\"(min-width: 1280px)\" srcset=\"https:\/\/a57.foxnews.com\/static.foxnews.com\/foxnews.com\/content\/uploads\/2018\/09\/720\/405\/Turkey-US-Syria-3.jpg?ve=1&amp;tl=1, https:\/\/a57.foxnews.com\/static.foxnews.com\/foxnews.com\/content\/uploads\/2018\/09\/1440\/810\/Turkey-US-Syria-3.jpg?ve=1&amp;tl=1 2x\" height=\"405\" width=\"720\"><img loading=\"lazy\" decoding=\"async\" src=\"https:\/\/a57.foxnews.com\/static.foxnews.com\/foxnews.com\/content\/uploads\/2018\/09\/1200\/675\/Turkey-US-Syria-3.jpg?ve=1&amp;tl=1\" alt=\"Un avi\u00f3n de carga de la Fuerza A\u00e9rea de los Estados Unidos maniobra en la pista despu\u00e9s de aterrizar en la Base A\u00e9rea Incirlik, en las afueras de la ciudad de Adana, Sureste de Turqu\u00eda, el mi\u00e9rcoles 29 de julio de 2015. Despu\u00e9s de meses de renuencia, las aves de guerra turcas comenzaron a los objetivos militantes en Syria la semana pasada la semana pasada, y tambi\u00e9n permiti\u00f3 que los Estados Unidos lanzaran sus propios huelgas desde el punto de vista estrat\u00e9gico de Turqu\u00eda. (Photo AP\/Emrah Gurel)\" width=\"1200\" height=\"675\"\/><\/source><\/source><\/source><\/source><\/picture><\/div>\n<div class=\"info\">\n<div class=\"caption\">\n<p><span>Un avi\u00f3n de carga de la Fuerza A\u00e9rea de los Estados Unidos maniobra en la pista despu\u00e9s de aterrizar en la Base A\u00e9rea Incirlik, en las afueras de la ciudad de Adana, el sureste de Turqu\u00eda, el mi\u00e9rcoles 29 de julio de 2015. (Photo\/Emrah Gurel)<\/span> <span>(The Associated Press)<\/span><\/p>\n<\/div>\n<\/div>\n<\/div>\n<p>\u00abDado el hecho de que en enero de 2020, Ir\u00e1n lanz\u00f3 misiles bal\u00edsticos de atenuaci\u00f3n de corto alcance en las bases estadounidenses en Irak por matar a Qasem Soleimani, el principal terrorista del r\u00e9gimen, este no es un ejercicio te\u00f3rico\u00bb, experto en Ir\u00e1n con la Fundaci\u00f3n para la Defensa de las Democracias Benham Ben Taleblu dijo a Fox News Digital. \u00abEl r\u00e9gimen ha demostrado la capacidad de aterrizar los golpes en estas bases antes.<\/p>\n<p>\u00abEs posible, y no es te\u00f3rico, dado que el r\u00e9gimen ha hecho esto en el pasado y vivi\u00f3 para contar la historia\u00bb, agreg\u00f3. <\/p>\n<p>Ben Taleblu dijo que cree que Ir\u00e1n, en este momento, est\u00e1 buscando asegurarse de que Estados Unidos no solo no est\u00e9 interesado en participar en un conflicto directo contra Teher\u00e1n, sino que incluso podr\u00eda distanciarse de Israel.<\/p>\n<div class=\"image-ct inline\">\n<div class=\"m\"><picture><source media=\"(max-width: 767px)\" srcset=\"https:\/\/a57.foxnews.com\/static.foxnews.com\/foxnews.com\/content\/uploads\/2024\/01\/343\/192\/Iraq-US-troops-at-Al-Asad-air-base.png?ve=1&amp;tl=1, https:\/\/a57.foxnews.com\/static.foxnews.com\/foxnews.com\/content\/uploads\/2024\/01\/686\/384\/Iraq-US-troops-at-Al-Asad-air-base.png?ve=1&amp;tl=1 2x\" height=\"192\" width=\"343\"><source media=\"(min-width: 768px) and (max-width: 1023px)\" srcset=\"https:\/\/a57.foxnews.com\/static.foxnews.com\/foxnews.com\/content\/uploads\/2024\/01\/672\/378\/Iraq-US-troops-at-Al-Asad-air-base.png?ve=1&amp;tl=1, https:\/\/a57.foxnews.com\/static.foxnews.com\/foxnews.com\/content\/uploads\/2024\/01\/1344\/756\/Iraq-US-troops-at-Al-Asad-air-base.png?ve=1&amp;tl=1 2x\" height=\"378\" width=\"672\"><source media=\"(min-width: 1024px) and (max-width: 1279px)\" srcset=\"https:\/\/a57.foxnews.com\/static.foxnews.com\/foxnews.com\/content\/uploads\/2024\/01\/931\/523\/Iraq-US-troops-at-Al-Asad-air-base.png?ve=1&amp;tl=1, https:\/\/a57.foxnews.com\/static.foxnews.com\/foxnews.com\/content\/uploads\/2024\/01\/1862\/1046\/Iraq-US-troops-at-Al-Asad-air-base.png?ve=1&amp;tl=1 2x\" height=\"523\" width=\"931\"><source media=\"(min-width: 1280px)\" srcset=\"https:\/\/a57.foxnews.com\/static.foxnews.com\/foxnews.com\/content\/uploads\/2024\/01\/720\/405\/Iraq-US-troops-at-Al-Asad-air-base.png?ve=1&amp;tl=1, https:\/\/a57.foxnews.com\/static.foxnews.com\/foxnews.com\/content\/uploads\/2024\/01\/1440\/810\/Iraq-US-troops-at-Al-Asad-air-base.png?ve=1&amp;tl=1 2x\" height=\"405\" width=\"720\"><img loading=\"lazy\" decoding=\"async\" src=\"https:\/\/a57.foxnews.com\/static.foxnews.com\/foxnews.com\/content\/uploads\/2024\/01\/1200\/675\/Iraq-US-troops-at-Al-Asad-air-base.png?ve=1&amp;tl=1\" alt=\"Base a\u00e9rea de Al-Asad\" width=\"1200\" height=\"675\"\/><\/source><\/source><\/source><\/source><\/picture><\/div>\n<div class=\"info\">\n<div class=\"caption\">\n<p><span>Los soldados del Ej\u00e9rcito de EE. UU. Entrenan en la Base A\u00e9rea Al-Asad en el oeste de Irak. <\/span> <span>(Fuente: Ej\u00e9rcito de EE. UU.)<\/span><\/p>\n<\/div>\n<\/div>\n<\/div>\n<p><strong>Haga clic aqu\u00ed para obtener la aplicaci\u00f3n Fox News<\/strong><\/p>\n<p>\u00abHay un elemento pol\u00edtico en el r\u00e9gimen que amenaza continuamente a Estados Unidos, que es tratar de aprovechar el deseo de desescalaci\u00f3n que existe en Estados Unidos\u00bb, agreg\u00f3 el experto. \u00abPara tratar de poner la mayor cantidad de luz entre Estados Unidos e Israel como sea posible, y convertir a Estados Unidos de un aliado o socio de Israel, solo observador de otra crisis de Oriente Medio. <\/p>\n<p>\u00abAs\u00ed es como Teher\u00e1n est\u00e1 pol\u00edticamente, tratando de poner a Estados Unidos al margen cuando militarmente, podr\u00eda luchar, militarmente, luchar\u00eda\u00bb, agreg\u00f3 Ben Taleblu.<\/p>\n<p> <!----> <\/p>\n<div class=\"article-meta\">\n<div class=\"author-bio\">\n<p>Caitlin McFall es reportero de Fox News Digital Cubting Politics, US y World News.<\/p>\n<\/div>\n<\/div>\n<\/div>\n\n","protected":false},"excerpt":{"rendered":"<p>NUEVO\u00a1Ahora puedes escuchar art\u00edculos de Fox News! Ir\u00e1n dijo el viernes que Estados Unidos, como \u00abpatrocinador\u00bb de Israel \u00ab, ser\u00e1 completamente responsable\u00bb por la serie de ataques que Jerusal\u00e9n recaud\u00f3 durante la noche contra Teher\u00e1n, sus instalaciones nucleares y militares, y altos funcionarios, profundizando las preocupaciones de represalias sobre las bases de los Estados Unidos &hellip;<\/p>\n","protected":false},"author":1,"featured_media":31540,"comment_status":"open","ping_status":"open","sticky":false,"template":"","format":"standard","meta":{"fifu_image_url":"https:\/\/static.foxnews.com\/foxnews.com\/content\/uploads\/2024\/01\/Iraq-US-troops-at-Al-Asad-air-base.png","fifu_image_alt":"","footnotes":""},"categories":[13],"tags":[],"class_list":["post-31538","post","type-post","status-publish","format-standard","has-post-thumbnail","","category-mundo"],"_links":{"self":[{"href":"https:\/\/noticiasveraces.com\/index.php?rest_route=\/wp\/v2\/posts\/31538","targetHints":{"allow":["GET"]}}],"collection":[{"href":"https:\/\/noticiasveraces.com\/index.php?rest_route=\/wp\/v2\/posts"}],"about":[{"href":"https:\/\/noticiasveraces.com\/index.php?rest_route=\/wp\/v2\/types\/post"}],"author":[{"embeddable":true,"href":"https:\/\/noticiasveraces.com\/index.php?rest_route=\/wp\/v2\/users\/1"}],"replies":[{"embeddable":true,"href":"https:\/\/noticiasveraces.com\/index.php?rest_route=%2Fwp%2Fv2%2Fcomments&post=31538"}],"version-history":[{"count":0,"href":"https:\/\/noticiasveraces.com\/index.php?rest_route=\/wp\/v2\/posts\/31538\/revisions"}],"wp:featuredmedia":[{"embeddable":true,"href":"https:\/\/noticiasveraces.com\/index.php?rest_route=\/wp\/v2\/media\/31540"}],"wp:attachment":[{"href":"https:\/\/noticiasveraces.com\/index.php?rest_route=%2Fwp%2Fv2%2Fmedia&parent=31538"}],"wp:term":[{"taxonomy":"category","embeddable":true,"href":"https:\/\/noticiasveraces.com\/index.php?rest_route=%2Fwp%2Fv2%2Fcategories&post=31538"},{"taxonomy":"post_tag","embeddable":true,"href":"https:\/\/noticiasveraces.com\/index.php?rest_route=%2Fwp%2Fv2%2Ftags&post=31538"}],"curies":[{"name":"wp","href":"https:\/\/api.w.org\/{rel}","templated":true}]}}