{"id":31486,"date":"2025-06-13T09:02:36","date_gmt":"2025-06-13T13:02:36","guid":{"rendered":"https:\/\/noticiasveraces.com\/?p=31486"},"modified":"2025-06-13T09:02:36","modified_gmt":"2025-06-13T13:02:36","slug":"los-lideres-globales-instan-a-la-restriccion-despues-de-que-israel-ataca-a-mas-de-100-objetivos-en-iran","status":"publish","type":"post","link":"https:\/\/noticiasveraces.com\/?p=31486","title":{"rendered":"Los l\u00edderes globales instan a la restricci\u00f3n despu\u00e9s de que Israel ataca a m\u00e1s de 100 objetivos en Ir\u00e1n"},"content":{"rendered":"<p> \n<\/p>\n<div>\n<div id=\"beyondwords-wrapper\" class=\"beyondwords-wrapper\">\n<p><span class=\"label-bg\">NUEVO<\/span>\u00a1Ahora puedes escuchar art\u00edculos de Fox News!\n  <\/p>\n<\/div>\n<p class=\"speakable\">Gran parte del mundo expres\u00f3 su preocupaci\u00f3n el viernes despu\u00e9s de los ataques de la madrugada de Israel en m\u00e1s de 100 objetivos en Ir\u00e1n, instando a ambas naciones a evitar una mayor escalada.<\/p>\n<p class=\"speakable\">Ir\u00e1n respondi\u00f3 con un contraataque de drones, e Israel declar\u00f3 que las huelgas fueron solo la primera ola en una campa\u00f1a m\u00e1s amplia para frustrar las ambiciones nucleares de Ir\u00e1n.<\/p>\n<p>El secretario de Estado Marco Rubio enfatiz\u00f3 que Israel actu\u00f3 unilateralmente, afirmando que Estados Unidos no estuvo involucrado en las huelgas, mientras que el presidente Donald Trump advirti\u00f3 a Ir\u00e1n que la pr\u00f3xima ronda de ataques israel\u00edes ser\u00eda \u00aba\u00fan m\u00e1s brutal\u00bb. <\/p>\n<p>Aqu\u00ed hay un resumen de la reacci\u00f3n global a los ataques.<\/p>\n<div class=\"image-ct inline\">\n<div class=\"m\"><picture><source media=\"(max-width: 767px)\" srcset=\"https:\/\/a57.foxnews.com\/static.foxnews.com\/foxnews.com\/content\/uploads\/2025\/06\/343\/192\/tehran-bombing-damaged-building.jpg?ve=1&amp;tl=1, https:\/\/a57.foxnews.com\/static.foxnews.com\/foxnews.com\/content\/uploads\/2025\/06\/686\/384\/tehran-bombing-damaged-building.jpg?ve=1&amp;tl=1 2x\" height=\"192\" width=\"343\"><source media=\"(min-width: 768px) and (max-width: 1023px)\" srcset=\"https:\/\/a57.foxnews.com\/static.foxnews.com\/foxnews.com\/content\/uploads\/2025\/06\/672\/378\/tehran-bombing-damaged-building.jpg?ve=1&amp;tl=1, https:\/\/a57.foxnews.com\/static.foxnews.com\/foxnews.com\/content\/uploads\/2025\/06\/1344\/756\/tehran-bombing-damaged-building.jpg?ve=1&amp;tl=1 2x\" height=\"378\" width=\"672\"><source media=\"(min-width: 1024px) and (max-width: 1279px)\" srcset=\"https:\/\/a57.foxnews.com\/static.foxnews.com\/foxnews.com\/content\/uploads\/2025\/06\/931\/523\/tehran-bombing-damaged-building.jpg?ve=1&amp;tl=1, https:\/\/a57.foxnews.com\/static.foxnews.com\/foxnews.com\/content\/uploads\/2025\/06\/1862\/1046\/tehran-bombing-damaged-building.jpg?ve=1&amp;tl=1 2x\" height=\"523\" width=\"931\"><source media=\"(min-width: 1280px)\" srcset=\"https:\/\/a57.foxnews.com\/static.foxnews.com\/foxnews.com\/content\/uploads\/2025\/06\/720\/405\/tehran-bombing-damaged-building.jpg?ve=1&amp;tl=1, https:\/\/a57.foxnews.com\/static.foxnews.com\/foxnews.com\/content\/uploads\/2025\/06\/1440\/810\/tehran-bombing-damaged-building.jpg?ve=1&amp;tl=1 2x\" height=\"405\" width=\"720\"><img loading=\"lazy\" decoding=\"async\" src=\"https:\/\/a57.foxnews.com\/static.foxnews.com\/foxnews.com\/content\/uploads\/2025\/06\/1200\/675\/tehran-bombing-damaged-building.jpg?ve=1&amp;tl=1\" alt=\"Una vista de un edificio da\u00f1ado en Teher\u00e1n, Ir\u00e1n despu\u00e9s del bombardeo ejecutado por Israel.\" width=\"1200\" height=\"675\"\/><\/source><\/source><\/source><\/source><\/picture><\/div>\n<div class=\"info\">\n<div class=\"caption\">\n<p><span>Israel atac\u00f3 m\u00e1s de 100 sitios en Ir\u00e1n en las primeras horas del viernes.<\/span> <span>(Foto de Fatemeh Bahrami\/Anadolu a trav\u00e9s de Getty Images)<\/span><\/p>\n<\/div>\n<\/div>\n<\/div>\n<h3>Reacci\u00f3n regional<\/h3>\n<h3>Ir\u00e1n<\/h3>\n<p>El ministro de Relaciones Exteriores de Ir\u00e1n calific\u00f3 los ataques como una \u00abdeclaraci\u00f3n de guerra\u00bb y afirm\u00f3 que Estados Unidos estaba involucrado. La \u00abagresi\u00f3n de Israel contra Ir\u00e1n no podr\u00eda haberse llevado a cabo sin la coordinaci\u00f3n y aprobaci\u00f3n de los Estados Unidos\u00bb, dijo el ministro de Relaciones Exteriores, Abbas Aragchi. <\/p>\n<p>\u00abEn consecuencia, el gobierno de los Estados Unidos, como patr\u00f3n principal de este r\u00e9gimen, tambi\u00e9n asumir\u00e1 la responsabilidad de las peligrosas repercusiones de las acciones imprudentes del r\u00e9gimen sionista\u00bb, dijo el Ministerio de Relaciones Exteriores iran\u00ed en un comunicado el viernes. <\/p>\n<h3>Arabia Saudita<\/h3>\n<p>El reino conden\u00f3 fuertemente las acciones de Israel, llam\u00e1ndolas una violaci\u00f3n del derecho internacional.<\/p>\n<p>\u00abEl reino de Arabia Saudita expresa su fuerte condena y denuncia de las flagrantes agresiones israel\u00edes contra la Rep\u00fablica Isl\u00e1mica de Ir\u00e1n fraternal\u00bb, dijo su Ministerio de Asuntos Exteriores. \u00abEstos ataques socavan la soberan\u00eda y la seguridad de Ir\u00e1n y constituyen una clara violaci\u00f3n de las leyes y normas internacionales\u00bb.<\/p>\n<p>El ministro de Relaciones Exteriores, Faisal Bin Farhan, habl\u00f3 con Araghchi, afirmando: \u00abSu alteza afirm\u00f3 el rechazo del reino del uso de la fuerza y \u200b\u200benfatiz\u00f3 la importancia del di\u00e1logo para abordar disputas. El ataque israel\u00ed socava los esfuerzos hacia la desescalaci\u00f3n y las soluciones diplom\u00e1ticas\u00bb.<\/p>\n<p>Los esfuerzos de los Estados Unidos para negociar un acuerdo de normalizaci\u00f3n entre Israel y Arabia Saudita ya se hab\u00edan estancado debido a la guerra en Gaza.<\/p>\n<p><strong>Trump dice que el pr\u00f3ximo ataque de Ir\u00e1n de Israel ser\u00e1 a\u00fan m\u00e1s brutal: \u00abhacer un trato\u00bb<\/strong><\/p>\n<h3>Katar<\/h3>\n<p>Qatar tambi\u00e9n conden\u00f3 los ataques, llam\u00e1ndolos, \u00abuna violaci\u00f3n descarada de la soberan\u00eda de Ir\u00e1n y una clara violaci\u00f3n del derecho internacional y sus principios establecidos\u00bb.<\/p>\n<p>El ministro de Relaciones Exteriores de Qatar se reuni\u00f3 con el embajador de Ir\u00e1n el viernes para discutir la cooperaci\u00f3n bilateral y las formas de profundizar los lazos diplom\u00e1ticos.<\/p>\n<h3>Emiratos \u00c1rabes Unidos<\/h3>\n<p>Los EAU \u00abcondenados en los t\u00e9rminos m\u00e1s fuertes\u00bb las acciones de Israel.<\/p>\n<h3>Pavo<\/h3>\n<p>Turqu\u00eda pidi\u00f3 un final inmediato de las hostilidades. \u00abIsrael debe cesar inmediatamente sus acciones agresivas que podr\u00edan conducir a conflictos m\u00e1s amplios\u00bb.<\/p>\n<div class=\"image-ct inline\">\n<div class=\"m\"><picture><source media=\"(max-width: 767px)\" srcset=\"https:\/\/a57.foxnews.com\/static.foxnews.com\/foxnews.com\/content\/uploads\/2025\/06\/343\/192\/2025-06-13t115036z_1268984615_rc2n1fajk2ql_rtrmadp_3_iran-nuclear-protest-scaled.jpg?ve=1&amp;tl=1, https:\/\/a57.foxnews.com\/static.foxnews.com\/foxnews.com\/content\/uploads\/2025\/06\/686\/384\/2025-06-13t115036z_1268984615_rc2n1fajk2ql_rtrmadp_3_iran-nuclear-protest-scaled.jpg?ve=1&amp;tl=1 2x\" height=\"192\" width=\"343\"><source media=\"(min-width: 768px) and (max-width: 1023px)\" srcset=\"https:\/\/a57.foxnews.com\/static.foxnews.com\/foxnews.com\/content\/uploads\/2025\/06\/672\/378\/2025-06-13t115036z_1268984615_rc2n1fajk2ql_rtrmadp_3_iran-nuclear-protest-scaled.jpg?ve=1&amp;tl=1, https:\/\/a57.foxnews.com\/static.foxnews.com\/foxnews.com\/content\/uploads\/2025\/06\/1344\/756\/2025-06-13t115036z_1268984615_rc2n1fajk2ql_rtrmadp_3_iran-nuclear-protest-scaled.jpg?ve=1&amp;tl=1 2x\" height=\"378\" width=\"672\"><source media=\"(min-width: 1024px) and (max-width: 1279px)\" srcset=\"https:\/\/a57.foxnews.com\/static.foxnews.com\/foxnews.com\/content\/uploads\/2025\/06\/931\/523\/2025-06-13t115036z_1268984615_rc2n1fajk2ql_rtrmadp_3_iran-nuclear-protest-scaled.jpg?ve=1&amp;tl=1, https:\/\/a57.foxnews.com\/static.foxnews.com\/foxnews.com\/content\/uploads\/2025\/06\/1862\/1046\/2025-06-13t115036z_1268984615_rc2n1fajk2ql_rtrmadp_3_iran-nuclear-protest-scaled.jpg?ve=1&amp;tl=1 2x\" height=\"523\" width=\"931\"><source media=\"(min-width: 1280px)\" srcset=\"https:\/\/a57.foxnews.com\/static.foxnews.com\/foxnews.com\/content\/uploads\/2025\/06\/720\/405\/2025-06-13t115036z_1268984615_rc2n1fajk2ql_rtrmadp_3_iran-nuclear-protest-scaled.jpg?ve=1&amp;tl=1, https:\/\/a57.foxnews.com\/static.foxnews.com\/foxnews.com\/content\/uploads\/2025\/06\/1440\/810\/2025-06-13t115036z_1268984615_rc2n1fajk2ql_rtrmadp_3_iran-nuclear-protest-scaled.jpg?ve=1&amp;tl=1 2x\" height=\"405\" width=\"720\"><img loading=\"lazy\" decoding=\"async\" src=\"https:\/\/a57.foxnews.com\/static.foxnews.com\/foxnews.com\/content\/uploads\/2025\/06\/1200\/675\/2025-06-13t115036z_1268984615_rc2n1fajk2ql_rtrmadp_3_iran-nuclear-protest-scaled.jpg?ve=1&amp;tl=1\" alt=\"La gente asiste a una protesta antiisrael\u00ed luego de las huelgas israel\u00edes sobre Ir\u00e1n, en Teher\u00e1n, Ir\u00e1n, el 13 de junio de 2025. \" width=\"1200\" height=\"675\"\/><\/source><\/source><\/source><\/source><\/picture><\/div>\n<div class=\"info\">\n<div class=\"caption\">\n<p><span>Los iran\u00edes protestan contra los ataques israel\u00edes en Teher\u00e1n el viernes.<\/span> <span>(Majid Asgaripour\/Wana)<\/span><\/p>\n<\/div>\n<\/div>\n<\/div>\n<h3>Europa: llame a restricciones<\/h3>\n<p>El ministro de Relaciones Exteriores israel\u00ed, Gideon Sa&#8217;ar, realiz\u00f3 llamadas con varios l\u00edderes europeos, que expresaron su preocupaci\u00f3n por la escalada mientras afirman el derecho de Israel a la autodefensa.<\/p>\n<h3>Alemania<\/h3>\n<p>El canciller Friedrich Merz declar\u00f3: \u00abAfirmamos que Israel tiene el derecho de defender su existencia y la seguridad de sus ciudadanos. Llamamos a ambos lados que se abstengan de acciones que puedan aumentar el conflicto y desestabilizar toda la regi\u00f3n\u00bb.<\/p>\n<p><strong>Israel lanza una huelga general contra Ir\u00e1n, mientras que la administraci\u00f3n de Trump busca una soluci\u00f3n diplom\u00e1tica<\/strong><\/p>\n<p>Sa&#8217;ar dijo al ministro de Relaciones Exteriores alem\u00e1n Johan Wadephul: \u00abTomamos esta decisi\u00f3n en el \u00faltimo momento posible, despu\u00e9s de que todas las otras v\u00edas se agotaron. El mundo vio que Ir\u00e1n no estaba listo para detenerse. El \u00faltimo informe de la OIEA ilustra graves violaciones iran\u00edes. Sabemos que los d\u00edas desafiantes est\u00e1n por delante, pero no tenemos otra opci\u00f3n\u00bb.<\/p>\n<div class=\"image-ct inline\">\n<div class=\"m\"><picture><source media=\"(max-width: 767px)\" srcset=\"https:\/\/a57.foxnews.com\/static.foxnews.com\/foxnews.com\/content\/uploads\/2025\/02\/343\/192\/macron-white-house.jpg?ve=1&amp;tl=1, https:\/\/a57.foxnews.com\/static.foxnews.com\/foxnews.com\/content\/uploads\/2025\/02\/686\/384\/macron-white-house.jpg?ve=1&amp;tl=1 2x\" height=\"192\" width=\"343\"><source media=\"(min-width: 768px) and (max-width: 1023px)\" srcset=\"https:\/\/a57.foxnews.com\/static.foxnews.com\/foxnews.com\/content\/uploads\/2025\/02\/672\/378\/macron-white-house.jpg?ve=1&amp;tl=1, https:\/\/a57.foxnews.com\/static.foxnews.com\/foxnews.com\/content\/uploads\/2025\/02\/1344\/756\/macron-white-house.jpg?ve=1&amp;tl=1 2x\" height=\"378\" width=\"672\"><source media=\"(min-width: 1024px) and (max-width: 1279px)\" srcset=\"https:\/\/a57.foxnews.com\/static.foxnews.com\/foxnews.com\/content\/uploads\/2025\/02\/931\/523\/macron-white-house.jpg?ve=1&amp;tl=1, https:\/\/a57.foxnews.com\/static.foxnews.com\/foxnews.com\/content\/uploads\/2025\/02\/1862\/1046\/macron-white-house.jpg?ve=1&amp;tl=1 2x\" height=\"523\" width=\"931\"><source media=\"(min-width: 1280px)\" srcset=\"https:\/\/a57.foxnews.com\/static.foxnews.com\/foxnews.com\/content\/uploads\/2025\/02\/720\/405\/macron-white-house.jpg?ve=1&amp;tl=1, https:\/\/a57.foxnews.com\/static.foxnews.com\/foxnews.com\/content\/uploads\/2025\/02\/1440\/810\/macron-white-house.jpg?ve=1&amp;tl=1 2x\" height=\"405\" width=\"720\"><img loading=\"lazy\" decoding=\"async\" src=\"https:\/\/a57.foxnews.com\/static.foxnews.com\/foxnews.com\/content\/uploads\/2025\/02\/1200\/675\/macron-white-house.jpg?ve=1&amp;tl=1\" alt=\"El presidente franc\u00e9s, Emmanuel Macron, llega a la Casa Blanca el lunes 24 de febrero.\" width=\"1200\" height=\"675\"\/><\/source><\/source><\/source><\/source><\/picture><\/div>\n<div class=\"info\">\n<div class=\"caption\">\n<p><span>\u00abFrancia ha condenado repetidamente el programa nuclear en curso de Ir\u00e1n y ha tomado todas las medidas diplom\u00e1ticas apropiadas en respuesta\u00bb, dijo el viernes el presidente franc\u00e9s Emmanuel Macron.<\/span> <span>(AP \/ Manuel Balce Ceneta)<\/span><\/p>\n<\/div>\n<\/div>\n<\/div>\n<h3>Francia<\/h3>\n<p>\u00abFrancia ha condenado repetidamente el programa nuclear en curso de Ir\u00e1n y ha tomado todas las medidas diplom\u00e1ticas apropiadas en respuesta\u00bb, dijo el viernes el presidente franc\u00e9s Emmanuel Macron. <\/p>\n<p>\u00abEn este contexto, Francia reafirma el derecho de Israel a defenderse y garantizar su seguridad. Para evitar poner en peligro la estabilidad de toda la regi\u00f3n, pido a todas las partes que ejercen la m\u00e1xima restricci\u00f3n y que escala\u00bb.<\/p>\n<h3>Reino Unido<\/h3>\n<p>El primer ministro Keir Starmer llam\u00f3 a las huelgas israel\u00edes \u00abpreocupantes\u00bb e inst\u00f3 a todas las partes a dar un paso atr\u00e1s y reducir las tensiones.<\/p>\n<h3>Rep\u00fablica Checa<\/h3>\n<p>El ministro de Relaciones Exteriores, Jan Lipavsk\u00fd, expres\u00f3 su simpat\u00eda por la posici\u00f3n de Israel. \u00abIr\u00e1n no ha logrado cumplir con sus obligaciones internacionales y contin\u00faa construyendo su programa nuclear mientras expresa amenazas contra Israel. Entiendo la necesidad de una acci\u00f3n militar para disuadir el desarrollo nuclear en la regi\u00f3n\u00bb.<\/p>\n<h3>Rusia <\/h3>\n<p>\u00abLos ataques militares no provocados contra un estado miembro soberano de la ONU, sus ciudadanos, ciudades pac\u00edficas e infraestructura de energ\u00eda nuclear son categ\u00f3ricamente inaceptables\u00bb, dijo el Ministerio de Relaciones Exteriores de Rusia, seg\u00fan Reuters. <\/p>\n<p>\u00abLa comunidad internacional no puede permitirse ser indiferente a tales atrocidades, que destruyen la paz y da\u00f1an la seguridad regional e internacional\u00bb.<\/p>\n<div class=\"image-ct inline\">\n<div class=\"m\"><picture><source media=\"(max-width: 767px)\" srcset=\"https:\/\/a57.foxnews.com\/static.foxnews.com\/foxnews.com\/content\/uploads\/2025\/06\/343\/192\/gettyimages-2219206035-scaled.jpg?ve=1&amp;tl=1, https:\/\/a57.foxnews.com\/static.foxnews.com\/foxnews.com\/content\/uploads\/2025\/06\/686\/384\/gettyimages-2219206035-scaled.jpg?ve=1&amp;tl=1 2x\" height=\"192\" width=\"343\"><source media=\"(min-width: 768px) and (max-width: 1023px)\" srcset=\"https:\/\/a57.foxnews.com\/static.foxnews.com\/foxnews.com\/content\/uploads\/2025\/06\/672\/378\/gettyimages-2219206035-scaled.jpg?ve=1&amp;tl=1, https:\/\/a57.foxnews.com\/static.foxnews.com\/foxnews.com\/content\/uploads\/2025\/06\/1344\/756\/gettyimages-2219206035-scaled.jpg?ve=1&amp;tl=1 2x\" height=\"378\" width=\"672\"><source media=\"(min-width: 1024px) and (max-width: 1279px)\" srcset=\"https:\/\/a57.foxnews.com\/static.foxnews.com\/foxnews.com\/content\/uploads\/2025\/06\/931\/523\/gettyimages-2219206035-scaled.jpg?ve=1&amp;tl=1, https:\/\/a57.foxnews.com\/static.foxnews.com\/foxnews.com\/content\/uploads\/2025\/06\/1862\/1046\/gettyimages-2219206035-scaled.jpg?ve=1&amp;tl=1 2x\" height=\"523\" width=\"931\"><source media=\"(min-width: 1280px)\" srcset=\"https:\/\/a57.foxnews.com\/static.foxnews.com\/foxnews.com\/content\/uploads\/2025\/06\/720\/405\/gettyimages-2219206035-scaled.jpg?ve=1&amp;tl=1, https:\/\/a57.foxnews.com\/static.foxnews.com\/foxnews.com\/content\/uploads\/2025\/06\/1440\/810\/gettyimages-2219206035-scaled.jpg?ve=1&amp;tl=1 2x\" height=\"405\" width=\"720\"><img loading=\"lazy\" decoding=\"async\" src=\"https:\/\/a57.foxnews.com\/static.foxnews.com\/foxnews.com\/content\/uploads\/2025\/06\/1200\/675\/gettyimages-2219206035-scaled.jpg?ve=1&amp;tl=1\" alt=\"Teher\u00e1n, Ir\u00e1n - 13 de junio: Los edificios en \u00e1reas residenciales de Teher\u00e1n est\u00e1n da\u00f1ados despu\u00e9s de ataques israel\u00edes sobre las instalaciones nucleares y militares de Ir\u00e1n el 13 de junio de 2025.\" width=\"1200\" height=\"675\"\/><\/source><\/source><\/source><\/source><\/picture><\/div>\n<div class=\"info\">\n<div class=\"caption\">\n<p><span>Israel prometi\u00f3 que los ataques del viernes fueron solo los primeros en una ola de ataques contra Teher\u00e1n, Ir\u00e1n, sobre su programa nuclear.<\/span> <span>(Fatemeh Bahrami\/Anadolu a trav\u00e9s de Getty Images)<\/span><\/p>\n<\/div>\n<\/div>\n<\/div>\n<h3>Asia: fuerte oposici\u00f3n<\/h3>\n<h3>Porcelana<\/h3>\n<p>Beijing critic\u00f3 las huelgas como una violaci\u00f3n de la soberan\u00eda.<\/p>\n<p>\u00abChina se opone a la violaci\u00f3n de la soberan\u00eda, la seguridad y la integridad territorial de Ir\u00e1n\u00bb, dijo el portavoz del Ministerio de Relaciones Exteriores, Lin Jian. \u00abNos oponemos a la intensificaci\u00f3n del conflicto y estamos dispuestos a desempe\u00f1ar un papel constructivo en la redescalaci\u00f3n\u00bb.<\/p>\n<p><strong><u>Haga clic aqu\u00ed para obtener la aplicaci\u00f3n Fox News<\/u><\/strong><\/p>\n<h3>Jap\u00f3n<\/h3>\n<p>El ministro de Relaciones Exteriores, Takeshi Iwaya, calific\u00f3 las huelgas \u00abprofundamente lamentables\u00bb en medio de los esfuerzos diplom\u00e1ticos continuos para resolver el problema nuclear.<\/p>\n<p>\u00abEl uso de la fuerza militar socava las negociaciones pac\u00edficas. El gobierno condena fuertemente esta acci\u00f3n, que solo aumenta la situaci\u00f3n\u00bb.<\/p>\n<p> <!----> <\/div>\n\n","protected":false},"excerpt":{"rendered":"<p>NUEVO\u00a1Ahora puedes escuchar art\u00edculos de Fox News! Gran parte del mundo expres\u00f3 su preocupaci\u00f3n el viernes despu\u00e9s de los ataques de la madrugada de Israel en m\u00e1s de 100 objetivos en Ir\u00e1n, instando a ambas naciones a evitar una mayor escalada. Ir\u00e1n respondi\u00f3 con un contraataque de drones, e Israel declar\u00f3 que las huelgas fueron &hellip;<\/p>\n","protected":false},"author":1,"featured_media":31488,"comment_status":"open","ping_status":"open","sticky":false,"template":"","format":"standard","meta":{"fifu_image_url":"https:\/\/static.foxnews.com\/foxnews.com\/content\/uploads\/2025\/06\/gettyimages-2219206035-scaled.jpg","fifu_image_alt":"","footnotes":""},"categories":[13],"tags":[],"class_list":["post-31486","post","type-post","status-publish","format-standard","has-post-thumbnail","","category-mundo"],"_links":{"self":[{"href":"https:\/\/noticiasveraces.com\/index.php?rest_route=\/wp\/v2\/posts\/31486","targetHints":{"allow":["GET"]}}],"collection":[{"href":"https:\/\/noticiasveraces.com\/index.php?rest_route=\/wp\/v2\/posts"}],"about":[{"href":"https:\/\/noticiasveraces.com\/index.php?rest_route=\/wp\/v2\/types\/post"}],"author":[{"embeddable":true,"href":"https:\/\/noticiasveraces.com\/index.php?rest_route=\/wp\/v2\/users\/1"}],"replies":[{"embeddable":true,"href":"https:\/\/noticiasveraces.com\/index.php?rest_route=%2Fwp%2Fv2%2Fcomments&post=31486"}],"version-history":[{"count":0,"href":"https:\/\/noticiasveraces.com\/index.php?rest_route=\/wp\/v2\/posts\/31486\/revisions"}],"wp:featuredmedia":[{"embeddable":true,"href":"https:\/\/noticiasveraces.com\/index.php?rest_route=\/wp\/v2\/media\/31488"}],"wp:attachment":[{"href":"https:\/\/noticiasveraces.com\/index.php?rest_route=%2Fwp%2Fv2%2Fmedia&parent=31486"}],"wp:term":[{"taxonomy":"category","embeddable":true,"href":"https:\/\/noticiasveraces.com\/index.php?rest_route=%2Fwp%2Fv2%2Fcategories&post=31486"},{"taxonomy":"post_tag","embeddable":true,"href":"https:\/\/noticiasveraces.com\/index.php?rest_route=%2Fwp%2Fv2%2Ftags&post=31486"}],"curies":[{"name":"wp","href":"https:\/\/api.w.org\/{rel}","templated":true}]}}