{"id":31478,"date":"2025-06-13T08:01:47","date_gmt":"2025-06-13T12:01:47","guid":{"rendered":"https:\/\/noticiasveraces.com\/?p=31478"},"modified":"2025-06-13T08:01:47","modified_gmt":"2025-06-13T12:01:47","slug":"declaracion-de-guerra-iran-condena-a-los-ataques-aereos-de-israel-reemplaza-a-los-lideres-militares-asesinados","status":"publish","type":"post","link":"https:\/\/noticiasveraces.com\/?p=31478","title":{"rendered":"&#8216;Declaraci\u00f3n de guerra&#8217;: Ir\u00e1n condena a los ataques a\u00e9reos de Israel, reemplaza a los l\u00edderes militares asesinados"},"content":{"rendered":"<p> \n<\/p>\n<div>\n<div id=\"beyondwords-wrapper\" class=\"beyondwords-wrapper\">\n<p><span class=\"label-bg\">NUEVO<\/span>\u00a1Ahora puedes escuchar art\u00edculos de Fox News!\n  <\/p>\n<\/div>\n<p class=\"speakable\">El ministro de Relaciones Exteriores de Ir\u00e1n est\u00e1 llamando a los ataques de Israel en sus instalaciones nucleares y l\u00edderes militares una \u00abdeclaraci\u00f3n de guerra\u00bb el viernes, ya que Teher\u00e1n r\u00e1pidamente reemplaz\u00f3 a los principales comandantes que fueron asesinados en los ataques, seg\u00fan m\u00faltiples informes de los medios. <\/p>\n<p class=\"speakable\">Los comentarios del ministro de Relaciones Exteriores, Abbas Araghchi, cuando su departamento tambi\u00e9n emiti\u00f3 una declaraci\u00f3n alegando que la \u00abagresi\u00f3n de Israel contra Ir\u00e1n no podr\u00eda haberse llevado a cabo sin la coordinaci\u00f3n y aprobaci\u00f3n de los Estados Unidos\u00bb. <\/p>\n<p>\u00abEn consecuencia, el gobierno de los Estados Unidos, como patr\u00f3n principal de este r\u00e9gimen, tambi\u00e9n asumir\u00e1 la responsabilidad de las peligrosas repercusiones de las acciones imprudentes del r\u00e9gimen sionista\u00bb, dijo el Ministerio de Relaciones Exteriores iran\u00ed en un comunicado el viernes. <\/p>\n<p>El comandante en jefe del Cuerpo de la Guardia Revolucionaria Isl\u00e1mica (IRGC) Hossein Salami y el jefe de gabinete del pa\u00eds de las Fuerzas Armadas, el general Mohammad Bagheri, fueron asesinados por las huelgas de Israel. Hasta el viernes por la ma\u00f1ana, Ahmad Vahidi fue designado para reemplazar temporalmente a Salami, mientras que Habibol\u00e1 Sayyari reemplazar\u00e1 a Bagheri, inform\u00f3 el Jerusalem Post, citando a los medios iran\u00edes. <\/p>\n<p><strong>Actualizaciones en vivo: Israel lanza &#8216;Operaci\u00f3n Rising Lion&#8217; en Ir\u00e1n<\/strong> <\/p>\n<div class=\"image-ct inline\">\n<div class=\"m\"><picture><source media=\"(max-width: 767px)\" srcset=\"https:\/\/a57.foxnews.com\/static.foxnews.com\/foxnews.com\/content\/uploads\/2025\/06\/343\/192\/iranian-military.jpg?ve=1&amp;tl=1, https:\/\/a57.foxnews.com\/static.foxnews.com\/foxnews.com\/content\/uploads\/2025\/06\/686\/384\/iranian-military.jpg?ve=1&amp;tl=1 2x\" height=\"192\" width=\"343\"><source media=\"(min-width: 768px) and (max-width: 1023px)\" srcset=\"https:\/\/a57.foxnews.com\/static.foxnews.com\/foxnews.com\/content\/uploads\/2025\/06\/672\/378\/iranian-military.jpg?ve=1&amp;tl=1, https:\/\/a57.foxnews.com\/static.foxnews.com\/foxnews.com\/content\/uploads\/2025\/06\/1344\/756\/iranian-military.jpg?ve=1&amp;tl=1 2x\" height=\"378\" width=\"672\"><source media=\"(min-width: 1024px) and (max-width: 1279px)\" srcset=\"https:\/\/a57.foxnews.com\/static.foxnews.com\/foxnews.com\/content\/uploads\/2025\/06\/931\/523\/iranian-military.jpg?ve=1&amp;tl=1, https:\/\/a57.foxnews.com\/static.foxnews.com\/foxnews.com\/content\/uploads\/2025\/06\/1862\/1046\/iranian-military.jpg?ve=1&amp;tl=1 2x\" height=\"523\" width=\"931\"><source media=\"(min-width: 1280px)\" srcset=\"https:\/\/a57.foxnews.com\/static.foxnews.com\/foxnews.com\/content\/uploads\/2025\/06\/720\/405\/iranian-military.jpg?ve=1&amp;tl=1, https:\/\/a57.foxnews.com\/static.foxnews.com\/foxnews.com\/content\/uploads\/2025\/06\/1440\/810\/iranian-military.jpg?ve=1&amp;tl=1 2x\" height=\"405\" width=\"720\"><img loading=\"lazy\" decoding=\"async\" src=\"https:\/\/a57.foxnews.com\/static.foxnews.com\/foxnews.com\/content\/uploads\/2025\/06\/1200\/675\/iranian-military.jpg?ve=1&amp;tl=1\" alt=\"Salami y Bagheri de Ir\u00e1n en la reuni\u00f3n en Teher\u00e1n\" width=\"1200\" height=\"675\"\/><\/source><\/source><\/source><\/source><\/picture><\/div>\n<div class=\"info\">\n<div class=\"caption\">\n<p><span>El comandante del Cuerpo de la Guardia Revolucionaria Isl\u00e1mica, el mayor general del general Hossein Salami, tercero de la derecha, y el jefe de gabinete de las Fuerzas Armadas iran\u00edes, el mayor general Mohammad Bagheri, a la derecha, se ve durante una reuni\u00f3n con el l\u00edder supremo iran\u00ed Ayatol\u00e1 Ali Khamenei en Tehran, Iran, el 21 de abril de 2024.<\/span> <span>(Oficina del L\u00edder Supremo Iran\u00ed\/Wana\/Reuters)<\/span><\/p>\n<\/div>\n<\/div>\n<\/div>\n<p>Vahidi anteriormente ocup\u00f3 los roles del ministro de defensa y el ministro del Interior de Ir\u00e1n y una vez lider\u00f3 la Fuerza de Quercas de \u00e9lite (QF) del IRGC de 1988 a 1998, agreg\u00f3 el Post de Jerusal\u00e9n. Se\u00f1al\u00f3 que durante su tiempo con el IRGC-QF, Vahidi estaba vinculado al bombardeo de 1994 de un centro comunitario jud\u00edo en Buenos Aires, Argentina, que dej\u00f3 85 muertos. <\/p>\n<p>Sayyari es un ex marine que dirigi\u00f3 la Armada de Ir\u00e1n de 2007 a 2017. <\/p>\n<p><strong>Israel golpea el \u00abcoraz\u00f3n\u00bb del programa nuclear de Ir\u00e1n en la huelga de la instalaci\u00f3n de Natanz<\/strong><strong> <\/strong><\/p>\n<div class=\"image-ct inline\">\n<div class=\"m\"><picture><source media=\"(max-width: 767px)\" srcset=\"https:\/\/a57.foxnews.com\/static.foxnews.com\/foxnews.com\/content\/uploads\/2025\/06\/343\/192\/tehran-airstrike-damage.jpg?ve=1&amp;tl=1, https:\/\/a57.foxnews.com\/static.foxnews.com\/foxnews.com\/content\/uploads\/2025\/06\/686\/384\/tehran-airstrike-damage.jpg?ve=1&amp;tl=1 2x\" height=\"192\" width=\"343\"><source media=\"(min-width: 768px) and (max-width: 1023px)\" srcset=\"https:\/\/a57.foxnews.com\/static.foxnews.com\/foxnews.com\/content\/uploads\/2025\/06\/672\/378\/tehran-airstrike-damage.jpg?ve=1&amp;tl=1, https:\/\/a57.foxnews.com\/static.foxnews.com\/foxnews.com\/content\/uploads\/2025\/06\/1344\/756\/tehran-airstrike-damage.jpg?ve=1&amp;tl=1 2x\" height=\"378\" width=\"672\"><source media=\"(min-width: 1024px) and (max-width: 1279px)\" srcset=\"https:\/\/a57.foxnews.com\/static.foxnews.com\/foxnews.com\/content\/uploads\/2025\/06\/931\/523\/tehran-airstrike-damage.jpg?ve=1&amp;tl=1, https:\/\/a57.foxnews.com\/static.foxnews.com\/foxnews.com\/content\/uploads\/2025\/06\/1862\/1046\/tehran-airstrike-damage.jpg?ve=1&amp;tl=1 2x\" height=\"523\" width=\"931\"><source media=\"(min-width: 1280px)\" srcset=\"https:\/\/a57.foxnews.com\/static.foxnews.com\/foxnews.com\/content\/uploads\/2025\/06\/720\/405\/tehran-airstrike-damage.jpg?ve=1&amp;tl=1, https:\/\/a57.foxnews.com\/static.foxnews.com\/foxnews.com\/content\/uploads\/2025\/06\/1440\/810\/tehran-airstrike-damage.jpg?ve=1&amp;tl=1 2x\" height=\"405\" width=\"720\"><img loading=\"lazy\" decoding=\"async\" src=\"https:\/\/a57.foxnews.com\/static.foxnews.com\/foxnews.com\/content\/uploads\/2025\/06\/1200\/675\/tehran-airstrike-damage.jpg?ve=1&amp;tl=1\" alt=\"Da\u00f1o israel\u00ed del ataque a\u00e9reo en Teher\u00e1n, Ir\u00e1n\" width=\"1200\" height=\"675\"\/><\/source><\/source><\/source><\/source><\/picture><\/div>\n<div class=\"info\">\n<div class=\"caption\">\n<p><span>Los bomberos y las personas limpian la escena de una explosi\u00f3n en Teher\u00e1n, Ir\u00e1n, luego de los ataques a\u00e9reos israel\u00edes el viernes 13 de junio de 2025.<\/span> <span>(AP\/Vahid Salemi)<\/span><\/p>\n<\/div>\n<\/div>\n<\/div>\n<p>El Ministerio de Relaciones Exteriores de Ir\u00e1n dijo el viernes que las huelgas de Israel \u00abconstituyen una violaci\u00f3n del Art\u00edculo 2 (4) de la Carta de la ONU y un acto descarado de agresi\u00f3n contra la Rep\u00fablica Isl\u00e1mica de Ir\u00e1n.  <\/p>\n<p>\u00abDe acuerdo con el Art\u00edculo 51 de la Carta de la ONU, Ir\u00e1n se reserva el derecho leg\u00edtimo y legal de responder a esta agresi\u00f3n. Las fuerzas armadas de la Rep\u00fablica Isl\u00e1mica de Ir\u00e1n no dudar\u00e1n en defender la soberan\u00eda de Ir\u00e1n con plena fuerza y \u200b\u200bde la manera que consideran apropiada\u00bb, continu\u00f3. <\/p>\n<p>\u00abComo miembro fundador de las Naciones Unidas, una organizaci\u00f3n cuyo prop\u00f3sito es prevenir la agresi\u00f3n, las infracciones de la paz y las amenazas a la paz, la Rep\u00fablica Isl\u00e1mica de Ir\u00e1n subraya la obligaci\u00f3n del Consejo de Seguridad de tomar medidas inmediatas contra esta violaci\u00f3n de la paz y la seguridad internacionales, aparte del r\u00e9gimen del r\u00e9gimen de Sionista. <\/p>\n<div class=\"image-ct inline\">\n<div class=\"m\"><picture><source media=\"(max-width: 767px)\" srcset=\"https:\/\/a57.foxnews.com\/static.foxnews.com\/foxnews.com\/content\/uploads\/2025\/06\/343\/192\/israel-airstrike-on-iran.jpg?ve=1&amp;tl=1, https:\/\/a57.foxnews.com\/static.foxnews.com\/foxnews.com\/content\/uploads\/2025\/06\/686\/384\/israel-airstrike-on-iran.jpg?ve=1&amp;tl=1 2x\" height=\"192\" width=\"343\"><source media=\"(min-width: 768px) and (max-width: 1023px)\" srcset=\"https:\/\/a57.foxnews.com\/static.foxnews.com\/foxnews.com\/content\/uploads\/2025\/06\/672\/378\/israel-airstrike-on-iran.jpg?ve=1&amp;tl=1, https:\/\/a57.foxnews.com\/static.foxnews.com\/foxnews.com\/content\/uploads\/2025\/06\/1344\/756\/israel-airstrike-on-iran.jpg?ve=1&amp;tl=1 2x\" height=\"378\" width=\"672\"><source media=\"(min-width: 1024px) and (max-width: 1279px)\" srcset=\"https:\/\/a57.foxnews.com\/static.foxnews.com\/foxnews.com\/content\/uploads\/2025\/06\/931\/523\/israel-airstrike-on-iran.jpg?ve=1&amp;tl=1, https:\/\/a57.foxnews.com\/static.foxnews.com\/foxnews.com\/content\/uploads\/2025\/06\/1862\/1046\/israel-airstrike-on-iran.jpg?ve=1&amp;tl=1 2x\" height=\"523\" width=\"931\"><source media=\"(min-width: 1280px)\" srcset=\"https:\/\/a57.foxnews.com\/static.foxnews.com\/foxnews.com\/content\/uploads\/2025\/06\/720\/405\/israel-airstrike-on-iran.jpg?ve=1&amp;tl=1, https:\/\/a57.foxnews.com\/static.foxnews.com\/foxnews.com\/content\/uploads\/2025\/06\/1440\/810\/israel-airstrike-on-iran.jpg?ve=1&amp;tl=1 2x\" height=\"405\" width=\"720\"><img loading=\"lazy\" decoding=\"async\" src=\"https:\/\/a57.foxnews.com\/static.foxnews.com\/foxnews.com\/content\/uploads\/2025\/06\/1200\/675\/israel-airstrike-on-iran.jpg?ve=1&amp;tl=1\" alt=\"Explosi\u00f3n en Teher\u00e1n, Ir\u00e1n\" width=\"1200\" height=\"675\"\/><\/source><\/source><\/source><\/source><\/picture><\/div>\n<div class=\"info\">\n<div class=\"caption\">\n<p><span>El humo se eleva despu\u00e9s de una explosi\u00f3n en Teher\u00e1n, Ir\u00e1n, el viernes 13 de junio de 2025.<\/span> <span>(AP\/Vahid Salemi)<\/span><\/p>\n<\/div>\n<\/div>\n<\/div>\n<p><strong>Haga clic aqu\u00ed para obtener la aplicaci\u00f3n Fox News<\/strong><strong> <\/strong><\/p>\n<p>\u00abLas consecuencias graves y de gran alcance de la agresi\u00f3n del r\u00e9gimen sionista contra nuestra amada patria, Ir\u00e1n, descansar\u00e1n completamente sobre este r\u00e9gimen y sus partidarios\u00bb, dijo tambi\u00e9n. <\/p>\n<p> <!----> <\/p>\n<div class=\"article-meta\">\n<div class=\"author-bio\">\n<p>Greg Norman es reportero de Fox News Digital.<\/p>\n<\/div>\n<\/div>\n<\/div>\n\n","protected":false},"excerpt":{"rendered":"<p>NUEVO\u00a1Ahora puedes escuchar art\u00edculos de Fox News! El ministro de Relaciones Exteriores de Ir\u00e1n est\u00e1 llamando a los ataques de Israel en sus instalaciones nucleares y l\u00edderes militares una \u00abdeclaraci\u00f3n de guerra\u00bb el viernes, ya que Teher\u00e1n r\u00e1pidamente reemplaz\u00f3 a los principales comandantes que fueron asesinados en los ataques, seg\u00fan m\u00faltiples informes de los medios. &hellip;<\/p>\n","protected":false},"author":1,"featured_media":31480,"comment_status":"open","ping_status":"open","sticky":false,"template":"","format":"standard","meta":{"fifu_image_url":"https:\/\/static.foxnews.com\/foxnews.com\/content\/uploads\/2025\/06\/iranian-military.jpg","fifu_image_alt":"","footnotes":""},"categories":[13],"tags":[],"class_list":["post-31478","post","type-post","status-publish","format-standard","has-post-thumbnail","","category-mundo"],"_links":{"self":[{"href":"https:\/\/noticiasveraces.com\/index.php?rest_route=\/wp\/v2\/posts\/31478","targetHints":{"allow":["GET"]}}],"collection":[{"href":"https:\/\/noticiasveraces.com\/index.php?rest_route=\/wp\/v2\/posts"}],"about":[{"href":"https:\/\/noticiasveraces.com\/index.php?rest_route=\/wp\/v2\/types\/post"}],"author":[{"embeddable":true,"href":"https:\/\/noticiasveraces.com\/index.php?rest_route=\/wp\/v2\/users\/1"}],"replies":[{"embeddable":true,"href":"https:\/\/noticiasveraces.com\/index.php?rest_route=%2Fwp%2Fv2%2Fcomments&post=31478"}],"version-history":[{"count":0,"href":"https:\/\/noticiasveraces.com\/index.php?rest_route=\/wp\/v2\/posts\/31478\/revisions"}],"wp:featuredmedia":[{"embeddable":true,"href":"https:\/\/noticiasveraces.com\/index.php?rest_route=\/wp\/v2\/media\/31480"}],"wp:attachment":[{"href":"https:\/\/noticiasveraces.com\/index.php?rest_route=%2Fwp%2Fv2%2Fmedia&parent=31478"}],"wp:term":[{"taxonomy":"category","embeddable":true,"href":"https:\/\/noticiasveraces.com\/index.php?rest_route=%2Fwp%2Fv2%2Fcategories&post=31478"},{"taxonomy":"post_tag","embeddable":true,"href":"https:\/\/noticiasveraces.com\/index.php?rest_route=%2Fwp%2Fv2%2Ftags&post=31478"}],"curies":[{"name":"wp","href":"https:\/\/api.w.org\/{rel}","templated":true}]}}