{"id":31474,"date":"2025-06-13T07:00:21","date_gmt":"2025-06-13T11:00:21","guid":{"rendered":"https:\/\/noticiasveraces.com\/?p=31474"},"modified":"2025-06-13T07:00:21","modified_gmt":"2025-06-13T11:00:21","slug":"cuarta-noche-de-protestas-antiinmigracion-dw-13-06-2025","status":"publish","type":"post","link":"https:\/\/noticiasveraces.com\/?p=31474","title":{"rendered":"cuarta noche de protestas antiinmigraci\u00f3n \u2013 DW \u2013 13\/06\/2025"},"content":{"rendered":"<p> \n<\/p>\n<div>\n<p>Manifestantes antiinmigraci\u00f3n se enfrentaron en la localidad de Portadown, en el norte de la provincia brit\u00e1nica, a la Polic\u00eda norirlandesa (PSNI), que efectu\u00f3 varios arrestos en la cuarta noche consecutiva de disturbios por motivos raciales, informaron este viernes fuentes oficiales.<\/p>\n<p>Los violentos atacaron a unidades de orden p\u00fablico de la PSNI con piedras y otros objetos, despu\u00e9s de una manifestaci\u00f3n antiinmigraci\u00f3n en la que participaron unas 400 personas y que transcurri\u00f3 por el centro de Portadown sin incidentes.<\/p>\n<figure class=\"placeholder-image master_landscape big\"><img data-format=\"MASTER_LANDSCAPE\" data-id=\"72879706\" data-url=\"https:\/\/static.dw.com\/image\/72879706_${formatId}.jpg\" data-aspect-ratio=\"16\/9\" alt=\"Un hombre junto a un veh\u00edculo quemado en Ballymena, Irlanda del Norte.\" style=\"padding-bottom: 56.25%; height: 0; max-height: 0;\"\/><figcaption class=\"img-caption\">Un veh\u00edculo quemado en Ballymena, Irlanda del Norte, donde comenzaron las protestas antiinmigraci\u00f3n.<small class=\"copyright\">Imagen: Paul Faith\/AFP<\/small><\/figcaption><\/figure>\n<p>La PSNI despleg\u00f3 en esa localidad un fuerte dispositivo de seguridad, reforzado con un helic\u00f3ptero, para vigilar la protesta, de la que se desligaron despu\u00e9s un n\u00famero de individuos para enfrentarse a los agentes.  <\/p>\n<p>Se cree que el incendio de una casa en la ciudad de Coleraine fue provocado deliberadamente por motivos raciales. \u00abUna familia con tres ni\u00f1os peque\u00f1os fue evacuada de la casa\u00bb, declar\u00f3 la Polic\u00eda.<\/p>\n<p>En la ciudad de Ballymena no se registraron incidentes la pasada noche. All\u00ed fue donde estallaron estos disturbios el pasado lunes tras una protesta pac\u00edfica organizada para apoyar a la familia de una ni\u00f1a que ha sido presuntamente v\u00edctima de una agresi\u00f3n sexual.<\/p>\n<figure class=\"placeholder-image master_landscape big\"><img data-format=\"MASTER_LANDSCAPE\" data-id=\"72879234\" data-url=\"https:\/\/static.dw.com\/image\/72879234_${formatId}.jpg\" data-aspect-ratio=\"16\/9\" alt=\"Un manifestante lanza objetos a coches policiales durante las protestas en Ballymena.\" style=\"padding-bottom: 56.25%; height: 0; max-height: 0;\"\/><figcaption class=\"img-caption\">Un manifestante lanza objetos a coches policiales durante las protestas en Ballymena, Irlanda del Norte contra inmigrantes luego de una protesta pac\u00edfica.<small class=\"copyright\">Imagen: Paul Faith\/AFP<\/small><\/figcaption><\/figure>\n<p>La PSNI confirm\u00f3 hoy que 41 agentes han resultado heridos en enfrentamientos con elementos que ha calificado de \u00abmatones racistas\u00bb, al tiempo que ha efectuado 15 arrestos y prev\u00e9 m\u00e1s detenciones en los pr\u00f3ximos d\u00edas con la revisi\u00f3n de c\u00e1maras de seguridad.<\/p>\n<p>Ante la escalada de la violencia, la Polic\u00eda de Escocia ha enviado a la regi\u00f3n 80 efectivos para ayudar a la fuerza aut\u00f3noma, en virtud del acuerdo de cooperaci\u00f3n entre cuerpos del Reino Unido.<\/p>\n<p>El superintendente de la PSNI, Jon Boutcher, ha pedido a la Justicia que act\u00fae con severidad para imponer \u00ablargas sentencias de c\u00e1rcel\u00bb que sirvan como \u00abelemento disuasorio\u00bb.<\/p>\n<p>CP (EFE, DPA)<\/p>\n<\/div>\n\n","protected":false},"excerpt":{"rendered":"<p>Manifestantes antiinmigraci\u00f3n se enfrentaron en la localidad de Portadown, en el norte de la provincia brit\u00e1nica, a la Polic\u00eda norirlandesa (PSNI), que efectu\u00f3 varios arrestos en la cuarta noche consecutiva de disturbios por motivos raciales, informaron este viernes fuentes oficiales. Los violentos atacaron a unidades de orden p\u00fablico de la PSNI con piedras y otros &hellip;<\/p>\n","protected":false},"author":1,"featured_media":31475,"comment_status":"open","ping_status":"open","sticky":false,"template":"","format":"standard","meta":{"fifu_image_url":"https:\/\/static.dw.com\/image\/72879327_6.jpg","fifu_image_alt":"","footnotes":""},"categories":[13],"tags":[],"class_list":["post-31474","post","type-post","status-publish","format-standard","has-post-thumbnail","","category-mundo"],"_links":{"self":[{"href":"https:\/\/noticiasveraces.com\/index.php?rest_route=\/wp\/v2\/posts\/31474","targetHints":{"allow":["GET"]}}],"collection":[{"href":"https:\/\/noticiasveraces.com\/index.php?rest_route=\/wp\/v2\/posts"}],"about":[{"href":"https:\/\/noticiasveraces.com\/index.php?rest_route=\/wp\/v2\/types\/post"}],"author":[{"embeddable":true,"href":"https:\/\/noticiasveraces.com\/index.php?rest_route=\/wp\/v2\/users\/1"}],"replies":[{"embeddable":true,"href":"https:\/\/noticiasveraces.com\/index.php?rest_route=%2Fwp%2Fv2%2Fcomments&post=31474"}],"version-history":[{"count":0,"href":"https:\/\/noticiasveraces.com\/index.php?rest_route=\/wp\/v2\/posts\/31474\/revisions"}],"wp:featuredmedia":[{"embeddable":true,"href":"https:\/\/noticiasveraces.com\/index.php?rest_route=\/wp\/v2\/media\/31475"}],"wp:attachment":[{"href":"https:\/\/noticiasveraces.com\/index.php?rest_route=%2Fwp%2Fv2%2Fmedia&parent=31474"}],"wp:term":[{"taxonomy":"category","embeddable":true,"href":"https:\/\/noticiasveraces.com\/index.php?rest_route=%2Fwp%2Fv2%2Fcategories&post=31474"},{"taxonomy":"post_tag","embeddable":true,"href":"https:\/\/noticiasveraces.com\/index.php?rest_route=%2Fwp%2Fv2%2Ftags&post=31474"}],"curies":[{"name":"wp","href":"https:\/\/api.w.org\/{rel}","templated":true}]}}