{"id":31466,"date":"2025-06-13T04:57:57","date_gmt":"2025-06-13T08:57:57","guid":{"rendered":"https:\/\/noticiasveraces.com\/?p=31466"},"modified":"2025-06-13T04:57:57","modified_gmt":"2025-06-13T08:57:57","slug":"trump-sabia-de-los-ataques-de-israel-sobre-iran-antes-de-que-sucedieran","status":"publish","type":"post","link":"https:\/\/noticiasveraces.com\/?p=31466","title":{"rendered":"Trump sab\u00eda de los ataques de Israel sobre Ir\u00e1n antes de que sucedieran"},"content":{"rendered":"<p> \n<\/p>\n<div>\n<div id=\"beyondwords-wrapper\" class=\"beyondwords-wrapper\">\n<p><span class=\"label-bg\">NUEVO<\/span>\u00a1Ahora puedes escuchar art\u00edculos de Fox News!\n  <\/p>\n<\/div>\n<p class=\"speakable\">El presidente Donald Trump dijo el jueves al principal presentador pol\u00edtico de Fox News Channel, Bret Baier.<\/p>\n<p class=\"speakable\">\u00abIr\u00e1n no puede tener una bomba nuclear, y esperamos volver a la mesa de negociaciones. Veremos. Hay varias personas en liderazgo en Ir\u00e1n que no volver\u00e1n\u00bb, dijo Trump.<\/p>\n<p>Los ataques israel\u00edes sobre Ir\u00e1n mataron a tres de los principales comandantes militares del pa\u00eds, incluido el comandante del Cuerpo de la Guardia Revolucionaria Isl\u00e1mica (IRGC) Hossein Salami, jefe de las fuerzas armadas iran\u00edes Mohammad Hossein Bagheri y comandante del comando de emergencia de Ir\u00e1n Gholam-ali Rashid. <\/p>\n<p>Trump ha hablado con el primer ministro israel\u00ed Benjamin Netanyahu varias veces en los \u00faltimos d\u00edas.<\/p>\n<p><strong>Israel lanza una huelga general contra Ir\u00e1n, mientras que la administraci\u00f3n de Trump busca una soluci\u00f3n diplom\u00e1tica<\/strong><\/p>\n<div class=\"image-ct inline\">\n<div class=\"m\"><picture><source media=\"(max-width: 767px)\" srcset=\"https:\/\/a57.foxnews.com\/static.foxnews.com\/foxnews.com\/content\/uploads\/2025\/06\/343\/192\/trump-iran-israel-strike.png?ve=1&amp;tl=1, https:\/\/a57.foxnews.com\/static.foxnews.com\/foxnews.com\/content\/uploads\/2025\/06\/686\/384\/trump-iran-israel-strike.png?ve=1&amp;tl=1 2x\" height=\"192\" width=\"343\"><source media=\"(min-width: 768px) and (max-width: 1023px)\" srcset=\"https:\/\/a57.foxnews.com\/static.foxnews.com\/foxnews.com\/content\/uploads\/2025\/06\/672\/378\/trump-iran-israel-strike.png?ve=1&amp;tl=1, https:\/\/a57.foxnews.com\/static.foxnews.com\/foxnews.com\/content\/uploads\/2025\/06\/1344\/756\/trump-iran-israel-strike.png?ve=1&amp;tl=1 2x\" height=\"378\" width=\"672\"><source media=\"(min-width: 1024px) and (max-width: 1279px)\" srcset=\"https:\/\/a57.foxnews.com\/static.foxnews.com\/foxnews.com\/content\/uploads\/2025\/06\/931\/523\/trump-iran-israel-strike.png?ve=1&amp;tl=1, https:\/\/a57.foxnews.com\/static.foxnews.com\/foxnews.com\/content\/uploads\/2025\/06\/1862\/1046\/trump-iran-israel-strike.png?ve=1&amp;tl=1 2x\" height=\"523\" width=\"931\"><source media=\"(min-width: 1280px)\" srcset=\"https:\/\/a57.foxnews.com\/static.foxnews.com\/foxnews.com\/content\/uploads\/2025\/06\/720\/405\/trump-iran-israel-strike.png?ve=1&amp;tl=1, https:\/\/a57.foxnews.com\/static.foxnews.com\/foxnews.com\/content\/uploads\/2025\/06\/1440\/810\/trump-iran-israel-strike.png?ve=1&amp;tl=1 2x\" height=\"405\" width=\"720\"><img loading=\"lazy\" decoding=\"async\" src=\"https:\/\/a57.foxnews.com\/static.foxnews.com\/foxnews.com\/content\/uploads\/2025\/06\/1200\/675\/trump-iran-israel-strike.png?ve=1&amp;tl=1\" alt=\"Divisi\u00f3n de imagen, Trump e israel\u00ed huele contra Ir\u00e1n.\" width=\"1200\" height=\"675\"\/><\/source><\/source><\/source><\/source><\/picture><\/div>\n<div class=\"info\">\n<div class=\"caption\">\n<p><span>Trump le dice a Bret Baier de Fox News que estaba al tanto del plan de Israel de disparar contra Ir\u00e1n antes de que sucediera.<\/span> <span>(Getty Images)<\/span><\/p>\n<\/div>\n<\/div>\n<\/div>\n<p>La administraci\u00f3n Trump contact\u00f3 al menos un aliado clave del Medio Oriente para reconocer que la huelga iba a suceder, pero dijo que Estados Unidos no estaba involucrado en las huelgas.<\/p>\n<div class=\"image-ct inline\">\n<div class=\"m\"><picture><source media=\"(max-width: 767px)\" srcset=\"https:\/\/a57.foxnews.com\/static.foxnews.com\/foxnews.com\/content\/uploads\/2025\/06\/343\/192\/tehran-bombing-firefighter.jpg?ve=1&amp;tl=1, https:\/\/a57.foxnews.com\/static.foxnews.com\/foxnews.com\/content\/uploads\/2025\/06\/686\/384\/tehran-bombing-firefighter.jpg?ve=1&amp;tl=1 2x\" height=\"192\" width=\"343\"><source media=\"(min-width: 768px) and (max-width: 1023px)\" srcset=\"https:\/\/a57.foxnews.com\/static.foxnews.com\/foxnews.com\/content\/uploads\/2025\/06\/672\/378\/tehran-bombing-firefighter.jpg?ve=1&amp;tl=1, https:\/\/a57.foxnews.com\/static.foxnews.com\/foxnews.com\/content\/uploads\/2025\/06\/1344\/756\/tehran-bombing-firefighter.jpg?ve=1&amp;tl=1 2x\" height=\"378\" width=\"672\"><source media=\"(min-width: 1024px) and (max-width: 1279px)\" srcset=\"https:\/\/a57.foxnews.com\/static.foxnews.com\/foxnews.com\/content\/uploads\/2025\/06\/931\/523\/tehran-bombing-firefighter.jpg?ve=1&amp;tl=1, https:\/\/a57.foxnews.com\/static.foxnews.com\/foxnews.com\/content\/uploads\/2025\/06\/1862\/1046\/tehran-bombing-firefighter.jpg?ve=1&amp;tl=1 2x\" height=\"523\" width=\"931\"><source media=\"(min-width: 1280px)\" srcset=\"https:\/\/a57.foxnews.com\/static.foxnews.com\/foxnews.com\/content\/uploads\/2025\/06\/720\/405\/tehran-bombing-firefighter.jpg?ve=1&amp;tl=1, https:\/\/a57.foxnews.com\/static.foxnews.com\/foxnews.com\/content\/uploads\/2025\/06\/1440\/810\/tehran-bombing-firefighter.jpg?ve=1&amp;tl=1 2x\" height=\"405\" width=\"720\"><img loading=\"lazy\" decoding=\"async\" src=\"https:\/\/a57.foxnews.com\/static.foxnews.com\/foxnews.com\/content\/uploads\/2025\/06\/1200\/675\/tehran-bombing-firefighter.jpg?ve=1&amp;tl=1\" alt=\"Un bombero parado bajo un edificio da\u00f1ado en Teher\u00e1n, Ir\u00e1n, luego de ataques a\u00e9reos por Israel.\" width=\"1200\" height=\"675\"\/><\/source><\/source><\/source><\/source><\/picture><\/div>\n<div class=\"info\">\n<div class=\"caption\">\n<p><span>Un bombero llama a sus colegas en la escena de una explosi\u00f3n en un complejo de residencia en el norte de Teher\u00e1n, Ir\u00e1n, el viernes 13 de junio de 2025. <\/span> <span>(AP Photo\/Vahid Salemi)<\/span><\/p>\n<\/div>\n<\/div>\n<\/div>\n<p>El presidente dijo que espera que Ir\u00e1n regrese a la mesa de negociaciones, aunque Ir\u00e1n ha se\u00f1alado su intenci\u00f3n de retirarse de otras conversaciones. El enviado especial de los Estados Unidos Steve Witkoff y su equipo hab\u00edan estado programados para reunirse con sus hom\u00f3logos iran\u00edes en Om\u00e1n el domingo.<\/p>\n<div class=\"image-ct inline\">\n<div class=\"m\"><picture><source media=\"(max-width: 767px)\" srcset=\"https:\/\/a57.foxnews.com\/static.foxnews.com\/foxnews.com\/content\/uploads\/2025\/06\/343\/192\/natanz-facility-iran.jpg?ve=1&amp;tl=1, https:\/\/a57.foxnews.com\/static.foxnews.com\/foxnews.com\/content\/uploads\/2025\/06\/686\/384\/natanz-facility-iran.jpg?ve=1&amp;tl=1 2x\" height=\"192\" width=\"343\"><source media=\"(min-width: 768px) and (max-width: 1023px)\" srcset=\"https:\/\/a57.foxnews.com\/static.foxnews.com\/foxnews.com\/content\/uploads\/2025\/06\/672\/378\/natanz-facility-iran.jpg?ve=1&amp;tl=1, https:\/\/a57.foxnews.com\/static.foxnews.com\/foxnews.com\/content\/uploads\/2025\/06\/1344\/756\/natanz-facility-iran.jpg?ve=1&amp;tl=1 2x\" height=\"378\" width=\"672\"><source media=\"(min-width: 1024px) and (max-width: 1279px)\" srcset=\"https:\/\/a57.foxnews.com\/static.foxnews.com\/foxnews.com\/content\/uploads\/2025\/06\/931\/523\/natanz-facility-iran.jpg?ve=1&amp;tl=1, https:\/\/a57.foxnews.com\/static.foxnews.com\/foxnews.com\/content\/uploads\/2025\/06\/1862\/1046\/natanz-facility-iran.jpg?ve=1&amp;tl=1 2x\" height=\"523\" width=\"931\"><source media=\"(min-width: 1280px)\" srcset=\"https:\/\/a57.foxnews.com\/static.foxnews.com\/foxnews.com\/content\/uploads\/2025\/06\/720\/405\/natanz-facility-iran.jpg?ve=1&amp;tl=1, https:\/\/a57.foxnews.com\/static.foxnews.com\/foxnews.com\/content\/uploads\/2025\/06\/1440\/810\/natanz-facility-iran.jpg?ve=1&amp;tl=1 2x\" height=\"405\" width=\"720\"><img loading=\"lazy\" decoding=\"async\" src=\"https:\/\/a57.foxnews.com\/static.foxnews.com\/foxnews.com\/content\/uploads\/2025\/06\/1200\/675\/natanz-facility-iran.jpg?ve=1&amp;tl=1\" alt=\"Instalaci\u00f3n de Natanz\" width=\"1200\" height=\"675\"\/><\/source><\/source><\/source><\/source><\/picture><\/div>\n<div class=\"info\">\n<div class=\"caption\">\n<p><span>Esta foto satelital de Planet Labs PBC muestra la instalaci\u00f3n nuclear de Natanz en Ir\u00e1n el 20 de mayo de 2025.<\/span> <span>(Planet Labs PBC a trav\u00e9s de AP)<\/span><\/p>\n<\/div>\n<\/div>\n<\/div>\n<p>Las fuerzas israel\u00edes utilizaron alrededor de 200 aviones de combate para atacar objetivos en Ir\u00e1n, destruyendo docenas de radares y lanzadores de misiles superficiales, as\u00ed como instalaciones nucleares. Ir\u00e1n lanz\u00f3 alrededor de 100 drones de represalia hacia Israel horas despu\u00e9s, lo que las fuerzas israel\u00edes dijeron que estaban trabajando para interceptar. <\/p>\n<div class=\"image-ct inline\">\n<div class=\"m\"><picture><source media=\"(max-width: 767px)\" srcset=\"https:\/\/a57.foxnews.com\/static.foxnews.com\/foxnews.com\/content\/uploads\/2025\/06\/343\/192\/tehran-bombing-smoke.jpg?ve=1&amp;tl=1, https:\/\/a57.foxnews.com\/static.foxnews.com\/foxnews.com\/content\/uploads\/2025\/06\/686\/384\/tehran-bombing-smoke.jpg?ve=1&amp;tl=1 2x\" height=\"192\" width=\"343\"><source media=\"(min-width: 768px) and (max-width: 1023px)\" srcset=\"https:\/\/a57.foxnews.com\/static.foxnews.com\/foxnews.com\/content\/uploads\/2025\/06\/672\/378\/tehran-bombing-smoke.jpg?ve=1&amp;tl=1, https:\/\/a57.foxnews.com\/static.foxnews.com\/foxnews.com\/content\/uploads\/2025\/06\/1344\/756\/tehran-bombing-smoke.jpg?ve=1&amp;tl=1 2x\" height=\"378\" width=\"672\"><source media=\"(min-width: 1024px) and (max-width: 1279px)\" srcset=\"https:\/\/a57.foxnews.com\/static.foxnews.com\/foxnews.com\/content\/uploads\/2025\/06\/931\/523\/tehran-bombing-smoke.jpg?ve=1&amp;tl=1, https:\/\/a57.foxnews.com\/static.foxnews.com\/foxnews.com\/content\/uploads\/2025\/06\/1862\/1046\/tehran-bombing-smoke.jpg?ve=1&amp;tl=1 2x\" height=\"523\" width=\"931\"><source media=\"(min-width: 1280px)\" srcset=\"https:\/\/a57.foxnews.com\/static.foxnews.com\/foxnews.com\/content\/uploads\/2025\/06\/720\/405\/tehran-bombing-smoke.jpg?ve=1&amp;tl=1, https:\/\/a57.foxnews.com\/static.foxnews.com\/foxnews.com\/content\/uploads\/2025\/06\/1440\/810\/tehran-bombing-smoke.jpg?ve=1&amp;tl=1 2x\" height=\"405\" width=\"720\"><img loading=\"lazy\" decoding=\"async\" src=\"https:\/\/a57.foxnews.com\/static.foxnews.com\/foxnews.com\/content\/uploads\/2025\/06\/1200\/675\/tehran-bombing-smoke.jpg?ve=1&amp;tl=1\" alt=\"El humo se eleva en Teher\u00e1n, Ir\u00e1n despu\u00e9s de bombardeos ejecutados por Israel.\" width=\"1200\" height=\"675\"\/><\/source><\/source><\/source><\/source><\/picture><\/div>\n<div class=\"info\">\n<div class=\"caption\">\n<p><span>El humo se eleva desde un lugar supuestamente dirigido a la ola de huelgas de Israel en Teher\u00e1n, Ir\u00e1n, a primera hora de la ma\u00f1ana del 13 de junio de 2025. <\/span> <span>(SAN\/Medio Oriente\/AFP a trav\u00e9s de Getty Images)<\/span><\/p>\n<\/div>\n<\/div>\n<\/div>\n<p>Trump dijo que est\u00e1 atendiendo cualquier represalia, y el Comando Central de los Estados Unidos (Centom) est\u00e1 en alerta m\u00e1xima. Se\u00f1al\u00f3 que Estados Unidos est\u00e1 listo para defenderse a s\u00ed mismo y a Israel si Ir\u00e1n toma represalias. En las \u00faltimas semanas, Estados Unidos ha reponido los misiles de Iron Dome. <\/p>\n<p><strong>Haga clic aqu\u00ed para obtener la aplicaci\u00f3n Fox News<\/strong><\/p>\n<p>Se espera que el presidente asista a una reuni\u00f3n del Consejo de Seguridad Nacional m\u00e1s tarde el viernes por la ma\u00f1ana. <\/p>\n<p><i>Jennifer Griffin de Fox News contribuy\u00f3 a este informe. <\/i><\/p>\n<p> <!----> <\/p>\n<div class=\"article-meta\">\n<div class=\"author-bio\">\n<p>Bradford Betz es un reportero de Fox News Digital Breaking que cubre el crimen, los problemas pol\u00edticos y mucho m\u00e1s. <\/p>\n<\/div>\n<\/div>\n<\/div>\n\n","protected":false},"excerpt":{"rendered":"<p>NUEVO\u00a1Ahora puedes escuchar art\u00edculos de Fox News! El presidente Donald Trump dijo el jueves al principal presentador pol\u00edtico de Fox News Channel, Bret Baier. \u00abIr\u00e1n no puede tener una bomba nuclear, y esperamos volver a la mesa de negociaciones. Veremos. Hay varias personas en liderazgo en Ir\u00e1n que no volver\u00e1n\u00bb, dijo Trump. Los ataques israel\u00edes &hellip;<\/p>\n","protected":false},"author":1,"featured_media":31468,"comment_status":"open","ping_status":"open","sticky":false,"template":"","format":"standard","meta":{"fifu_image_url":"https:\/\/static.foxnews.com\/foxnews.com\/content\/uploads\/2025\/06\/trump-iran-israel-strike.png","fifu_image_alt":"","footnotes":""},"categories":[13],"tags":[],"class_list":["post-31466","post","type-post","status-publish","format-standard","has-post-thumbnail","","category-mundo"],"_links":{"self":[{"href":"https:\/\/noticiasveraces.com\/index.php?rest_route=\/wp\/v2\/posts\/31466","targetHints":{"allow":["GET"]}}],"collection":[{"href":"https:\/\/noticiasveraces.com\/index.php?rest_route=\/wp\/v2\/posts"}],"about":[{"href":"https:\/\/noticiasveraces.com\/index.php?rest_route=\/wp\/v2\/types\/post"}],"author":[{"embeddable":true,"href":"https:\/\/noticiasveraces.com\/index.php?rest_route=\/wp\/v2\/users\/1"}],"replies":[{"embeddable":true,"href":"https:\/\/noticiasveraces.com\/index.php?rest_route=%2Fwp%2Fv2%2Fcomments&post=31466"}],"version-history":[{"count":0,"href":"https:\/\/noticiasveraces.com\/index.php?rest_route=\/wp\/v2\/posts\/31466\/revisions"}],"wp:featuredmedia":[{"embeddable":true,"href":"https:\/\/noticiasveraces.com\/index.php?rest_route=\/wp\/v2\/media\/31468"}],"wp:attachment":[{"href":"https:\/\/noticiasveraces.com\/index.php?rest_route=%2Fwp%2Fv2%2Fmedia&parent=31466"}],"wp:term":[{"taxonomy":"category","embeddable":true,"href":"https:\/\/noticiasveraces.com\/index.php?rest_route=%2Fwp%2Fv2%2Fcategories&post=31466"},{"taxonomy":"post_tag","embeddable":true,"href":"https:\/\/noticiasveraces.com\/index.php?rest_route=%2Fwp%2Fv2%2Ftags&post=31466"}],"curies":[{"name":"wp","href":"https:\/\/api.w.org\/{rel}","templated":true}]}}