{"id":31460,"date":"2025-06-13T04:21:22","date_gmt":"2025-06-13T08:21:22","guid":{"rendered":"https:\/\/noticiasveraces.com\/?p=31460"},"modified":"2025-06-13T04:21:22","modified_gmt":"2025-06-13T08:21:22","slug":"la-pelicula-de-guerra-devastadora-deja-a-los-espectadores-llorando-su-corazon-peliculas-entretenimiento","status":"publish","type":"post","link":"https:\/\/noticiasveraces.com\/?p=31460","title":{"rendered":"La pel\u00edcula de guerra &#8216;devastadora&#8217; deja a los espectadores &#8216;llorando su coraz\u00f3n&#8217; | Pel\u00edculas | Entretenimiento"},"content":{"rendered":"<p> \n<\/p>\n<div>\n<p>M\u00e1s de 15 a\u00f1os despu\u00e9s de su lanzamiento, los espectadores est\u00e1n luchando por pasar de esta pel\u00edcula, todav\u00eda llam\u00e1ndola \u00ababsolutamente devastador\u00bb.<\/p>\n<p data-mce-linkchecker-status=\"valid\">Asa Butterfield interpreta el papel principal de un ni\u00f1o de ocho a\u00f1os en el ni\u00f1o en el pijama a rayas, ambientado durante los horrores de la Segunda Guerra Mundial. Basado en la novela de John Boyne, el drama se desarrolla en el contexto de Polonia ocupada por los nazi y no rehuye una historia intensa que deja a los espectadores llorando.<\/p>\n<p>Una revisi\u00f3n de Rotten Tomatoes afirm\u00f3: \u00abUna historia tan desgarradora sobre el amor, la amistad y los horrores inimaginables del Holocausto. Aparte de la lista de Schindler, nunca he sollozado tanto en mi vida\u00bb.<\/p>\n<p>Lanzada en 2008, la pel\u00edcula est\u00e1 protagonizada por el actor de educaci\u00f3n sexual de Netflix como Little Bruno, cuyo padre es un oficial de las SS cuya promoci\u00f3n requiere que la familia se mude y se mude a Polonia. Al explorar un d\u00eda, el ni\u00f1o tropieza con un campo de concentraci\u00f3n que \u00e9l cree que es una granja cerca de la parte trasera de su jard\u00edn, donde su madre pronto lo proh\u00edbe jugar.<\/p>\n<p>En un acto de rebeli\u00f3n, Bruno se escabulle en el bosque y se encuentra con una cerca de alambre de p\u00faas que rodea el campamento. Es aqu\u00ed donde conoce a un ni\u00f1o de la misma edad llamado Smuel, y comienza su amistad.<\/p>\n<\/div>\n<div>\n<p>D\u00eda en el d\u00eda, comienza a visitar a Smuel en el Otheride of the Fence y le trae ofrendas de comida. Pronto se entera de que su nuevo amigo es, de hecho, un jud\u00edo, que sus padres trajeron al campamento.<\/p>\n<p>Una rese\u00f1a dice: \u00abEsta pel\u00edcula me hizo llorar despu\u00e9s de conocer la trama. Me rompe el coraz\u00f3n viendo el giro de la trama de la historia. Al ver que Bruno lamentaba y quer\u00eda ayudar a Shmuel, pero termin\u00f3 en un destino retorcido, me rompe terriblemente. Definitivamente dir\u00eda que esta es una pel\u00edcula que debes ver si quieres llorar\u00bb.<\/p>\n<p>Alguien m\u00e1s dijo: \u00abEl ni\u00f1o en el pijama a rayas es una obra maestra. Altamente absorbente y conmovedora. Me hace llorar cada vez que lo veo. Absolutamente me encanta. Una de mis favoritas de todos los tiempos. Es una de esas pel\u00edculas que va directamente al coraz\u00f3n\u00bb.<\/p>\n<p>Sin embargo, desde su lanzamiento, muchos han criticado la pel\u00edcula por su representaci\u00f3n del tiempo hist\u00f3rico y sienten que puede crear una simpat\u00eda en torno a los perpetractores del Holocausto. Una revisi\u00f3n afirma: \u00abLa historia es exactamente lo que sale cuando un cineasta so\u00f1ador e ignorante intenta inventar un drama clich\u00e9 del Holocausto en su propia burbuja de Hollywood.<\/p>\n<\/div>\n<div>\n<p>Lo que vale la pena se\u00f1alar es el impacto que la novela y el cine para ni\u00f1os han tenido en la educaci\u00f3n en el Holocausto para los j\u00f3venes.<\/p>\n<p>Seg\u00fan el educador del Holocausto, Michael Gray, m\u00e1s de las tres cuartas partes de los escolares brit\u00e1nicos (de 13 a 14 a\u00f1os) se involucraron a\u00fan m\u00e1s con el ni\u00f1o en el pijama a rayas que el diario de Anne Frank.<\/p>\n<p>Si est\u00e1s preparado para ver un verdadero l\u00e1grimas de una pel\u00edcula, el ni\u00f1o en el pijama a rayas est\u00e1 disponible para ver ahora en Amazon Prime.<\/p>\n<\/div>\n\n","protected":false},"excerpt":{"rendered":"<p>M\u00e1s de 15 a\u00f1os despu\u00e9s de su lanzamiento, los espectadores est\u00e1n luchando por pasar de esta pel\u00edcula, todav\u00eda llam\u00e1ndola \u00ababsolutamente devastador\u00bb. Asa Butterfield interpreta el papel principal de un ni\u00f1o de ocho a\u00f1os en el ni\u00f1o en el pijama a rayas, ambientado durante los horrores de la Segunda Guerra Mundial. Basado en la novela de &hellip;<\/p>\n","protected":false},"author":1,"featured_media":31461,"comment_status":"open","ping_status":"open","sticky":false,"template":"","format":"standard","meta":{"fifu_image_url":"https:\/\/cdn.images.express.co.uk\/img\/dynamic\/36\/1200x630\/6216730.jpg","fifu_image_alt":"","footnotes":""},"categories":[765],"tags":[],"class_list":["post-31460","post","type-post","status-publish","format-standard","has-post-thumbnail","","category-peliculas"],"_links":{"self":[{"href":"https:\/\/noticiasveraces.com\/index.php?rest_route=\/wp\/v2\/posts\/31460","targetHints":{"allow":["GET"]}}],"collection":[{"href":"https:\/\/noticiasveraces.com\/index.php?rest_route=\/wp\/v2\/posts"}],"about":[{"href":"https:\/\/noticiasveraces.com\/index.php?rest_route=\/wp\/v2\/types\/post"}],"author":[{"embeddable":true,"href":"https:\/\/noticiasveraces.com\/index.php?rest_route=\/wp\/v2\/users\/1"}],"replies":[{"embeddable":true,"href":"https:\/\/noticiasveraces.com\/index.php?rest_route=%2Fwp%2Fv2%2Fcomments&post=31460"}],"version-history":[{"count":0,"href":"https:\/\/noticiasveraces.com\/index.php?rest_route=\/wp\/v2\/posts\/31460\/revisions"}],"wp:featuredmedia":[{"embeddable":true,"href":"https:\/\/noticiasveraces.com\/index.php?rest_route=\/wp\/v2\/media\/31461"}],"wp:attachment":[{"href":"https:\/\/noticiasveraces.com\/index.php?rest_route=%2Fwp%2Fv2%2Fmedia&parent=31460"}],"wp:term":[{"taxonomy":"category","embeddable":true,"href":"https:\/\/noticiasveraces.com\/index.php?rest_route=%2Fwp%2Fv2%2Fcategories&post=31460"},{"taxonomy":"post_tag","embeddable":true,"href":"https:\/\/noticiasveraces.com\/index.php?rest_route=%2Fwp%2Fv2%2Ftags&post=31460"}],"curies":[{"name":"wp","href":"https:\/\/api.w.org\/{rel}","templated":true}]}}