{"id":31439,"date":"2025-06-13T01:49:02","date_gmt":"2025-06-13T05:49:02","guid":{"rendered":"https:\/\/noticiasveraces.com\/?p=31439"},"modified":"2025-06-13T01:49:02","modified_gmt":"2025-06-13T05:49:02","slug":"reviven-a-cruyff-para-campana-publicitaria-del-barcelona-dw-12-06-2025","status":"publish","type":"post","link":"https:\/\/noticiasveraces.com\/?p=31439","title":{"rendered":"Reviven a Cruyff para campa\u00f1a publicitaria del Barcelona \u2013 DW \u2013 12\/06\/2025"},"content":{"rendered":"<p> \n<\/p>\n<div>\n<p>La imagen de Johan Cruyff generada por Inteligencia Artificial (IA) protagoniza la campa\u00f1a &#8216;La Flor de Cruyff&#8217;, una c\u00e1psula de moda en la que el FC Barcelona homenajea al exentrenador y exfutbolista azulgrana con una colecci\u00f3n de camisetas con la silueta del gol imposible del &#8216;holand\u00e9s volador&#8217;.<\/p>\n<p>Seg\u00fan ha explicado el club catal\u00e1n, la colaboraci\u00f3n ha sido posible gracias a que la familia Cruyff ha autorizado la utilizaci\u00f3n de la imagen del icono azulgrana para realizar la campa\u00f1a.<\/p>\n<p>El nombre de la colecci\u00f3n nace de la expresi\u00f3n coloquial utilizada por el periodista Manuel V\u00e1zquez Montalb\u00e1n, uno de los grandes ide\u00f3logos del barcelonismo, quien consideraba que el neerland\u00e9s ten\u00eda \u00abuna flor en el culo\u00bb por algunos \u00e9xitos atesorados cuando el Bar\u00e7a lo ten\u00eda todo en contra, como aquellas Ligas conseguidas en Tenerife en los noventa.<\/p>\n<p>Pero en esta campa\u00f1a se utilizan im\u00e1genes de un antiguo anuncio publicitario en el que el Cruyff particip\u00f3 contra el tabaco en 1991.<\/p>\n<figure class=\"placeholder-image master_landscape big\"><img data-format=\"MASTER_LANDSCAPE\" data-id=\"61498326\" data-url=\"https:\/\/static.dw.com\/image\/61498326_${formatId}.jpg\" data-aspect-ratio=\"16\/9\" alt=\"Johan Cruyff en \u00c1msterdam, Pa\u00edses Bajos en 1987.\" style=\"padding-bottom: 56.25%; height: 0; max-height: 0;\"\/><figcaption class=\"img-caption\">Johan Cruyff en \u00c1msterdam, Pa\u00edses Bajos en 1987.<small class=\"copyright\">Imagen: Paul Vreeker\/ANP\/Picture Alliance<\/small><\/figcaption><\/figure>\n<h2>&#8216;La Flor de Cruyff&#8217;<\/h2>\n<p>Sobre un fondo negro, vestido con su inseparable gabardina color cart\u00f3n, el entrenador del denominado &#8216;Dream Team&#8217; se dirige a cuatro promesas del primer equipo azulgrana: Pau Cubars\u00ed, Marc Casad\u00f3, H\u00e9ctor Fort y Pau V\u00edctor; y les pregunta: \u00ab\u00bfCre\u00e9is en la suerte?\u00bb.<\/p>\n<p><span data-slot-id=\"Article_InContent-1\" class=\"rich-text-ad\"\/><\/p>\n<p>\u00abDe m\u00ed dec\u00edan que ten\u00eda mucha, una flor dec\u00edan, pero no, porque no es la suerte la que pasa a la historia; es tu estilo. Luego puedes perder, pero si tienes tu estilo, autom\u00e1ticamente, ya has ganado\u00bb, asegura Cruyff en un video generado por IA\u00a0y que presenta el FC Barcelona en su p\u00e1gina oficial.<svg xmlns=\"http:\/\/www.w3.org\/2000\/svg\" width=\"20\" height=\"20\" viewbox=\"0 0 20 20\"><path d=\"M11.5 3.5 11.5 4.233C14.342 4.233 15.167 4.245 15.167 4.258L8.984 10.467 10.033 11.516C14.826 6.725 16.228 5.333 16.242 5.333L16.267 9 17.733 9 17.733 2.767 11.5 2.767 11.5 3.5M2.267 11 2.267 17.233 16.733 17.233 16.733 12 15.267 12 15.25 15.75 9.5 15.75 3.75 15.75 3.75 6.25 9.5 6.233 9.5 4.767 2.267 4.767 2.267 11 \"\/><\/svg><\/p>\n<p>Y continua con su discurso y con su ense\u00f1anza a los j\u00f3venes: \u00abQue miren, que hablen, que griten, que imiten, pero solo hay un bal\u00f3n y lo tenemos nosotros, valientes, creativos y orgullosos. Por lo tanto, seguid disfrutando y que la gente disfrute, y olvidad a los que os digan que es suerte, porque no envidian vuestra suerte, sino vuestro estilo. La suerte no existe, nuestro estilo, s\u00ed\u00bb.<\/p>\n<p>&#8216;La Flor de Cruyff&#8217;, es la tercera entrega de la colecci\u00f3n Bar\u00e7a x Cruyff . Anteriormente hizo &#8216;Gallina de Piel&#8217;, centrada en sus frases m\u00edticas, y una segunda orientada en su estilo y est\u00e9tica.<\/p>\n<p>La colecci\u00f3n est\u00e1 formada por camisetas, sudaderas y chaquetas que incorporan c\u00f3digos visuales que evocan la herencia de Cruyff: el n\u00famero 9, su silueta recreando el famoso gol imposible del &#8216;holand\u00e9s volador&#8217; y fotograf\u00edas que inmortalizan sus momentos m\u00e1s emblem\u00e1ticos.<\/p>\n<p>EE (Efe, FC Barcelona)<\/p>\n<\/div>\n\n","protected":false},"excerpt":{"rendered":"<p>La imagen de Johan Cruyff generada por Inteligencia Artificial (IA) protagoniza la campa\u00f1a &#8216;La Flor de Cruyff&#8217;, una c\u00e1psula de moda en la que el FC Barcelona homenajea al exentrenador y exfutbolista azulgrana con una colecci\u00f3n de camisetas con la silueta del gol imposible del &#8216;holand\u00e9s volador&#8217;. Seg\u00fan ha explicado el club catal\u00e1n, la colaboraci\u00f3n &hellip;<\/p>\n","protected":false},"author":1,"featured_media":31440,"comment_status":"open","ping_status":"open","sticky":false,"template":"","format":"standard","meta":{"fifu_image_url":"https:\/\/static.dw.com\/image\/61498302_6.jpg","fifu_image_alt":"","footnotes":""},"categories":[13],"tags":[],"class_list":["post-31439","post","type-post","status-publish","format-standard","has-post-thumbnail","","category-mundo"],"_links":{"self":[{"href":"https:\/\/noticiasveraces.com\/index.php?rest_route=\/wp\/v2\/posts\/31439","targetHints":{"allow":["GET"]}}],"collection":[{"href":"https:\/\/noticiasveraces.com\/index.php?rest_route=\/wp\/v2\/posts"}],"about":[{"href":"https:\/\/noticiasveraces.com\/index.php?rest_route=\/wp\/v2\/types\/post"}],"author":[{"embeddable":true,"href":"https:\/\/noticiasveraces.com\/index.php?rest_route=\/wp\/v2\/users\/1"}],"replies":[{"embeddable":true,"href":"https:\/\/noticiasveraces.com\/index.php?rest_route=%2Fwp%2Fv2%2Fcomments&post=31439"}],"version-history":[{"count":0,"href":"https:\/\/noticiasveraces.com\/index.php?rest_route=\/wp\/v2\/posts\/31439\/revisions"}],"wp:featuredmedia":[{"embeddable":true,"href":"https:\/\/noticiasveraces.com\/index.php?rest_route=\/wp\/v2\/media\/31440"}],"wp:attachment":[{"href":"https:\/\/noticiasveraces.com\/index.php?rest_route=%2Fwp%2Fv2%2Fmedia&parent=31439"}],"wp:term":[{"taxonomy":"category","embeddable":true,"href":"https:\/\/noticiasveraces.com\/index.php?rest_route=%2Fwp%2Fv2%2Fcategories&post=31439"},{"taxonomy":"post_tag","embeddable":true,"href":"https:\/\/noticiasveraces.com\/index.php?rest_route=%2Fwp%2Fv2%2Ftags&post=31439"}],"curies":[{"name":"wp","href":"https:\/\/api.w.org\/{rel}","templated":true}]}}