{"id":31402,"date":"2025-06-12T19:38:31","date_gmt":"2025-06-12T23:38:31","guid":{"rendered":"https:\/\/noticiasveraces.com\/?p=31402"},"modified":"2025-06-12T19:38:31","modified_gmt":"2025-06-12T23:38:31","slug":"la-ue-y-ee-uu-siguen-luchando-contra-el-trabajo-infantil-dw-12-06-2025","status":"publish","type":"post","link":"https:\/\/noticiasveraces.com\/?p=31402","title":{"rendered":"La UE y EE. UU. siguen luchando contra el trabajo infantil \u2013 DW \u2013 12\/06\/2025"},"content":{"rendered":"<p> \n<\/p>\n<div>\n<p>El trabajo infantil sigue siendo una lacra mundial. Desde el a\u00f1o 2000, se han logrado avances significativos para reducirlo, pero diversos acontecimientos de los \u00faltimos a\u00f1os, como la pandemia de COVID-19 y conflictos en todo el mundo, han llevado a millones de familias a la pobreza. Todo ello amenaza con frenar los avances conseguidos.<\/p>\n<p>El \u00faltimo an\u00e1lisis llevado a cabo por UNICEF y la Organizaci\u00f3n Internacional del Trabajo (OIT) revela que se ha producido un descenso del trabajo infantil en los \u00faltimos cuatro a\u00f1os. En 2020, eran 160 millones de\u00a0 ni\u00f1os los que estaban involucrados en alg\u00fan tipo de trabajo infantil, frente a los 138 millones de 2024.<\/p>\n<p>\u00abLas conclusiones de nuestro informe ofrecen esperanza y demuestran que es posible avanzar\u00bb, asegura en un comunicado de prensa el director general de la OIT, Gilbert F. Houngbo. \u00abPero a\u00fan nos queda un largo camino por recorrer antes de alcanzar nuestro objetivo de erradicar el trabajo infantil\u00bb, prosigue.<\/p>\n<h2>\u00bfQu\u00e9 se entiende por trabajo infantil?<\/h2>\n<p>Nina Mast, analista del Instituto de Pol\u00edtica Econ\u00f3mica, con sede en Washington D. C., explica a DW que \u00abtrabajo infantil\u00bb es cualquier actividad explotadora u opresiva realizada por un menor o \u00abcualquier trabajo que sea excesivo, en el sentido de que interfiera en la educaci\u00f3n, la salud o el bienestar del ni\u00f1o\u00bb.<\/p>\n<p>Seg\u00fan Claudia Cappa, asesora principal de estad\u00edsticas y seguimiento de UNICEF, dos tercios de todos los ni\u00f1os que trabajan se encuentran en el \u00c1frica subsahariana, aunque advierte que tambi\u00e9n es un problema en otras zonas del mundo, como la Uni\u00f3n Europea y Estados Unidos.<\/p>\n<p>\u00abAunque el trabajo infantil es m\u00e1s com\u00fan en los pa\u00edses de bajos ingresos, tambi\u00e9n existe en los de altos ingresos\u00bb, comenta Cappa a DW. \u00abA menudo, se oculta en la agricultura, el trabajo informal o en comunidades marginadas. La pobreza, la desigualdad y la exclusi\u00f3n hacen que ciertos grupos de ni\u00f1os sean vulnerables, independientemente de d\u00f3nde vivan\u00bb.<\/p>\n<h2>Aumento en Estados Unidos<\/h2>\n<p>La atenci\u00f3n de Nina Mast se centra principalmente en Estados Unidos, donde han aumentado desde la pandemia las infracciones a la Ley de Normas Laborales Justas, la principal legislaci\u00f3n de protecci\u00f3n de los trabajadores del pa\u00eds.<\/p>\n<figure class=\"placeholder-image master_landscape big\"><img data-format=\"MASTER_LANDSCAPE\" data-id=\"72866785\" data-url=\"https:\/\/static.dw.com\/image\/72866785_${formatId}.jpg\" data-aspect-ratio=\"16\/9\" alt=\"Dos personas agachadas cosechando verduras.\" style=\"padding-bottom: 56.25%; height: 0; max-height: 0;\"\/><figcaption class=\"img-caption\">La agricultura es uno de los sectores donde hay m\u00e1s trabajo infantil.<small class=\"copyright\">Imagen: VWPics\/Imago<\/small><\/figcaption><\/figure>\n<p>\u00abCreo que debemos considerar esto como una crisis que no se ha resuelto\u00bb, dice Mast, y a\u00f1ade que la administraci\u00f3n Trump ha anunciado planes para debilitar varias leyes de protecci\u00f3n laboral. Seg\u00fan la experta, las infracciones t\u00edpicas en Estados Unidos consisten en que los menores trabajan hasta muy tarde o demasiadas horas.<\/p>\n<p>Tambi\u00e9n hay casos en los que se emplea a menores para manejar equipos que est\u00e1 prohibido usar con su edad o para realizar trabajos que no deber\u00edan hacer tan j\u00f3venes. Otro problema importante, a\u00f1ade, es el sector agr\u00edcola, donde a veces se emplea a ni\u00f1os de tan solo diez a\u00f1os en trabajos peligrosos.<\/p>\n<p><span data-slot-id=\"Article_InContent-1\" class=\"rich-text-ad\"\/><\/p>\n<h2>Tambi\u00e9n un problema europeo<\/h2>\n<p>Seg\u00fan la Organizaci\u00f3n Internacional del Trabajo, alrededor del 71 por ciento de todos los ni\u00f1os trabajadores se dedican a la agricultura.<\/p>\n<p>Marco Dubbelt, director de Global March, una red de sindicatos y organizaciones de la sociedad civil dedicada a la eliminaci\u00f3n del trabajo infantil, la esclavitud y la trata de personas, dice que eso tambi\u00e9n es un problema importante en Europa, por ejemplo en Albania, Rumania y el sector hortofrut\u00edcola de Italia.<\/p>\n<p>\u00abNo impacta tanto como un ni\u00f1o trabajando en las minas del Congo\u00bb, dice a DW. \u00abPero es un trabajo muy peligroso. Los ni\u00f1os trabajan con pesticidas, bajo un estr\u00e9s t\u00e9rmico enorme. Es realmente insalubre para ellos\u00bb.<\/p>\n<p>Claudia Cappa, de UNICEF, se\u00f1ala que la prevalencia del trabajo infantil en la UE es baja en comparaci\u00f3n con los niveles mundiales, pero afirma que \u00abexiste en formas m\u00e1s ocultas, como en la agricultura, los servicios informales y entre las comunidades marginadas\u00bb. Tanto Cappa como Dubbelt advierten de que es dif\u00edcil obtener datos fiables en los pa\u00edses con ingresos m\u00e1s altos y que hay una falta de informaci\u00f3n al respecto.<\/p>\n<p>En 2021, la UE se sum\u00f3 a una iniciativa mundial para designar 2025 como el a\u00f1o para acabar con el trabajo infantil en todas sus formas. Aunque ese objetivo no se ha alcanzado, la UE cuenta con una legislaci\u00f3n relativamente estricta destinada a proteger a los menores de pr\u00e1cticas laborales perjudiciales.<\/p>\n<p>La Directiva de la UE sobre la protecci\u00f3n de los j\u00f3venes en el trabajo exige a los Estados miembros que proh\u00edban el empleo a tiempo completo de ni\u00f1os menores de 15 a\u00f1os o que a\u00fan est\u00e9n cursando estudios, con algunas excepciones. Tambi\u00e9n establece diversas obligaciones para los empleadores en lo que respecta a la salud y la seguridad de los trabajadores j\u00f3venes.<\/p>\n<p>(MS\/RML)<\/p>\n<\/div>\n\n","protected":false},"excerpt":{"rendered":"<p>El trabajo infantil sigue siendo una lacra mundial. Desde el a\u00f1o 2000, se han logrado avances significativos para reducirlo, pero diversos acontecimientos de los \u00faltimos a\u00f1os, como la pandemia de COVID-19 y conflictos en todo el mundo, han llevado a millones de familias a la pobreza. Todo ello amenaza con frenar los avances conseguidos. El &hellip;<\/p>\n","protected":false},"author":1,"featured_media":31403,"comment_status":"open","ping_status":"open","sticky":false,"template":"","format":"standard","meta":{"fifu_image_url":"https:\/\/static.dw.com\/image\/72859401_6.jpg","fifu_image_alt":"","footnotes":""},"categories":[13],"tags":[],"class_list":["post-31402","post","type-post","status-publish","format-standard","has-post-thumbnail","","category-mundo"],"_links":{"self":[{"href":"https:\/\/noticiasveraces.com\/index.php?rest_route=\/wp\/v2\/posts\/31402","targetHints":{"allow":["GET"]}}],"collection":[{"href":"https:\/\/noticiasveraces.com\/index.php?rest_route=\/wp\/v2\/posts"}],"about":[{"href":"https:\/\/noticiasveraces.com\/index.php?rest_route=\/wp\/v2\/types\/post"}],"author":[{"embeddable":true,"href":"https:\/\/noticiasveraces.com\/index.php?rest_route=\/wp\/v2\/users\/1"}],"replies":[{"embeddable":true,"href":"https:\/\/noticiasveraces.com\/index.php?rest_route=%2Fwp%2Fv2%2Fcomments&post=31402"}],"version-history":[{"count":0,"href":"https:\/\/noticiasveraces.com\/index.php?rest_route=\/wp\/v2\/posts\/31402\/revisions"}],"wp:featuredmedia":[{"embeddable":true,"href":"https:\/\/noticiasveraces.com\/index.php?rest_route=\/wp\/v2\/media\/31403"}],"wp:attachment":[{"href":"https:\/\/noticiasveraces.com\/index.php?rest_route=%2Fwp%2Fv2%2Fmedia&parent=31402"}],"wp:term":[{"taxonomy":"category","embeddable":true,"href":"https:\/\/noticiasveraces.com\/index.php?rest_route=%2Fwp%2Fv2%2Fcategories&post=31402"},{"taxonomy":"post_tag","embeddable":true,"href":"https:\/\/noticiasveraces.com\/index.php?rest_route=%2Fwp%2Fv2%2Ftags&post=31402"}],"curies":[{"name":"wp","href":"https:\/\/api.w.org\/{rel}","templated":true}]}}