{"id":31388,"date":"2025-06-12T16:35:48","date_gmt":"2025-06-12T20:35:48","guid":{"rendered":"https:\/\/noticiasveraces.com\/?p=31388"},"modified":"2025-06-12T16:35:48","modified_gmt":"2025-06-12T20:35:48","slug":"estos-son-los-partidos-de-ultraderecha-europeos-en-auge-dw-12-06-2025","status":"publish","type":"post","link":"https:\/\/noticiasveraces.com\/?p=31388","title":{"rendered":"Estos son los partidos de ultraderecha europeos en auge \u2013 DW \u2013 12\/06\/2025"},"content":{"rendered":"<p> \n<\/p>\n<div>\n<p>Un informe de la Oficina Federal para la Protecci\u00f3n de la Constituci\u00f3n de Alemania revela que los partidos pol\u00edticos alemanes no quieren tener que ver con el partido AfD, considerado de extrema derecha.\u00a0 En otros pa\u00edses europeos con partidos similares, la situaci\u00f3n es completamente diferente. <\/p>\n<h2>Pa\u00edses Bajos: Partido por\u00a0la Libertad (PVV)<\/h2>\n<p>El Partido por la Libertad (PVV), de Geert Wilders, ha roto la coalici\u00f3n de Gobierno que lideraba en Pa\u00edses Bajos, porque el Ejecutivo no\u00a0ha\u00a0tomado medidas lo suficientemente duras en materia de inmigraci\u00f3n. \u00abQueremos un alto total e inmediato al\u00a0asilo. Queremos que todos, pero realmente todos los solicitantes de asilo sean rechazados inmediatamente en la frontera\u00bb, reclamaba\u00a0Wilders. En oto\u00f1o, habr\u00e1 nuevas elecciones en Pa\u00edses Bajos. <\/p>\n<p>Si por Wilders fuera, prohibir\u00eda el Cor\u00e1n y las nuevas\u00a0mezquitas. Por lo dem\u00e1s, se moviliza contra la protecci\u00f3n del clima y contra la\u00a0Uni\u00f3n Europea (UE), a la que critica por \u00ababusiva\u00bb. Wilders domina su partido: \u00e9l es el \u00fanico miembro,\u00a0incluso los diputados y ministros son, oficialmente, solo simpatizantes del PVV. Esto le permite a Wilders determinar por s\u00ed solo el programa de la formaci\u00f3n\u00a0y nombrar\u00a0candidatos para las elecciones.<\/p>\n<h2>Polonia:\u00a0Partido Ley y Justicia\u00a0 (PiS)<\/h2>\n<p>El partido polaco\u00a0Ley y Justicia (PiS) perdi\u00f3 las elecciones parlamentarias a finales de 2023. Desde entonces, Donald Tusk, de ideolog\u00eda liberal y expresidente del Consejo de la UE,\u00a0gobierna en Polonia. En las elecciones presidenciales de mayo de 2025, Karol Nawrocki, apoyado por el PiS, gan\u00f3 por un estrecho margen. Nawrocki hizo\u00a0campa\u00f1a con su ret\u00f3rica\u00a0antialemana\u00a0y antieuropea.<\/p>\n<p>Pero el PiS se muestra bastante cauteloso en la UE, ya que los flujos financieros procedentes de Bruselas son importantes para el pa\u00eds. Tambi\u00e9n se posiciona claramente del lado de Ucrania en la guerra contra Rusia y aboga por una fuerte presencia de la OTAN como protecci\u00f3n contra su poderoso vecino. <\/p>\n<p>En cambio, en materia de pol\u00edtica migratoria, el partido defiende las posiciones duras de sus hom\u00f3logos en otros lugares de Europa. En cuestiones sociales, se acerca a la Iglesia cat\u00f3lica en Polonia y se opone a la legalizaci\u00f3n del aborto y a la igualdad de las parejas homosexuales.<\/p>\n<h2>Hung\u00eda: Fidesz<\/h2>\n<p>Fidesz (Uni\u00f3n C\u00edvica H\u00fangara)\u00a0es, probablemente, el partido de extrema derecha m\u00e1s exitoso de Europa. Con su l\u00edder, Viktor Orb\u00e1n, Fidesz estuvo en el poder en Hungr\u00eda entre 1998 y 2002, y lo ha vuelto a estar de forma ininterrumpida desde 2010. Fundado\u00a0en 1988, poco antes del fin del comunismo, como una fuerza liberal radical, mantuvo esta orientaci\u00f3n durante mucho tiempo.<\/p>\n<p>Despu\u00e9s\u00a0gir\u00f3\u00a0hacia la derecha. Ahora, el partido defiende expl\u00edcitamente una democracia iliberal, considera que el Occidente cristiano est\u00e1 amenazado por la extranjerizaci\u00f3n y quiere limitar en gran medida la influencia de la UE.<\/p>\n<p>A diferencia de otros partidos similares, Fidesz reconoce el cambio clim\u00e1tico provocado por el hombre como una amenaza. A diferencia del PiS polaco, por ejemplo, el Fidesz de Orb\u00e1n busca el contacto con Rusia,\u00a0sobre todo en cuestiones energ\u00e9ticas. Orb\u00e1n tambi\u00e9n se acerca ideol\u00f3gicamente al presidente Vladimir Putin.<\/p>\n<p><span data-slot-id=\"Article_InContent-1\" class=\"rich-text-ad\"\/><\/p>\n<h2>Eslovaquia: direcci\u00f3n  <\/h2>\n<p>El actual primer ministro, Robert Fico, fund\u00f3 el partido. Traducido, el nombre significa \u00abDirecci\u00f3n &#8211; Socialdemocracia Eslovaca\u00bb. La direcci\u00f3n apunta claramente hacia la derecha y no tiene casi\u00a0nada que ver con la socialdemocracia al estilo alem\u00e1n. Smer advierte contra una \u00abextranjerizaci\u00f3n\u00bb\u00a0de Eslovaquia. El l\u00edder del partido y primer ministro Fico considera que los musulmanes en general no son capaces de integrarse y en 2016 afirm\u00f3: \u00abEl islam no tiene cabida en Eslovaquia\u00bb.<\/p>\n<p>Fico califica a los ucranianos invadidos por Rusia de \u00abnazis y fascistas\u00bb. Antes de las elecciones parlamentarias de 2023, de las que Smer sali\u00f3 victorioso, Fico anunci\u00f3 que detendr\u00eda inmediatamente el suministro de armas a Ucrania.\u00a0As\u00ed lo hizo y afirm\u00f3 que la OTAN y los Estados Unidos eran responsables del ataque de Mosc\u00fa.\u00a0Su Gobierno tambi\u00e9n se ha pronunciado\u00a0en repetidas ocasiones en contra de las sanciones de la UE contra Rusia, calific\u00e1ndolas de \u00abin\u00fatiles y contraproducentes\u00bb.<\/p>\n<h2>Espa\u00f1a: Vox<\/h2>\n<p>Liderado por Santiago Abascal, ha experimentado un r\u00e1pido ascenso. Fundado en 2013, alcanz\u00f3 el 15 por ciento de los votos en 2019. Actualmente, es\u00a0la tercera fuerza pol\u00edtica en Espa\u00f1a. Hasta ahora, no ha participado en el Gobierno central. <\/p>\n<p>La principal preocupaci\u00f3n de Vox es espec\u00edficamente espa\u00f1ola: se deben revocar los derechos de autonom\u00eda de regiones como Catalu\u00f1a o el Pa\u00eds Vasco, y Espa\u00f1a debe volver a ser un Estado centralista. Tambi\u00e9n hay un toque especialmente espa\u00f1ol en sus cr\u00edticas a la inmigraci\u00f3n y al islam: Abascal exige una nueva Reconquista.<\/p>\n<p>A principios de febrero, el partido organiz\u00f3 en Madrid un gran acto bajo el lema \u00abMake Europe Great Again\u00bb. Entre los participantes se encontraban el jefe del Gobierno h\u00fangaro, Viktor Orb\u00e1n, y la populista de derecha francesa Marine Le Pen.<\/p>\n<h2>Dinamarca: Partido Popular Dan\u00e9s <\/h2>\n<p>El Partido Popular Dan\u00e9s se fund\u00f3 en 1995 y vivi\u00f3 su \u00e9poca de mayor \u00e9xito en los a\u00f1os 2000 y 2010. Con sus posiciones cr\u00edticas hacia\u00a0la inmigraci\u00f3n, la globalizaci\u00f3n y la UE, combinadas con sus reivindicaciones de un Estado del bienestar fuerte, apoy\u00f3 en aquel entonces a varios Gobiernos de centroderecha en Copenhague, logrando\u00a0imponer un endurecimiento del sistema de asilo.<\/p>\n<p>Pero en cuanto\u00a0los socialdem\u00f3cratas daneses, liderados por Mette Frederiksen, no solo adoptaron las demandas antiasilo del Partido Popular a partir de 2019, sino que tambi\u00e9n las aplicaron, el apoyo al Partido Popular se desvaneci\u00f3. En las \u00faltimas elecciones al Folketing, el\u00a0Parlamento dan\u00e9s, en\u00a02022, solo obtuvo un 2,6\u00a0por ciento\u00a0de los votos. La pol\u00edtica de inmigraci\u00f3n y asilo del actual Gobierno socialdem\u00f3crata de Dinamarca es una de las m\u00e1s estrictas de Europa.<\/p>\n<p>(MS\/RML)<\/p>\n<\/div>\n\n","protected":false},"excerpt":{"rendered":"<p>Un informe de la Oficina Federal para la Protecci\u00f3n de la Constituci\u00f3n de Alemania revela que los partidos pol\u00edticos alemanes no quieren tener que ver con el partido AfD, considerado de extrema derecha.\u00a0 En otros pa\u00edses europeos con partidos similares, la situaci\u00f3n es completamente diferente. Pa\u00edses Bajos: Partido por\u00a0la Libertad (PVV) El Partido por la &hellip;<\/p>\n","protected":false},"author":1,"featured_media":31389,"comment_status":"open","ping_status":"open","sticky":false,"template":"","format":"standard","meta":{"fifu_image_url":"https:\/\/static.dw.com\/image\/72460364_6.jpg","fifu_image_alt":"","footnotes":""},"categories":[13],"tags":[],"class_list":["post-31388","post","type-post","status-publish","format-standard","has-post-thumbnail","","category-mundo"],"_links":{"self":[{"href":"https:\/\/noticiasveraces.com\/index.php?rest_route=\/wp\/v2\/posts\/31388","targetHints":{"allow":["GET"]}}],"collection":[{"href":"https:\/\/noticiasveraces.com\/index.php?rest_route=\/wp\/v2\/posts"}],"about":[{"href":"https:\/\/noticiasveraces.com\/index.php?rest_route=\/wp\/v2\/types\/post"}],"author":[{"embeddable":true,"href":"https:\/\/noticiasveraces.com\/index.php?rest_route=\/wp\/v2\/users\/1"}],"replies":[{"embeddable":true,"href":"https:\/\/noticiasveraces.com\/index.php?rest_route=%2Fwp%2Fv2%2Fcomments&post=31388"}],"version-history":[{"count":0,"href":"https:\/\/noticiasveraces.com\/index.php?rest_route=\/wp\/v2\/posts\/31388\/revisions"}],"wp:featuredmedia":[{"embeddable":true,"href":"https:\/\/noticiasveraces.com\/index.php?rest_route=\/wp\/v2\/media\/31389"}],"wp:attachment":[{"href":"https:\/\/noticiasveraces.com\/index.php?rest_route=%2Fwp%2Fv2%2Fmedia&parent=31388"}],"wp:term":[{"taxonomy":"category","embeddable":true,"href":"https:\/\/noticiasveraces.com\/index.php?rest_route=%2Fwp%2Fv2%2Fcategories&post=31388"},{"taxonomy":"post_tag","embeddable":true,"href":"https:\/\/noticiasveraces.com\/index.php?rest_route=%2Fwp%2Fv2%2Ftags&post=31388"}],"curies":[{"name":"wp","href":"https:\/\/api.w.org\/{rel}","templated":true}]}}