{"id":31345,"date":"2025-06-12T09:25:22","date_gmt":"2025-06-12T13:25:22","guid":{"rendered":"https:\/\/noticiasveraces.com\/?p=31345"},"modified":"2025-06-12T09:25:22","modified_gmt":"2025-06-12T13:25:22","slug":"el-parlamento-israeli-evita-la-disolucion-en-medio-de-debate-de-exencion-del-servicio-militar","status":"publish","type":"post","link":"https:\/\/noticiasveraces.com\/?p=31345","title":{"rendered":"El parlamento israel\u00ed evita la disoluci\u00f3n en medio de debate de exenci\u00f3n del servicio militar"},"content":{"rendered":"<p> \n<\/p>\n<div>\n<div id=\"beyondwords-wrapper\" class=\"beyondwords-wrapper\">\n<p><span class=\"label-bg\">NUEVO<\/span>\u00a1Ahora puedes escuchar art\u00edculos de Fox News!\n  <\/p>\n<\/div>\n<p class=\"speakable\">El primer ministro israel\u00ed, Benjamin Netanyahu, y su coalici\u00f3n se han enfrentado al desaf\u00edo m\u00e1s grave a su poder desde el 7 de octubre despu\u00e9s de un proyecto de ley para disolver el parlamento y el llamado a las primeras elecciones fracas\u00f3. <\/p>\n<p class=\"speakable\">Esto es m\u00e1s que una victoria moment\u00e1nea: seg\u00fan la ley israel\u00ed, el fracaso del proyecto de ley significa que no se puede introducir otra propuesta para disolver la Kn\u00e9set (Parlamento) durante seis meses, comprando Netanyahu y su coalici\u00f3n en alg\u00fan momento.<\/p>\n<div class=\"image-ct inline\">\n<div class=\"m\"><picture><source media=\"(max-width: 767px)\" srcset=\"https:\/\/a57.foxnews.com\/static.foxnews.com\/foxnews.com\/content\/uploads\/2025\/06\/343\/192\/netanyahu-knesset.jpg?ve=1&amp;tl=1, https:\/\/a57.foxnews.com\/static.foxnews.com\/foxnews.com\/content\/uploads\/2025\/06\/686\/384\/netanyahu-knesset.jpg?ve=1&amp;tl=1 2x\" height=\"192\" width=\"343\"><source media=\"(min-width: 768px) and (max-width: 1023px)\" srcset=\"https:\/\/a57.foxnews.com\/static.foxnews.com\/foxnews.com\/content\/uploads\/2025\/06\/672\/378\/netanyahu-knesset.jpg?ve=1&amp;tl=1, https:\/\/a57.foxnews.com\/static.foxnews.com\/foxnews.com\/content\/uploads\/2025\/06\/1344\/756\/netanyahu-knesset.jpg?ve=1&amp;tl=1 2x\" height=\"378\" width=\"672\"><source media=\"(min-width: 1024px) and (max-width: 1279px)\" srcset=\"https:\/\/a57.foxnews.com\/static.foxnews.com\/foxnews.com\/content\/uploads\/2025\/06\/931\/523\/netanyahu-knesset.jpg?ve=1&amp;tl=1, https:\/\/a57.foxnews.com\/static.foxnews.com\/foxnews.com\/content\/uploads\/2025\/06\/1862\/1046\/netanyahu-knesset.jpg?ve=1&amp;tl=1 2x\" height=\"523\" width=\"931\"><source media=\"(min-width: 1280px)\" srcset=\"https:\/\/a57.foxnews.com\/static.foxnews.com\/foxnews.com\/content\/uploads\/2025\/06\/720\/405\/netanyahu-knesset.jpg?ve=1&amp;tl=1, https:\/\/a57.foxnews.com\/static.foxnews.com\/foxnews.com\/content\/uploads\/2025\/06\/1440\/810\/netanyahu-knesset.jpg?ve=1&amp;tl=1 2x\" height=\"405\" width=\"720\"><img loading=\"lazy\" decoding=\"async\" src=\"https:\/\/a57.foxnews.com\/static.foxnews.com\/foxnews.com\/content\/uploads\/2025\/06\/1200\/675\/netanyahu-knesset.jpg?ve=1&amp;tl=1\" alt=\"Netanyahu se sienta en Kn\u00e9set\" width=\"1200\" height=\"675\"\/><\/source><\/source><\/source><\/source><\/picture><\/div>\n<div class=\"info\">\n<div class=\"caption\">\n<p><span>El primer ministro israel\u00ed Benjamin Netanyahu, el ministro de Relaciones Exteriores, Israel Katz, y el ministro de Finanzas Israel\u00ed, Bezalel Smotrich, asisten a una sesi\u00f3n de plenum de la Kn\u00e9set, el Parlamento de Israel, en Jerusal\u00e9n, 11 de junio de 2025.<\/span> <span>(Reuters\/Ronen Zvulun)<\/span><\/p>\n<\/div>\n<\/div>\n<\/div>\n<p><strong>Coalici\u00f3n de Netanyahu amenazada por el enfrentamiento de reclutamiento con partidos religiosos<\/strong><\/p>\n<p>Los legisladores ultraortodoxos hab\u00edan amenazado con disolver al gobierno en medio de un punto muerto sobre las exenciones al servicio militar. Seg\u00fan Associated Press, la mayor\u00eda de los miembros ultraortodoxos de la Kn\u00e9set acordaron votar en contra del proyecto de ley despu\u00e9s de alcanzar un compromiso con MK Yuli Edelstein, quien lidera el Comit\u00e9 de Asuntos Exteriores y Defensa de la Kn\u00e9set. Seg\u00fan los informes, las discusiones sobre el nuevo borrador de la ley continuar\u00e1n durante la pr\u00f3xima semana.<\/p>\n<p>Edelstein ha sido un oponente vocal de cualquier proyecto de ley que consagrara la exenci\u00f3n del servicio militar ultraortodoxo en la ley israel\u00ed, seg\u00fan The Times of Israel.<\/p>\n<div class=\"image-ct inline\">\n<div class=\"m\"><picture><source media=\"(max-width: 767px)\" srcset=\"https:\/\/a57.foxnews.com\/static.foxnews.com\/foxnews.com\/content\/uploads\/2024\/10\/343\/192\/gettyimages-1241571307-scaled.jpg?ve=1&amp;tl=1, https:\/\/a57.foxnews.com\/static.foxnews.com\/foxnews.com\/content\/uploads\/2024\/10\/686\/384\/gettyimages-1241571307-scaled.jpg?ve=1&amp;tl=1 2x\" height=\"192\" width=\"343\"><source media=\"(min-width: 768px) and (max-width: 1023px)\" srcset=\"https:\/\/a57.foxnews.com\/static.foxnews.com\/foxnews.com\/content\/uploads\/2024\/10\/672\/378\/gettyimages-1241571307-scaled.jpg?ve=1&amp;tl=1, https:\/\/a57.foxnews.com\/static.foxnews.com\/foxnews.com\/content\/uploads\/2024\/10\/1344\/756\/gettyimages-1241571307-scaled.jpg?ve=1&amp;tl=1 2x\" height=\"378\" width=\"672\"><source media=\"(min-width: 1024px) and (max-width: 1279px)\" srcset=\"https:\/\/a57.foxnews.com\/static.foxnews.com\/foxnews.com\/content\/uploads\/2024\/10\/931\/523\/gettyimages-1241571307-scaled.jpg?ve=1&amp;tl=1, https:\/\/a57.foxnews.com\/static.foxnews.com\/foxnews.com\/content\/uploads\/2024\/10\/1862\/1046\/gettyimages-1241571307-scaled.jpg?ve=1&amp;tl=1 2x\" height=\"523\" width=\"931\"><source media=\"(min-width: 1280px)\" srcset=\"https:\/\/a57.foxnews.com\/static.foxnews.com\/foxnews.com\/content\/uploads\/2024\/10\/720\/405\/gettyimages-1241571307-scaled.jpg?ve=1&amp;tl=1, https:\/\/a57.foxnews.com\/static.foxnews.com\/foxnews.com\/content\/uploads\/2024\/10\/1440\/810\/gettyimages-1241571307-scaled.jpg?ve=1&amp;tl=1 2x\" height=\"405\" width=\"720\"><img loading=\"lazy\" decoding=\"async\" src=\"https:\/\/a57.foxnews.com\/static.foxnews.com\/foxnews.com\/content\/uploads\/2024\/10\/1200\/675\/gettyimages-1241571307-scaled.jpg?ve=1&amp;tl=1\" alt=\"La Kn\u00e9set de Israel\" width=\"1200\" height=\"675\"\/><\/source><\/source><\/source><\/source><\/picture><\/div>\n<div class=\"info\">\n<div class=\"caption\">\n<p><span>Una vista general de la c\u00e1mara plenaria vac\u00eda de la Kn\u00e9set israel\u00ed.<\/span> <span>(Ilia Yefimovich\/Picture Alliance a trav\u00e9s de Getty Images)<\/span><\/p>\n<\/div>\n<\/div>\n<\/div>\n<p><strong><u>Netanyahu acusa a la polic\u00eda israel\u00ed de tratar de \u00abderrocar\u00bb a su gobierno<\/u><\/strong><\/p>\n<p>Si bien Israel requiere que los ciudadanos se alisten en el ej\u00e9rcito a los 18 a\u00f1os, varios grupos est\u00e1n exentos, incluidos la comunidad ultraortodoxa, tambi\u00e9n conocida como Haredim, que representa aproximadamente el 13% de la sociedad israel\u00ed, seg\u00fan Associated Press.<\/p>\n<p>Las Fuerzas de Defensa de Israel (FDI) tienen unidades Haredi, que permiten a los soldados seguir las tradiciones religiosas m\u00e1s estrictamente que otras partes del ej\u00e9rcito. Sin embargo, muchos Haredim eligen estudiar Tor\u00e1 en su lugar.<\/p>\n<div class=\"image-ct inline\">\n<div class=\"m\"><picture><source media=\"(max-width: 767px)\" srcset=\"https:\/\/a57.foxnews.com\/static.foxnews.com\/foxnews.com\/content\/uploads\/2025\/06\/343\/192\/ultra-orthodox-protest.jpg?ve=1&amp;tl=1, https:\/\/a57.foxnews.com\/static.foxnews.com\/foxnews.com\/content\/uploads\/2025\/06\/686\/384\/ultra-orthodox-protest.jpg?ve=1&amp;tl=1 2x\" height=\"192\" width=\"343\"><source media=\"(min-width: 768px) and (max-width: 1023px)\" srcset=\"https:\/\/a57.foxnews.com\/static.foxnews.com\/foxnews.com\/content\/uploads\/2025\/06\/672\/378\/ultra-orthodox-protest.jpg?ve=1&amp;tl=1, https:\/\/a57.foxnews.com\/static.foxnews.com\/foxnews.com\/content\/uploads\/2025\/06\/1344\/756\/ultra-orthodox-protest.jpg?ve=1&amp;tl=1 2x\" height=\"378\" width=\"672\"><source media=\"(min-width: 1024px) and (max-width: 1279px)\" srcset=\"https:\/\/a57.foxnews.com\/static.foxnews.com\/foxnews.com\/content\/uploads\/2025\/06\/931\/523\/ultra-orthodox-protest.jpg?ve=1&amp;tl=1, https:\/\/a57.foxnews.com\/static.foxnews.com\/foxnews.com\/content\/uploads\/2025\/06\/1862\/1046\/ultra-orthodox-protest.jpg?ve=1&amp;tl=1 2x\" height=\"523\" width=\"931\"><source media=\"(min-width: 1280px)\" srcset=\"https:\/\/a57.foxnews.com\/static.foxnews.com\/foxnews.com\/content\/uploads\/2025\/06\/720\/405\/ultra-orthodox-protest.jpg?ve=1&amp;tl=1, https:\/\/a57.foxnews.com\/static.foxnews.com\/foxnews.com\/content\/uploads\/2025\/06\/1440\/810\/ultra-orthodox-protest.jpg?ve=1&amp;tl=1 2x\" height=\"405\" width=\"720\"><img loading=\"lazy\" decoding=\"async\" src=\"https:\/\/a57.foxnews.com\/static.foxnews.com\/foxnews.com\/content\/uploads\/2025\/06\/1200\/675\/ultra-orthodox-protest.jpg?ve=1&amp;tl=1\" alt=\"Protesta ultraortodoxas israel\u00edes contra el servicio militar obligatorio\" width=\"1200\" height=\"675\"\/><\/source><\/source><\/source><\/source><\/picture><\/div>\n<div class=\"info\">\n<div class=\"caption\">\n<p><span>Los hombres jud\u00edos ultraortodoxos chocan con los agentes de polic\u00eda mientras bloquean una carretera principal durante una manifestaci\u00f3n contra la redacci\u00f3n del ej\u00e9rcito israel\u00ed el 5 de junio de 2025 en Bnei Brak, Israel. <\/span> <span>(Amir Levy\/Getty Images)<\/span><\/p>\n<\/div>\n<\/div>\n<\/div>\n<p><strong><u>Haga clic aqu\u00ed para obtener la aplicaci\u00f3n Fox News<\/u><\/strong><\/p>\n<p>El l\u00edder de la oposici\u00f3n y ex primer ministro, Yair Lapid, dijo que el gobierno \u00abescupi\u00f3 en los rostros\u00bb de los soldados israel\u00edes y \u00abvendi\u00f3 nuestras tropas\u00bb con el compromiso, inform\u00f3 The Times of Israel. La salida agreg\u00f3 que Edelstein declar\u00f3 que la \u00fanica forma de obtener un \u00abproyecto de ley efectivo como este que conduce a una expansi\u00f3n de la base de reclutas de las FDI\u00bb ser\u00eda a trav\u00e9s de su comit\u00e9.<\/p>\n<p>El tema de la exenci\u00f3n religiosa ha sido un debate entre los israel\u00edes durante d\u00e9cadas, pero se ha vuelto especialmente acalorado desde la masacre de Hamas el 7 de octubre.<\/p>\n<p>Israel actualmente est\u00e1 luchando contra la guerra m\u00e1s larga en su historia, ya que el pa\u00eds marca 20 meses de operaci\u00f3n terrestre en Gaza. Los israel\u00edes de todos los \u00e1mbitos de la vida han sido llamados a las reservas a lo largo de la guerra, alimentando la frustraci\u00f3n con la exenci\u00f3n de la comunidad Haredi.<\/p>\n<p> <!----> <\/p>\n<div class=\"article-meta\">\n<div class=\"author-bio\">\n<p>Rachel Wolf es una escritora de noticias de Fox News Digital y Fox Business.<\/p>\n<\/div>\n<\/div>\n<\/div>\n\n","protected":false},"excerpt":{"rendered":"<p>NUEVO\u00a1Ahora puedes escuchar art\u00edculos de Fox News! El primer ministro israel\u00ed, Benjamin Netanyahu, y su coalici\u00f3n se han enfrentado al desaf\u00edo m\u00e1s grave a su poder desde el 7 de octubre despu\u00e9s de un proyecto de ley para disolver el parlamento y el llamado a las primeras elecciones fracas\u00f3. Esto es m\u00e1s que una victoria &hellip;<\/p>\n","protected":false},"author":1,"featured_media":31347,"comment_status":"open","ping_status":"open","sticky":false,"template":"","format":"standard","meta":{"fifu_image_url":"https:\/\/static.foxnews.com\/foxnews.com\/content\/uploads\/2025\/06\/netanyahu-knesset.jpg","fifu_image_alt":"","footnotes":""},"categories":[13],"tags":[],"class_list":["post-31345","post","type-post","status-publish","format-standard","has-post-thumbnail","","category-mundo"],"_links":{"self":[{"href":"https:\/\/noticiasveraces.com\/index.php?rest_route=\/wp\/v2\/posts\/31345","targetHints":{"allow":["GET"]}}],"collection":[{"href":"https:\/\/noticiasveraces.com\/index.php?rest_route=\/wp\/v2\/posts"}],"about":[{"href":"https:\/\/noticiasveraces.com\/index.php?rest_route=\/wp\/v2\/types\/post"}],"author":[{"embeddable":true,"href":"https:\/\/noticiasveraces.com\/index.php?rest_route=\/wp\/v2\/users\/1"}],"replies":[{"embeddable":true,"href":"https:\/\/noticiasveraces.com\/index.php?rest_route=%2Fwp%2Fv2%2Fcomments&post=31345"}],"version-history":[{"count":0,"href":"https:\/\/noticiasveraces.com\/index.php?rest_route=\/wp\/v2\/posts\/31345\/revisions"}],"wp:featuredmedia":[{"embeddable":true,"href":"https:\/\/noticiasveraces.com\/index.php?rest_route=\/wp\/v2\/media\/31347"}],"wp:attachment":[{"href":"https:\/\/noticiasveraces.com\/index.php?rest_route=%2Fwp%2Fv2%2Fmedia&parent=31345"}],"wp:term":[{"taxonomy":"category","embeddable":true,"href":"https:\/\/noticiasveraces.com\/index.php?rest_route=%2Fwp%2Fv2%2Fcategories&post=31345"},{"taxonomy":"post_tag","embeddable":true,"href":"https:\/\/noticiasveraces.com\/index.php?rest_route=%2Fwp%2Fv2%2Ftags&post=31345"}],"curies":[{"name":"wp","href":"https:\/\/api.w.org\/{rel}","templated":true}]}}