{"id":31277,"date":"2025-06-11T20:34:26","date_gmt":"2025-06-12T00:34:26","guid":{"rendered":"https:\/\/noticiasveraces.com\/?p=31277"},"modified":"2025-06-11T20:34:26","modified_gmt":"2025-06-12T00:34:26","slug":"junior-fue-destrozado-por-periodista-mexicano-tras-fichaje-de-santiago-mele-muy-malos-curiosidades-de-futbol","status":"publish","type":"post","link":"https:\/\/noticiasveraces.com\/?p=31277","title":{"rendered":"Junior fue destrozado por periodista mexicano tras fichaje de Santiago Mele: &#8216;muy malos&#8217; | Curiosidades de f\u00fatbol"},"content":{"rendered":"<p> \n<br \/><img decoding=\"async\" src=\"https:\/\/www.futbolred.com\/files\/article_graphic\/uploads\/2025\/06\/08\/684633c590007.jpeg\" \/><\/p>\n<div id=\"cuerpoArticulo\">\n<p class=\"texto intro\" id=\"p248529-m340-339-341\">Junior se desprendi\u00f3 del arquero <b>Santiago Mele<\/b>quien en tiempo r\u00e9cord los barranquilleros, el uruguayo y Monterrey cerraron el fichaje por 3,7 millones de d\u00f3lares que le permiti\u00f3 dar ese salto al f\u00fatbol mexicano, permiti\u00e9ndole tambi\u00e9n jugar el Mundial de Clubes.<\/p>\n<p class=\"texto contenido-parrafo-articulo\" id=\"p248529-m358-2-359\">La salida de Mele estremeci\u00f3 a los aficionados del Junior, quienes esperaban mantener un poco m\u00e1s al uruguayo, pero es claro que su alto nivel y regularmente convocado a su Selecci\u00f3n le abri\u00f3 las puertas del gigante mexicano.<\/p>\n<p>De hecho, el fichaje de Mele por los Rayados gener\u00f3 todo tipo de comentarios en la prensa mexicana, pues all\u00ed analizaron el rendimiento del arquero en su paso por Junior, pero terminaron destrozando en cr\u00edticas al mismo equipo barranquillero por permitir que el uruguayo terminara con una estad\u00edstica que no le va bien para su hoja de vida.<\/p>\n<p class=\"texto contenido-parrafo-articulo\" id=\"p248529-m513-4-514\">Resulta que Santiago Mele jug\u00f3 90 partidos en Junior y recibi\u00f3 la barbaridad de 90 goles en contra desde su llegada en 2023, hasta el 2025 que estuvo, as\u00ed que, de ese rendimiento individual, terminaron incluso burl\u00e1ndose del cuadro \u2018tibur\u00f3n\u2019 por no darle la posibilidad al uruguayo de destacarse m\u00e1s en ello.<\/p>\n<p>\u201cEn los \u00faltimos 89 partidos le han metido 90 goles, una garant\u00eda, pero te voy a explicar por qu\u00e9. <b>Le debieron haber metido 200 porque su equipo es muy malo. Este es el \u2018Memo\u2019 Ochoa de Sudam\u00e9rica\u201d<\/b>dijo el periodista mexicano en su primera intervenci\u00f3n.<\/p>\n<div id=\"p248529-m537-5-538\" class=\"\">\n<blockquote class=\"twitter-tweet\" data-media-max-width=\"560\">\n<p lang=\"es\" dir=\"ltr\">NOOOOOOOOOOOOOOOOOO JAJAJAJAJAJAJAJAJAJAJAJAJAJAJAJAJAJAJAJAJAJAJAJAJAJAJAJAJAJAJAJAJAJAJAJAJAJAJAJAJAJAJAAJA <a href=\"https:\/\/t.co\/2AHL95yzrc\">pic.twitter.com\/2ahl95yzrc<\/a><\/p>\n<p>\u2014 \ud83c\udfb6 \u2119\ud835\udd40\ud835\udd43\ud835\udd43\ud835\udd46 \ud835\udd39\ud835\udd4c\ud835\udd3c\u2115\ud835\udd38 \ud835\udd3e\ud835\udd3c\u2115\ud835\udd4b\ud835\udd3c\ud83c\udfb6 (@PilIoBuenaGente) <a href=\"https:\/\/twitter.com\/PilIoBuenaGente\/status\/1932643811647537250?ref_src=twsrc%5Etfw\">11 de junio de 2025<\/a><\/p><\/blockquote><\/div>\n<p class=\"texto contenido-parrafo-articulo\" id=\"p248529-m547-6-548\">De igual manera, en medio de las risas, el comunicador continu\u00f3 y recalc\u00f3 que Santiago Mele es bueno, pero Junior no lo es, calific\u00e1ndolo de \u201cdesastre\u201d.<\/p>\n<p>\u00ab<b>Esta cantidad de goles es porque la defensa es muy mala, \u00e9l es muy bueno y en Uruguay eso no le pasa, pero en su club es un desastre. Juega con el Junior de Barranquilla\u201d,<\/b> finaliz\u00f3.<\/p>\n<p>El caso es que m\u00e1s all\u00e1 de las p\u00e9simas estad\u00edsticas con la que termin\u00f3 Santiago Mele en Junior, logr\u00f3 ser una de las grandes figuras del equipo y llen\u00f3 la expectativa porque ven\u00eda con el reto de reemplazar al hist\u00f3rico Sebasti\u00e1n Viera y hasta termin\u00f3 levantando un t\u00edtulo de Liga en 2023.<\/p>\n<\/p><\/div>\n<p><script async src=\"https:\/\/platform.twitter.com\/widgets.js\" charset=\"utf-8\"><\/script><br \/>\n<br \/>\n","protected":false},"excerpt":{"rendered":"<p>Junior se desprendi\u00f3 del arquero Santiago Melequien en tiempo r\u00e9cord los barranquilleros, el uruguayo y Monterrey cerraron el fichaje por 3,7 millones de d\u00f3lares que le permiti\u00f3 dar ese salto al f\u00fatbol mexicano, permiti\u00e9ndole tambi\u00e9n jugar el Mundial de Clubes. La salida de Mele estremeci\u00f3 a los aficionados del Junior, quienes esperaban mantener un poco &hellip;<\/p>\n","protected":false},"author":1,"featured_media":31279,"comment_status":"open","ping_status":"open","sticky":false,"template":"","format":"standard","meta":{"fifu_image_url":"https:\/\/www.futbolred.com\/files\/og_thumbnail\/uploads\/2025\/06\/08\/684633c590007.jpeg","fifu_image_alt":"","footnotes":""},"categories":[6],"tags":[],"class_list":["post-31277","post","type-post","status-publish","format-standard","has-post-thumbnail","","category-deportes"],"_links":{"self":[{"href":"https:\/\/noticiasveraces.com\/index.php?rest_route=\/wp\/v2\/posts\/31277","targetHints":{"allow":["GET"]}}],"collection":[{"href":"https:\/\/noticiasveraces.com\/index.php?rest_route=\/wp\/v2\/posts"}],"about":[{"href":"https:\/\/noticiasveraces.com\/index.php?rest_route=\/wp\/v2\/types\/post"}],"author":[{"embeddable":true,"href":"https:\/\/noticiasveraces.com\/index.php?rest_route=\/wp\/v2\/users\/1"}],"replies":[{"embeddable":true,"href":"https:\/\/noticiasveraces.com\/index.php?rest_route=%2Fwp%2Fv2%2Fcomments&post=31277"}],"version-history":[{"count":0,"href":"https:\/\/noticiasveraces.com\/index.php?rest_route=\/wp\/v2\/posts\/31277\/revisions"}],"wp:featuredmedia":[{"embeddable":true,"href":"https:\/\/noticiasveraces.com\/index.php?rest_route=\/wp\/v2\/media\/31279"}],"wp:attachment":[{"href":"https:\/\/noticiasveraces.com\/index.php?rest_route=%2Fwp%2Fv2%2Fmedia&parent=31277"}],"wp:term":[{"taxonomy":"category","embeddable":true,"href":"https:\/\/noticiasveraces.com\/index.php?rest_route=%2Fwp%2Fv2%2Fcategories&post=31277"},{"taxonomy":"post_tag","embeddable":true,"href":"https:\/\/noticiasveraces.com\/index.php?rest_route=%2Fwp%2Fv2%2Ftags&post=31277"}],"curies":[{"name":"wp","href":"https:\/\/api.w.org\/{rel}","templated":true}]}}