{"id":31262,"date":"2025-06-11T19:57:07","date_gmt":"2025-06-11T23:57:07","guid":{"rendered":"https:\/\/noticiasveraces.com\/?p=31262"},"modified":"2025-06-11T19:57:07","modified_gmt":"2025-06-11T23:57:07","slug":"japon-para-prohibir-a-los-extranjeros-con-facturas-medicas-no-remuneradas-de-la-entrada-en-el-pais","status":"publish","type":"post","link":"https:\/\/noticiasveraces.com\/?p=31262","title":{"rendered":"Jap\u00f3n para prohibir a los extranjeros con facturas m\u00e9dicas no remuneradas de la entrada en el pa\u00eds"},"content":{"rendered":"<p> \n<\/p>\n<div>\n<div id=\"beyondwords-wrapper\" class=\"beyondwords-wrapper\">\n<p><span class=\"label-bg\">NUEVO<\/span>\u00a1Ahora puedes escuchar art\u00edculos de Fox News!\n  <\/p>\n<\/div>\n<p class=\"speakable\">El gobierno japon\u00e9s anunci\u00f3 recientemente que ya no permitir\u00e1 a los extranjeros que ingresen al pa\u00eds que tienen facturas m\u00e9dicas sobresalientes de visitas anteriores.<\/p>\n<p class=\"speakable\">Los funcionarios decidieron la nueva pol\u00edtica el viernes durante una reuni\u00f3n de ministros relevantes, seg\u00fan un informe de The Japan Times.<\/p>\n<p>Los extranjeros que permanecen en el pa\u00eds durante m\u00e1s de tres meses tambi\u00e9n necesitar\u00e1n unirse al Programa Nacional de Salud de la Salud de Jap\u00f3n, Kokumin Kenk\u014d Hoken, lo que podr\u00eda afectar a los estudiantes de intercambio que no est\u00e1n inscritos, seg\u00fan el informe.<\/p>\n<div class=\"image-ct inline\">\n<div class=\"m\"><picture><source media=\"(max-width: 767px)\" srcset=\"https:\/\/a57.foxnews.com\/static.foxnews.com\/foxnews.com\/content\/uploads\/2024\/06\/343\/192\/Japan-4.png?ve=1&amp;tl=1, https:\/\/a57.foxnews.com\/static.foxnews.com\/foxnews.com\/content\/uploads\/2024\/06\/686\/384\/Japan-4.png?ve=1&amp;tl=1 2x\" height=\"192\" width=\"343\"><source media=\"(min-width: 768px) and (max-width: 1023px)\" srcset=\"https:\/\/a57.foxnews.com\/static.foxnews.com\/foxnews.com\/content\/uploads\/2024\/06\/672\/378\/Japan-4.png?ve=1&amp;tl=1, https:\/\/a57.foxnews.com\/static.foxnews.com\/foxnews.com\/content\/uploads\/2024\/06\/1344\/756\/Japan-4.png?ve=1&amp;tl=1 2x\" height=\"378\" width=\"672\"><source media=\"(min-width: 1024px) and (max-width: 1279px)\" srcset=\"https:\/\/a57.foxnews.com\/static.foxnews.com\/foxnews.com\/content\/uploads\/2024\/06\/931\/523\/Japan-4.png?ve=1&amp;tl=1, https:\/\/a57.foxnews.com\/static.foxnews.com\/foxnews.com\/content\/uploads\/2024\/06\/1862\/1046\/Japan-4.png?ve=1&amp;tl=1 2x\" height=\"523\" width=\"931\"><source media=\"(min-width: 1280px)\" srcset=\"https:\/\/a57.foxnews.com\/static.foxnews.com\/foxnews.com\/content\/uploads\/2024\/06\/720\/405\/Japan-4.png?ve=1&amp;tl=1, https:\/\/a57.foxnews.com\/static.foxnews.com\/foxnews.com\/content\/uploads\/2024\/06\/1440\/810\/Japan-4.png?ve=1&amp;tl=1 2x\" height=\"405\" width=\"720\"><img loading=\"lazy\" decoding=\"async\" src=\"https:\/\/a57.foxnews.com\/static.foxnews.com\/foxnews.com\/content\/uploads\/2024\/06\/1200\/675\/Japan-4.png?ve=1&amp;tl=1\" alt=\"Un peat\u00f3n que cruz\u00f3 una calle con un ni\u00f1o se ve a trav\u00e9s de una ventana de taxi en Tokio, el lunes 19 de julio de 2021.\" width=\"1200\" height=\"675\"\/><\/source><\/source><\/source><\/source><\/picture><\/div>\n<div class=\"info\">\n<div class=\"caption\">\n<p><span>Un peat\u00f3n que cruz\u00f3 una calle con un ni\u00f1o se ve a trav\u00e9s de una ventana de taxi en Tokio, el lunes 19 de julio de 2021.<\/span> <span>(Photo AP\/David Goldman, archivo)<\/span><\/p>\n<\/div>\n<\/div>\n<\/div>\n<p><strong><u>Trump suspende las visas de estudiantes extranjeros en la Universidad de Harvard en medio de preocupaciones de seguridad nacional<\/u><\/strong><\/p>\n<p>Fox News Digital inform\u00f3 anteriormente que Jap\u00f3n estableci\u00f3 un objetivo tur\u00edstico de 60 millones de visitantes para 2030 despu\u00e9s de un a\u00f1o r\u00e9cord en 2025.<\/p>\n<p>Con un aumento en los viajeros, el Japan Times inform\u00f3 que los pol\u00edticos estaban luchando por encontrar una soluci\u00f3n a facturas m\u00e9dicas y primas no remuneradas que estaban cayendo en los contribuyentes.<\/p>\n<div class=\"image-ct inline\">\n<div class=\"m\"><picture><source media=\"(max-width: 767px)\" srcset=\"https:\/\/a57.foxnews.com\/static.foxnews.com\/foxnews.com\/content\/uploads\/2025\/06\/343\/192\/shigeru-ishiba.jpg?ve=1&amp;tl=1, https:\/\/a57.foxnews.com\/static.foxnews.com\/foxnews.com\/content\/uploads\/2025\/06\/686\/384\/shigeru-ishiba.jpg?ve=1&amp;tl=1 2x\" height=\"192\" width=\"343\"><source media=\"(min-width: 768px) and (max-width: 1023px)\" srcset=\"https:\/\/a57.foxnews.com\/static.foxnews.com\/foxnews.com\/content\/uploads\/2025\/06\/672\/378\/shigeru-ishiba.jpg?ve=1&amp;tl=1, https:\/\/a57.foxnews.com\/static.foxnews.com\/foxnews.com\/content\/uploads\/2025\/06\/1344\/756\/shigeru-ishiba.jpg?ve=1&amp;tl=1 2x\" height=\"378\" width=\"672\"><source media=\"(min-width: 1024px) and (max-width: 1279px)\" srcset=\"https:\/\/a57.foxnews.com\/static.foxnews.com\/foxnews.com\/content\/uploads\/2025\/06\/931\/523\/shigeru-ishiba.jpg?ve=1&amp;tl=1, https:\/\/a57.foxnews.com\/static.foxnews.com\/foxnews.com\/content\/uploads\/2025\/06\/1862\/1046\/shigeru-ishiba.jpg?ve=1&amp;tl=1 2x\" height=\"523\" width=\"931\"><source media=\"(min-width: 1280px)\" srcset=\"https:\/\/a57.foxnews.com\/static.foxnews.com\/foxnews.com\/content\/uploads\/2025\/06\/720\/405\/shigeru-ishiba.jpg?ve=1&amp;tl=1, https:\/\/a57.foxnews.com\/static.foxnews.com\/foxnews.com\/content\/uploads\/2025\/06\/1440\/810\/shigeru-ishiba.jpg?ve=1&amp;tl=1 2x\" height=\"405\" width=\"720\"><img loading=\"lazy\" decoding=\"async\" src=\"https:\/\/a57.foxnews.com\/static.foxnews.com\/foxnews.com\/content\/uploads\/2025\/06\/1200\/675\/shigeru-ishiba.jpg?ve=1&amp;tl=1\" alt=\"Shigeru Ishiba\" width=\"1200\" height=\"675\"\/><\/source><\/source><\/source><\/source><\/picture><\/div>\n<div class=\"info\">\n<div class=\"caption\">\n<p><span>Shigeru Ishiba, primer ministro de Jap\u00f3n y presidente del Partido Liberal Dem\u00f3crata (LDP), asiste a la convenci\u00f3n anual del partido en Tokio, Jap\u00f3n, el domingo 9 de marzo de 2025. <\/span> <span>(Cioshi OTA\/Bloomberg a trav\u00e9s de Getty Images)<\/span><\/p>\n<\/div>\n<\/div>\n<\/div>\n<p><strong><u>Juez para bloquear la prohibici\u00f3n de los estudiantes extranjeros de Harvard de Trump Admin<\/u><\/strong><\/p>\n<p>\u00abSi nuestros sistemas actuales no pueden abordar las realidades de la globalizaci\u00f3n y no disipan la ansiedad p\u00fablica, entonces se deben realizar reformas dr\u00e1sticas\u00bb, dijo el primer ministro Shigeru Ishiba, seg\u00fan los informes, durante la reuni\u00f3n.<\/p>\n<p>Una encuesta del Ministerio de Salud encontr\u00f3 que poco m\u00e1s del 60 por ciento de los residentes extranjeros requer\u00edan pagar la prima cumplida, lo que cae por debajo del 93 por ciento, incluidos los ciudadanos japoneses.<\/p>\n<p>Ishiba agreg\u00f3 que el pa\u00eds considerar\u00e1 los derechos de los viajeros, por lo que no estar\u00e1n \u00abaislados en nuestro pa\u00eds\u00bb, pero se\u00f1al\u00f3 que las \u00abmedidas estrictas\u00bb se tomar\u00edan contra cualquiera que no sea conforme.<\/p>\n<div class=\"image-ct inline\">\n<div class=\"m\"><picture><source media=\"(max-width: 767px)\" srcset=\"https:\/\/a57.foxnews.com\/static.foxnews.com\/foxnews.com\/content\/uploads\/2025\/02\/343\/192\/gettyimages-2197538099-scaled.jpg?ve=1&amp;tl=1, https:\/\/a57.foxnews.com\/static.foxnews.com\/foxnews.com\/content\/uploads\/2025\/02\/686\/384\/gettyimages-2197538099-scaled.jpg?ve=1&amp;tl=1 2x\" height=\"192\" width=\"343\"><source media=\"(min-width: 768px) and (max-width: 1023px)\" srcset=\"https:\/\/a57.foxnews.com\/static.foxnews.com\/foxnews.com\/content\/uploads\/2025\/02\/672\/378\/gettyimages-2197538099-scaled.jpg?ve=1&amp;tl=1, https:\/\/a57.foxnews.com\/static.foxnews.com\/foxnews.com\/content\/uploads\/2025\/02\/1344\/756\/gettyimages-2197538099-scaled.jpg?ve=1&amp;tl=1 2x\" height=\"378\" width=\"672\"><source media=\"(min-width: 1024px) and (max-width: 1279px)\" srcset=\"https:\/\/a57.foxnews.com\/static.foxnews.com\/foxnews.com\/content\/uploads\/2025\/02\/931\/523\/gettyimages-2197538099-scaled.jpg?ve=1&amp;tl=1, https:\/\/a57.foxnews.com\/static.foxnews.com\/foxnews.com\/content\/uploads\/2025\/02\/1862\/1046\/gettyimages-2197538099-scaled.jpg?ve=1&amp;tl=1 2x\" height=\"523\" width=\"931\"><source media=\"(min-width: 1280px)\" srcset=\"https:\/\/a57.foxnews.com\/static.foxnews.com\/foxnews.com\/content\/uploads\/2025\/02\/720\/405\/gettyimages-2197538099-scaled.jpg?ve=1&amp;tl=1, https:\/\/a57.foxnews.com\/static.foxnews.com\/foxnews.com\/content\/uploads\/2025\/02\/1440\/810\/gettyimages-2197538099-scaled.jpg?ve=1&amp;tl=1 2x\" height=\"405\" width=\"720\"><img loading=\"lazy\" decoding=\"async\" src=\"https:\/\/a57.foxnews.com\/static.foxnews.com\/foxnews.com\/content\/uploads\/2025\/02\/1200\/675\/gettyimages-2197538099-scaled.jpg?ve=1&amp;tl=1\" alt=\"Primer ministro japon\u00e9s Shigeru Ishiba y presidente Trump\" width=\"1200\" height=\"675\"\/><\/source><\/source><\/source><\/source><\/picture><\/div>\n<div class=\"info\">\n<div class=\"caption\">\n<p><span>TOPSHOT &#8211; El presidente de los Estados Unidos, Donald Trump, se da la mano con el primer ministro japon\u00e9s Shigeru Ishiba en la Oficina Oval de la Casa Blanca en Washington, DC, el 7 de febrero de 2025. <\/span> <span>(Getty Images)<\/span><\/p>\n<\/div>\n<\/div>\n<\/div>\n<p><strong><u>Departamento de Estado ahora examinando a todos los titulares de visas asociados con Harvard<\/u><\/strong><\/p>\n<p>Seg\u00fan el informe, se les prohibir\u00e1 que las empresas que emplean trabajadores extranjeros, pero que no cubren las primas de bienestar social, deber\u00e1n ofrecer empleo a los viajeros, seg\u00fan el informe.<\/p>\n<p><strong><u>Haga clic aqu\u00ed para obtener la aplicaci\u00f3n Fox News<\/u><\/strong><\/p>\n<p>No est\u00e1 claro cu\u00e1ndo entrar\u00e1 en vigencia la nueva pol\u00edtica.<\/p>\n<p> <!----> <\/p>\n<div class=\"article-meta\">\n<div class=\"author-bio\">\n<p>Alexandra Koch es escritora de noticias de Fox News Digital. Antes de unirse a Fox News, Alexandra cubri\u00f3 Breaking News, Crime, Religion y los militares en el sureste.<\/p>\n<\/div>\n<\/div>\n<\/div>\n\n","protected":false},"excerpt":{"rendered":"<p>NUEVO\u00a1Ahora puedes escuchar art\u00edculos de Fox News! El gobierno japon\u00e9s anunci\u00f3 recientemente que ya no permitir\u00e1 a los extranjeros que ingresen al pa\u00eds que tienen facturas m\u00e9dicas sobresalientes de visitas anteriores. Los funcionarios decidieron la nueva pol\u00edtica el viernes durante una reuni\u00f3n de ministros relevantes, seg\u00fan un informe de The Japan Times. Los extranjeros que &hellip;<\/p>\n","protected":false},"author":1,"featured_media":31264,"comment_status":"open","ping_status":"open","sticky":false,"template":"","format":"standard","meta":{"fifu_image_url":"https:\/\/static.foxnews.com\/foxnews.com\/content\/uploads\/2025\/06\/shigeru-ishiba.jpg","fifu_image_alt":"","footnotes":""},"categories":[13],"tags":[],"class_list":["post-31262","post","type-post","status-publish","format-standard","has-post-thumbnail","","category-mundo"],"_links":{"self":[{"href":"https:\/\/noticiasveraces.com\/index.php?rest_route=\/wp\/v2\/posts\/31262","targetHints":{"allow":["GET"]}}],"collection":[{"href":"https:\/\/noticiasveraces.com\/index.php?rest_route=\/wp\/v2\/posts"}],"about":[{"href":"https:\/\/noticiasveraces.com\/index.php?rest_route=\/wp\/v2\/types\/post"}],"author":[{"embeddable":true,"href":"https:\/\/noticiasveraces.com\/index.php?rest_route=\/wp\/v2\/users\/1"}],"replies":[{"embeddable":true,"href":"https:\/\/noticiasveraces.com\/index.php?rest_route=%2Fwp%2Fv2%2Fcomments&post=31262"}],"version-history":[{"count":0,"href":"https:\/\/noticiasveraces.com\/index.php?rest_route=\/wp\/v2\/posts\/31262\/revisions"}],"wp:featuredmedia":[{"embeddable":true,"href":"https:\/\/noticiasveraces.com\/index.php?rest_route=\/wp\/v2\/media\/31264"}],"wp:attachment":[{"href":"https:\/\/noticiasveraces.com\/index.php?rest_route=%2Fwp%2Fv2%2Fmedia&parent=31262"}],"wp:term":[{"taxonomy":"category","embeddable":true,"href":"https:\/\/noticiasveraces.com\/index.php?rest_route=%2Fwp%2Fv2%2Fcategories&post=31262"},{"taxonomy":"post_tag","embeddable":true,"href":"https:\/\/noticiasveraces.com\/index.php?rest_route=%2Fwp%2Fv2%2Ftags&post=31262"}],"curies":[{"name":"wp","href":"https:\/\/api.w.org\/{rel}","templated":true}]}}