{"id":31246,"date":"2025-06-11T17:55:13","date_gmt":"2025-06-11T21:55:13","guid":{"rendered":"https:\/\/noticiasveraces.com\/?p=31246"},"modified":"2025-06-11T17:55:13","modified_gmt":"2025-06-11T21:55:13","slug":"irlanda-del-norte-enfrenta-disturbios-violentos-a-medida-que-continuan-los-disturbios-antiinmigrantes","status":"publish","type":"post","link":"https:\/\/noticiasveraces.com\/?p=31246","title":{"rendered":"Irlanda del Norte enfrenta disturbios violentos a medida que contin\u00faan los disturbios antiinmigrantes"},"content":{"rendered":"<p> \n<\/p>\n<div>\n<div id=\"beyondwords-wrapper\" class=\"beyondwords-wrapper\">\n<p><span class=\"label-bg\">NUEVO<\/span>\u00a1Ahora puedes escuchar art\u00edculos de Fox News!\n  <\/p>\n<\/div>\n<p class=\"speakable\">Los manifestantes arrojaron a la polic\u00eda con ladrillos, botellas y fuegos artificiales y se encendieron los veh\u00edculos el martes en una segunda noche de violencia antiinmigrante en la ciudad de Ballymena de Irlanda del Norte.<\/p>\n<p class=\"speakable\">La polic\u00eda us\u00f3 rondas de bat\u00f3n de ca\u00f1\u00f3n de agua y pl\u00e1stico en un intento de dispersar a una multitud de varios cientos de personas en la ciudad a 25 millas (40 km) al norte de Belfast.<\/p>\n<p><strong>Los alborotadores aplastan las ventanas en la sede de LAPD mientras los agitadores anti-hielo chocan con las autoridades<\/strong><\/p>\n<div class=\"image-ct inline\">\n<div class=\"m\"><picture><source media=\"(max-width: 767px)\" srcset=\"https:\/\/a57.foxnews.com\/static.foxnews.com\/foxnews.com\/content\/uploads\/2025\/06\/343\/192\/northern-ireland-protest3.jpg?ve=1&amp;tl=1, https:\/\/a57.foxnews.com\/static.foxnews.com\/foxnews.com\/content\/uploads\/2025\/06\/686\/384\/northern-ireland-protest3.jpg?ve=1&amp;tl=1 2x\" height=\"192\" width=\"343\"><source media=\"(min-width: 768px) and (max-width: 1023px)\" srcset=\"https:\/\/a57.foxnews.com\/static.foxnews.com\/foxnews.com\/content\/uploads\/2025\/06\/672\/378\/northern-ireland-protest3.jpg?ve=1&amp;tl=1, https:\/\/a57.foxnews.com\/static.foxnews.com\/foxnews.com\/content\/uploads\/2025\/06\/1344\/756\/northern-ireland-protest3.jpg?ve=1&amp;tl=1 2x\" height=\"378\" width=\"672\"><source media=\"(min-width: 1024px) and (max-width: 1279px)\" srcset=\"https:\/\/a57.foxnews.com\/static.foxnews.com\/foxnews.com\/content\/uploads\/2025\/06\/931\/523\/northern-ireland-protest3.jpg?ve=1&amp;tl=1, https:\/\/a57.foxnews.com\/static.foxnews.com\/foxnews.com\/content\/uploads\/2025\/06\/1862\/1046\/northern-ireland-protest3.jpg?ve=1&amp;tl=1 2x\" height=\"523\" width=\"931\"><source media=\"(min-width: 1280px)\" srcset=\"https:\/\/a57.foxnews.com\/static.foxnews.com\/foxnews.com\/content\/uploads\/2025\/06\/720\/405\/northern-ireland-protest3.jpg?ve=1&amp;tl=1, https:\/\/a57.foxnews.com\/static.foxnews.com\/foxnews.com\/content\/uploads\/2025\/06\/1440\/810\/northern-ireland-protest3.jpg?ve=1&amp;tl=1 2x\" height=\"405\" width=\"720\"><img loading=\"lazy\" decoding=\"async\" src=\"https:\/\/a57.foxnews.com\/static.foxnews.com\/foxnews.com\/content\/uploads\/2025\/06\/1200\/675\/northern-ireland-protest3.jpg?ve=1&amp;tl=1\" alt=\"Los manifestantes son rociados con un ca\u00f1\u00f3n de agua\" width=\"1200\" height=\"675\"\/><\/source><\/source><\/source><\/source><\/picture><\/div>\n<div class=\"info\">\n<div class=\"caption\">\n<p><span>La polic\u00eda usa un ca\u00f1\u00f3n de agua cerca de Clonavon Terrace, Ballymena, mientras la gente participa en una protesta por una supuesta agresi\u00f3n sexual en la ciudad de Co Antrim. Ballymena, Irlanda del Norte, el martes 10 de junio de 2025.<\/span> <span>(Niall Carson\/PA a trav\u00e9s de AP)<\/span><\/p>\n<\/div>\n<\/div>\n<\/div>\n<p>La violencia estall\u00f3 el lunes despu\u00e9s de una marcha pac\u00edfica para mostrar apoyo a la familia de la v\u00edctima de una supuesta agresi\u00f3n sexual el fin de semana. Dos ni\u00f1os de 14 a\u00f1os han sido acusados.<\/p>\n<p>Los sospechosos no han sido identificados debido a su edad. Fueron apoyados en la corte por un int\u00e9rprete rumano.<\/p>\n<p><strong>El conductor arrestado despu\u00e9s de que el veh\u00edculo se lanza a la multitud de fan\u00e1ticos del f\u00fatbol de Liverpool durante la celebraci\u00f3n<\/strong><\/p>\n<div class=\"image-ct inline\">\n<div class=\"m\"><picture><source media=\"(max-width: 767px)\" srcset=\"https:\/\/a57.foxnews.com\/static.foxnews.com\/foxnews.com\/content\/uploads\/2025\/06\/343\/192\/northern-ireland-protest2.jpg?ve=1&amp;tl=1, https:\/\/a57.foxnews.com\/static.foxnews.com\/foxnews.com\/content\/uploads\/2025\/06\/686\/384\/northern-ireland-protest2.jpg?ve=1&amp;tl=1 2x\" height=\"192\" width=\"343\"><source media=\"(min-width: 768px) and (max-width: 1023px)\" srcset=\"https:\/\/a57.foxnews.com\/static.foxnews.com\/foxnews.com\/content\/uploads\/2025\/06\/672\/378\/northern-ireland-protest2.jpg?ve=1&amp;tl=1, https:\/\/a57.foxnews.com\/static.foxnews.com\/foxnews.com\/content\/uploads\/2025\/06\/1344\/756\/northern-ireland-protest2.jpg?ve=1&amp;tl=1 2x\" height=\"378\" width=\"672\"><source media=\"(min-width: 1024px) and (max-width: 1279px)\" srcset=\"https:\/\/a57.foxnews.com\/static.foxnews.com\/foxnews.com\/content\/uploads\/2025\/06\/931\/523\/northern-ireland-protest2.jpg?ve=1&amp;tl=1, https:\/\/a57.foxnews.com\/static.foxnews.com\/foxnews.com\/content\/uploads\/2025\/06\/1862\/1046\/northern-ireland-protest2.jpg?ve=1&amp;tl=1 2x\" height=\"523\" width=\"931\"><source media=\"(min-width: 1280px)\" srcset=\"https:\/\/a57.foxnews.com\/static.foxnews.com\/foxnews.com\/content\/uploads\/2025\/06\/720\/405\/northern-ireland-protest2.jpg?ve=1&amp;tl=1, https:\/\/a57.foxnews.com\/static.foxnews.com\/foxnews.com\/content\/uploads\/2025\/06\/1440\/810\/northern-ireland-protest2.jpg?ve=1&amp;tl=1 2x\" height=\"405\" width=\"720\"><img loading=\"lazy\" decoding=\"async\" src=\"https:\/\/a57.foxnews.com\/static.foxnews.com\/foxnews.com\/content\/uploads\/2025\/06\/1200\/675\/northern-ireland-protest2.jpg?ve=1&amp;tl=1\" alt=\"Protesta en Irlanda del Norte\" width=\"1200\" height=\"675\"\/><\/source><\/source><\/source><\/source><\/picture><\/div>\n<div class=\"info\">\n<div class=\"caption\">\n<p><span>Las personas que participan en una protesta por una presunta agresi\u00f3n sexual en la ciudad de Ballymena de Co Antrim, Irlanda del Norte, martes 10 de junio de 2025.<\/span> <span>(Niall Carson\/PA a trav\u00e9s de AP)<\/span><\/p>\n<\/div>\n<\/div>\n<\/div>\n<p>Varias casas fueron incendiados en la primera noche de desorden el lunes. El servicio policial de Irlanda del Norte dijo que 15 oficiales resultaron heridos.<\/p>\n<p>El jefe de polic\u00eda asistente Ryan Henderson dijo que los oficiales estaban \u00abtrabajando activamente para identificar a los responsables del trastorno racialmente motivado en Ballymena y llevarlos ante la justicia\u00bb.<\/p>\n<p><strong><u>Haga clic aqu\u00ed para obtener la aplicaci\u00f3n Fox News<\/u><\/strong><strong> <\/strong><\/p>\n<div class=\"image-ct inline\">\n<div class=\"m\"><picture><source media=\"(max-width: 767px)\" srcset=\"https:\/\/a57.foxnews.com\/static.foxnews.com\/foxnews.com\/content\/uploads\/2025\/06\/343\/192\/northern-ireland-protest.jpg?ve=1&amp;tl=1, https:\/\/a57.foxnews.com\/static.foxnews.com\/foxnews.com\/content\/uploads\/2025\/06\/686\/384\/northern-ireland-protest.jpg?ve=1&amp;tl=1 2x\" height=\"192\" width=\"343\"><source media=\"(min-width: 768px) and (max-width: 1023px)\" srcset=\"https:\/\/a57.foxnews.com\/static.foxnews.com\/foxnews.com\/content\/uploads\/2025\/06\/672\/378\/northern-ireland-protest.jpg?ve=1&amp;tl=1, https:\/\/a57.foxnews.com\/static.foxnews.com\/foxnews.com\/content\/uploads\/2025\/06\/1344\/756\/northern-ireland-protest.jpg?ve=1&amp;tl=1 2x\" height=\"378\" width=\"672\"><source media=\"(min-width: 1024px) and (max-width: 1279px)\" srcset=\"https:\/\/a57.foxnews.com\/static.foxnews.com\/foxnews.com\/content\/uploads\/2025\/06\/931\/523\/northern-ireland-protest.jpg?ve=1&amp;tl=1, https:\/\/a57.foxnews.com\/static.foxnews.com\/foxnews.com\/content\/uploads\/2025\/06\/1862\/1046\/northern-ireland-protest.jpg?ve=1&amp;tl=1 2x\" height=\"523\" width=\"931\"><source media=\"(min-width: 1280px)\" srcset=\"https:\/\/a57.foxnews.com\/static.foxnews.com\/foxnews.com\/content\/uploads\/2025\/06\/720\/405\/northern-ireland-protest.jpg?ve=1&amp;tl=1, https:\/\/a57.foxnews.com\/static.foxnews.com\/foxnews.com\/content\/uploads\/2025\/06\/1440\/810\/northern-ireland-protest.jpg?ve=1&amp;tl=1 2x\" height=\"405\" width=\"720\"><img loading=\"lazy\" decoding=\"async\" src=\"https:\/\/a57.foxnews.com\/static.foxnews.com\/foxnews.com\/content\/uploads\/2025\/06\/1200\/675\/northern-ireland-protest.jpg?ve=1&amp;tl=1\" alt=\"Riot Vans frente a un grupo de manifestantes\" width=\"1200\" height=\"675\"\/><\/source><\/source><\/source><\/source><\/picture><\/div>\n<div class=\"info\">\n<div class=\"caption\">\n<p><span>Las furgonetas de la polic\u00eda antidisturbios bloquean una carretera en Clonavon Terrace, en Ballymena, Irlanda del Norte, mientras la gente participa en una protesta por una presunta agresi\u00f3n sexual en la ciudad de Co Antrim, el martes 10 de junio de 2025.<\/span> <span>(Niall Carson \/\/ PA a trav\u00e9s de AP)<\/span><\/p>\n<\/div>\n<\/div>\n<\/div>\n<p>Dijo que la violencia deber\u00eda ser \u00abcondenada en voz alta por todas las personas que pensan bien.<\/p>\n<p>\u00abCualquier intento de justificarlo o explicarlo como algo m\u00e1s est\u00e1 fuera de lugar\u00bb, dijo.<\/p>\n<p> <!----> <!----><\/div>\n\n","protected":false},"excerpt":{"rendered":"<p>NUEVO\u00a1Ahora puedes escuchar art\u00edculos de Fox News! Los manifestantes arrojaron a la polic\u00eda con ladrillos, botellas y fuegos artificiales y se encendieron los veh\u00edculos el martes en una segunda noche de violencia antiinmigrante en la ciudad de Ballymena de Irlanda del Norte. La polic\u00eda us\u00f3 rondas de bat\u00f3n de ca\u00f1\u00f3n de agua y pl\u00e1stico en &hellip;<\/p>\n","protected":false},"author":1,"featured_media":31248,"comment_status":"open","ping_status":"open","sticky":false,"template":"","format":"standard","meta":{"fifu_image_url":"https:\/\/static.foxnews.com\/foxnews.com\/content\/uploads\/2025\/06\/northern-ireland-protest3.jpg","fifu_image_alt":"","footnotes":""},"categories":[13],"tags":[],"class_list":["post-31246","post","type-post","status-publish","format-standard","has-post-thumbnail","","category-mundo"],"_links":{"self":[{"href":"https:\/\/noticiasveraces.com\/index.php?rest_route=\/wp\/v2\/posts\/31246","targetHints":{"allow":["GET"]}}],"collection":[{"href":"https:\/\/noticiasveraces.com\/index.php?rest_route=\/wp\/v2\/posts"}],"about":[{"href":"https:\/\/noticiasveraces.com\/index.php?rest_route=\/wp\/v2\/types\/post"}],"author":[{"embeddable":true,"href":"https:\/\/noticiasveraces.com\/index.php?rest_route=\/wp\/v2\/users\/1"}],"replies":[{"embeddable":true,"href":"https:\/\/noticiasveraces.com\/index.php?rest_route=%2Fwp%2Fv2%2Fcomments&post=31246"}],"version-history":[{"count":0,"href":"https:\/\/noticiasveraces.com\/index.php?rest_route=\/wp\/v2\/posts\/31246\/revisions"}],"wp:featuredmedia":[{"embeddable":true,"href":"https:\/\/noticiasveraces.com\/index.php?rest_route=\/wp\/v2\/media\/31248"}],"wp:attachment":[{"href":"https:\/\/noticiasveraces.com\/index.php?rest_route=%2Fwp%2Fv2%2Fmedia&parent=31246"}],"wp:term":[{"taxonomy":"category","embeddable":true,"href":"https:\/\/noticiasveraces.com\/index.php?rest_route=%2Fwp%2Fv2%2Fcategories&post=31246"},{"taxonomy":"post_tag","embeddable":true,"href":"https:\/\/noticiasveraces.com\/index.php?rest_route=%2Fwp%2Fv2%2Ftags&post=31246"}],"curies":[{"name":"wp","href":"https:\/\/api.w.org\/{rel}","templated":true}]}}