{"id":31211,"date":"2025-06-11T11:45:14","date_gmt":"2025-06-11T15:45:14","guid":{"rendered":"https:\/\/noticiasveraces.com\/?p=31211"},"modified":"2025-06-11T11:45:14","modified_gmt":"2025-06-11T15:45:14","slug":"kosovo-acuerda-recibir-a-los-deportados-estadounidenses-en-medio-de-las-represiones-en-la-administracion-trump","status":"publish","type":"post","link":"https:\/\/noticiasveraces.com\/?p=31211","title":{"rendered":"Kosovo acuerda recibir a los deportados estadounidenses en medio de las represiones en la administraci\u00f3n Trump"},"content":{"rendered":"<p> \n<\/p>\n<div>\n<div id=\"beyondwords-wrapper\" class=\"beyondwords-wrapper\">\n<p><span class=\"label-bg\">NUEVO<\/span>\u00a1Ahora puedes escuchar art\u00edculos de Fox News!\n  <\/p>\n<\/div>\n<p class=\"speakable\">La naci\u00f3n de Europa del Este de Kosovo acord\u00f3 organizar hasta 50 migrantes deportados de los Estados Unidos durante un per\u00edodo de un a\u00f1o, confirm\u00f3 los informes el mi\u00e9rcoles.<\/p>\n<p class=\"speakable\">La decisi\u00f3n se produce cuando EE. UU. Ha empujado cada vez m\u00e1s a las naciones de terceros a los deportistas en medio de las promesas de deportaci\u00f3n masiva del presidente Donald Trump.<\/p>\n<p>\u00abEl gobierno ha expresado su disposici\u00f3n para participar, con la oportunidad de seleccionar a las personas de un grupo propuesto, siempre que cumplan con criterios espec\u00edficos relacionados con el estado de derecho y el orden p\u00fablico\u00bb, dijo el gobierno de Kosovo en un comunicado el mi\u00e9rcoles, seg\u00fan Reuters. <\/p>\n<p><strong>Trump&#8217;s ICE lanza una audaz estrategia de arresto migrante de juzgado para acelerar las deportaciones que Biden evit\u00f3<\/strong><\/p>\n<div class=\"image-ct inline\">\n<div class=\"m\"><picture><source media=\"(max-width: 767px)\" srcset=\"https:\/\/a57.foxnews.com\/static.foxnews.com\/foxnews.com\/content\/uploads\/2025\/01\/343\/192\/deportation-flight.jpg?ve=1&amp;tl=1, https:\/\/a57.foxnews.com\/static.foxnews.com\/foxnews.com\/content\/uploads\/2025\/01\/686\/384\/deportation-flight.jpg?ve=1&amp;tl=1 2x\" height=\"192\" width=\"343\"><source media=\"(min-width: 768px) and (max-width: 1023px)\" srcset=\"https:\/\/a57.foxnews.com\/static.foxnews.com\/foxnews.com\/content\/uploads\/2025\/01\/672\/378\/deportation-flight.jpg?ve=1&amp;tl=1, https:\/\/a57.foxnews.com\/static.foxnews.com\/foxnews.com\/content\/uploads\/2025\/01\/1344\/756\/deportation-flight.jpg?ve=1&amp;tl=1 2x\" height=\"378\" width=\"672\"><source media=\"(min-width: 1024px) and (max-width: 1279px)\" srcset=\"https:\/\/a57.foxnews.com\/static.foxnews.com\/foxnews.com\/content\/uploads\/2025\/01\/931\/523\/deportation-flight.jpg?ve=1&amp;tl=1, https:\/\/a57.foxnews.com\/static.foxnews.com\/foxnews.com\/content\/uploads\/2025\/01\/1862\/1046\/deportation-flight.jpg?ve=1&amp;tl=1 2x\" height=\"523\" width=\"931\"><source media=\"(min-width: 1280px)\" srcset=\"https:\/\/a57.foxnews.com\/static.foxnews.com\/foxnews.com\/content\/uploads\/2025\/01\/720\/405\/deportation-flight.jpg?ve=1&amp;tl=1, https:\/\/a57.foxnews.com\/static.foxnews.com\/foxnews.com\/content\/uploads\/2025\/01\/1440\/810\/deportation-flight.jpg?ve=1&amp;tl=1 2x\" height=\"405\" width=\"720\"><img loading=\"lazy\" decoding=\"async\" src=\"https:\/\/a57.foxnews.com\/static.foxnews.com\/foxnews.com\/content\/uploads\/2025\/01\/1200\/675\/deportation-flight.jpg?ve=1&amp;tl=1\" alt=\"Vuelo de deportaci\u00f3n fuera de nosotros\" width=\"1200\" height=\"675\"\/><\/source><\/source><\/source><\/source><\/picture><\/div>\n<div class=\"info\">\n<div class=\"caption\">\n<p><span>La secretaria de prensa de la Casa Blanca, Karoline Leavitt, lanz\u00f3 esta imagen el viernes, escribiendo en X que \u00ablos vuelos de deportaci\u00f3n han comenzado\u00bb.<\/span> <span>(Casa Blanca)<\/span><\/p>\n<\/div>\n<\/div>\n<\/div>\n<p>Los informes surgieron la semana pasada de que Estados Unidos estaba presionando a las naciones de los Balcanes como Serbia a aceptar migrantes, aunque no est\u00e1 claro si estos deportados podr\u00edan incluir migrantes de naciones como Venezuela, Hait\u00ed, Cuba y Nicaragua despu\u00e9s de que la Corte Suprema levant\u00f3 el estado protegido temporal de 500,000 migrantes el mes pasado. <\/p>\n<p>Kosovo se encuentra entre una de las naciones m\u00e1s pobres de Europa, reemplazada solo por Ucrania y Georgia, y, seg\u00fan los informes, ha buscado esquemas similares que podr\u00edan proporcionar una fuente de ingresos. <\/p>\n<p>Fox News Digital no pudo llegar de inmediato a la Casa Blanca o al Departamento de Seguridad Nacional para obtener preguntas sobre si Estados Unidos pagar\u00e1 a las naciones de terceros a los deportados de los Estados Unidos. <\/p>\n<p>Un portavoz del Departamento de Estado le dijo a Fox News Digital que est\u00e1 \u00abagradecido a nuestro socio Kosovo por recibir nacionales de terceros pa\u00edses eliminados de los Estados Unidos y facilitar el regreso seguro de esos extranjeros a sus pa\u00edses de origen\u00bb. <\/p>\n<p>\u00abAgradecemos la cooperaci\u00f3n sobre esta prioridad clave de la administraci\u00f3n de Trump\u00bb, agreg\u00f3 el portavoz, aunque no respondieron las preguntas de Fox News Digital para pagar a Kosovo por el esquema.<\/p>\n<p><strong>Las naciones europeas exigen poder para deportar a los inmigrantes que cometen delitos<\/strong><\/p>\n<div class=\"image-ct inline\">\n<div class=\"m\"><picture><source media=\"(max-width: 767px)\" srcset=\"https:\/\/a57.foxnews.com\/static.foxnews.com\/foxnews.com\/content\/uploads\/2025\/05\/343\/192\/gettyimages-2207340896.jpg?ve=1&amp;tl=1, https:\/\/a57.foxnews.com\/static.foxnews.com\/foxnews.com\/content\/uploads\/2025\/05\/686\/384\/gettyimages-2207340896.jpg?ve=1&amp;tl=1 2x\" height=\"192\" width=\"343\"><source media=\"(min-width: 768px) and (max-width: 1023px)\" srcset=\"https:\/\/a57.foxnews.com\/static.foxnews.com\/foxnews.com\/content\/uploads\/2025\/05\/672\/378\/gettyimages-2207340896.jpg?ve=1&amp;tl=1, https:\/\/a57.foxnews.com\/static.foxnews.com\/foxnews.com\/content\/uploads\/2025\/05\/1344\/756\/gettyimages-2207340896.jpg?ve=1&amp;tl=1 2x\" height=\"378\" width=\"672\"><source media=\"(min-width: 1024px) and (max-width: 1279px)\" srcset=\"https:\/\/a57.foxnews.com\/static.foxnews.com\/foxnews.com\/content\/uploads\/2025\/05\/931\/523\/gettyimages-2207340896.jpg?ve=1&amp;tl=1, https:\/\/a57.foxnews.com\/static.foxnews.com\/foxnews.com\/content\/uploads\/2025\/05\/1862\/1046\/gettyimages-2207340896.jpg?ve=1&amp;tl=1 2x\" height=\"523\" width=\"931\"><source media=\"(min-width: 1280px)\" srcset=\"https:\/\/a57.foxnews.com\/static.foxnews.com\/foxnews.com\/content\/uploads\/2025\/05\/720\/405\/gettyimages-2207340896.jpg?ve=1&amp;tl=1, https:\/\/a57.foxnews.com\/static.foxnews.com\/foxnews.com\/content\/uploads\/2025\/05\/1440\/810\/gettyimages-2207340896.jpg?ve=1&amp;tl=1 2x\" height=\"405\" width=\"720\"><img loading=\"lazy\" decoding=\"async\" src=\"https:\/\/a57.foxnews.com\/static.foxnews.com\/foxnews.com\/content\/uploads\/2025\/05\/1200\/675\/gettyimages-2207340896.jpg?ve=1&amp;tl=1\" alt=\"EE. UU. Deports pandillas a El Salvador.\" width=\"1200\" height=\"675\"\/><\/source><\/source><\/source><\/source><\/picture><\/div>\n<div class=\"info\">\n<div class=\"caption\">\n<p><span>Diecisiete miembros de la pandilla Tren de Aragua de Venezuela y los miembros de la pandilla MS-13, que fueron deportados a El Salvador por los Estados Unidos, llegan a San Salvador, El Salvador, el 31 de marzo de 2025.<\/span> <span>(Oficina de Presidencia de El Salvador Press\/Anadolu a trav\u00e9s de Getty Images)<\/span><\/p>\n<\/div>\n<\/div>\n<\/div>\n<p>Los deportados de la vivienda han sido un tema controvertido en Kosovo mucho antes de que Estados Unidos empujara a la naci\u00f3n balc\u00e1nica a aceptar a sus inmigrantes deportados.<\/p>\n<p>El mes pasado, el Reino Unido dijo que estaba buscando a Kosovo, junto con otras ocho naciones en gran parte de los Balcanes, para abrir \u00abHubs de regreso\u00bb para recibir a los solicitantes de asilo que negaron el santuario.<\/p>\n<p>El esquema es parte de un intento m\u00e1s amplio de firmar la migraci\u00f3n ilegal a Gran Breta\u00f1a. <\/p>\n<div class=\"image-ct inline\">\n<div class=\"m\"><picture><source media=\"(max-width: 767px)\" srcset=\"https:\/\/a57.foxnews.com\/static.foxnews.com\/foxnews.com\/content\/uploads\/2025\/06\/343\/192\/kosovo.jpg?ve=1&amp;tl=1, https:\/\/a57.foxnews.com\/static.foxnews.com\/foxnews.com\/content\/uploads\/2025\/06\/686\/384\/kosovo.jpg?ve=1&amp;tl=1 2x\" height=\"192\" width=\"343\"><source media=\"(min-width: 768px) and (max-width: 1023px)\" srcset=\"https:\/\/a57.foxnews.com\/static.foxnews.com\/foxnews.com\/content\/uploads\/2025\/06\/672\/378\/kosovo.jpg?ve=1&amp;tl=1, https:\/\/a57.foxnews.com\/static.foxnews.com\/foxnews.com\/content\/uploads\/2025\/06\/1344\/756\/kosovo.jpg?ve=1&amp;tl=1 2x\" height=\"378\" width=\"672\"><source media=\"(min-width: 1024px) and (max-width: 1279px)\" srcset=\"https:\/\/a57.foxnews.com\/static.foxnews.com\/foxnews.com\/content\/uploads\/2025\/06\/931\/523\/kosovo.jpg?ve=1&amp;tl=1, https:\/\/a57.foxnews.com\/static.foxnews.com\/foxnews.com\/content\/uploads\/2025\/06\/1862\/1046\/kosovo.jpg?ve=1&amp;tl=1 2x\" height=\"523\" width=\"931\"><source media=\"(min-width: 1280px)\" srcset=\"https:\/\/a57.foxnews.com\/static.foxnews.com\/foxnews.com\/content\/uploads\/2025\/06\/720\/405\/kosovo.jpg?ve=1&amp;tl=1, https:\/\/a57.foxnews.com\/static.foxnews.com\/foxnews.com\/content\/uploads\/2025\/06\/1440\/810\/kosovo.jpg?ve=1&amp;tl=1 2x\" height=\"405\" width=\"720\"><img loading=\"lazy\" decoding=\"async\" src=\"https:\/\/a57.foxnews.com\/static.foxnews.com\/foxnews.com\/content\/uploads\/2025\/06\/1200\/675\/kosovo.jpg?ve=1&amp;tl=1\" alt=\"La prisi\u00f3n de Kosovo acepta prisioneros extranjeros de Dinamarca.\" width=\"1200\" height=\"675\"\/><\/source><\/source><\/source><\/source><\/picture><\/div>\n<div class=\"info\">\n<div class=\"caption\">\n<p><span>Trescientos convictos daneses ser\u00e1n transferidos a una prisi\u00f3n en Pasjan, el sureste de Kosovo, para cumplir el resto de sus sentencias. A cambio, Dinamarca pagar\u00e1 a Kosovo alrededor de 200 millones de euros, y las primeras transferencias de prisioneros de Dinamarca comenzar\u00e1n en abril de 2027. <\/span> <span>(Armend Nimani\/AFP a trav\u00e9s de Getty Images)<\/span><\/p>\n<\/div>\n<\/div>\n<\/div>\n<p><strong>Haga clic aqu\u00ed para obtener la aplicaci\u00f3n Fox News<\/strong><\/p>\n<p>Otro acuerdo de 2022 entre Dinamarca y Kosovo vio la transferencia de 300 prisioneros extranjeros a la instituci\u00f3n correccional de Kosovo en Gjilan, que se espera que sean deportados despu\u00e9s de sus sentencias. <\/p>\n<p>El acuerdo est\u00e1 listo para traer a Kosovo $ 217 millones.<\/p>\n<p> <!----> <\/p>\n<div class=\"article-meta\">\n<div class=\"author-bio\">\n<p>Caitlin McFall es reportero de Fox News Digital Cubting Politics, US y World News.<\/p>\n<\/div>\n<\/div>\n<\/div>\n\n","protected":false},"excerpt":{"rendered":"<p>NUEVO\u00a1Ahora puedes escuchar art\u00edculos de Fox News! La naci\u00f3n de Europa del Este de Kosovo acord\u00f3 organizar hasta 50 migrantes deportados de los Estados Unidos durante un per\u00edodo de un a\u00f1o, confirm\u00f3 los informes el mi\u00e9rcoles. La decisi\u00f3n se produce cuando EE. UU. Ha empujado cada vez m\u00e1s a las naciones de terceros a los &hellip;<\/p>\n","protected":false},"author":1,"featured_media":31213,"comment_status":"open","ping_status":"open","sticky":false,"template":"","format":"standard","meta":{"fifu_image_url":"https:\/\/static.foxnews.com\/foxnews.com\/content\/uploads\/2025\/01\/colombia-us-deportation-flights-blur-3.jpg","fifu_image_alt":"","footnotes":""},"categories":[13],"tags":[],"class_list":["post-31211","post","type-post","status-publish","format-standard","has-post-thumbnail","","category-mundo"],"_links":{"self":[{"href":"https:\/\/noticiasveraces.com\/index.php?rest_route=\/wp\/v2\/posts\/31211","targetHints":{"allow":["GET"]}}],"collection":[{"href":"https:\/\/noticiasveraces.com\/index.php?rest_route=\/wp\/v2\/posts"}],"about":[{"href":"https:\/\/noticiasveraces.com\/index.php?rest_route=\/wp\/v2\/types\/post"}],"author":[{"embeddable":true,"href":"https:\/\/noticiasveraces.com\/index.php?rest_route=\/wp\/v2\/users\/1"}],"replies":[{"embeddable":true,"href":"https:\/\/noticiasveraces.com\/index.php?rest_route=%2Fwp%2Fv2%2Fcomments&post=31211"}],"version-history":[{"count":0,"href":"https:\/\/noticiasveraces.com\/index.php?rest_route=\/wp\/v2\/posts\/31211\/revisions"}],"wp:featuredmedia":[{"embeddable":true,"href":"https:\/\/noticiasveraces.com\/index.php?rest_route=\/wp\/v2\/media\/31213"}],"wp:attachment":[{"href":"https:\/\/noticiasveraces.com\/index.php?rest_route=%2Fwp%2Fv2%2Fmedia&parent=31211"}],"wp:term":[{"taxonomy":"category","embeddable":true,"href":"https:\/\/noticiasveraces.com\/index.php?rest_route=%2Fwp%2Fv2%2Fcategories&post=31211"},{"taxonomy":"post_tag","embeddable":true,"href":"https:\/\/noticiasveraces.com\/index.php?rest_route=%2Fwp%2Fv2%2Ftags&post=31211"}],"curies":[{"name":"wp","href":"https:\/\/api.w.org\/{rel}","templated":true}]}}