{"id":31203,"date":"2025-06-11T10:43:13","date_gmt":"2025-06-11T14:43:13","guid":{"rendered":"https:\/\/noticiasveraces.com\/?p=31203"},"modified":"2025-06-11T10:43:13","modified_gmt":"2025-06-11T14:43:13","slug":"austria-sigue-consternada-tras-masacre-en-escuela-de-graz-dw-11-06-2025","status":"publish","type":"post","link":"https:\/\/noticiasveraces.com\/?p=31203","title":{"rendered":"Austria sigue consternada tras masacre en escuela de Graz \u2013 DW \u2013 11\/06\/2025"},"content":{"rendered":"<p> \n<\/p>\n<div>\n<p>Un hombre joven desempleado de 21 a\u00f1os, identificado por la prensa local como Arthur A., ingres\u00f3 el martes (10.06.2025) a las 10.00 hora local a su antiguo centro escolar en Graz, en el sur de Austria,\u00a0para disparar en dos aulas contra alumnos y docentes.<\/p>\n<p>Seg\u00fan los escasos relatos familiares y amigos de las v\u00edctimas que la prensa austr\u00edaca pudo recabar hasta ahora, varias personas murieron con disparos directos en la cabeza, mientras que algunos lograron sobrevivir al tirarse al suelo pretendiendo que estaban muertos.<\/p>\n<p>El diario <em>Peri\u00f3dico de la corona <\/em>asegura en su edici\u00f3n de este mi\u00e9rcoles que una profesora logr\u00f3 cerrar con llave la puerta de su aula y llam\u00f3 a su marido diciendo: \u00abEstamos a salvo pero la situaci\u00f3n es dram\u00e1tica. Est\u00e1n disparando todo el tiempo\u00bb.<\/p>\n<p>La masacre de Graz, que dur\u00f3 exactamente 17 minutos, antes de que el supuesto agresor se suicidara en un ba\u00f1o del colegio, ha desatado un debate pol\u00edtico en Austria sobre la facilidad con la que pudo adquirir, hace apenas unos d\u00edas, las dos armas usadas en su asalto, una pistola y un rifle.<\/p>\n<h2>El rifle fue comprado por el atacante sin problemas <\/h2>\n<p>Seg\u00fan expertos entrevistados anoche por la televisi\u00f3n p\u00fablica ORF, el rifle lo pudo comprar sin problemas al tener m\u00e1s de 18 a\u00f1os de edad, mientras que para la pistola parece haber pasado unas pruebas psicol\u00f3gicas.<\/p>\n<p>La alcaldesa de Graz, Elke Kahr, pidi\u00f3 anoche un debate sobre un endurecimiento de las leyes de posesi\u00f3n de armas.<\/p>\n<p>\u00abConsiderado que hay que ser m\u00e1s estrictos con el hecho de que sea tan f\u00e1cil conseguir armas de fuego a una edad tan temprana. Pero da igual la edad que se tenga\u00bb, dijo la edil, del partido comunista KP\u00d6.<\/p>\n<p>\u00abSe pueden plantear mil preguntas sobre si se podr\u00eda haber evitado. Pero un arma no es un juguete, en caso de emergencia mata. Sin embargo, \u00e9stas son conversaciones que seguramente tambi\u00e9n se llevar\u00e1n a cabo a nivel federal en el futuro\u00bb, agreg\u00f3 Kahr.<\/p>\n<figure class=\"placeholder-image master_landscape big\"><img data-format=\"MASTER_LANDSCAPE\" data-id=\"72865938\" data-url=\"https:\/\/static.dw.com\/image\/72865938_${formatId}.jpg\" data-aspect-ratio=\"16\/9\" alt=\"Una gran cantidad de personas frente a un homenaje con velas y flores en Graz, luego del ataque a una escuela en el que murieron 11 personas.\" style=\"padding-bottom: 56.25%; height: 0; max-height: 0;\"\/><figcaption class=\"img-caption\">La gente deposit\u00f3 flores la noche luego del tiroteo en Graz. (10.06.2025).<small class=\"copyright\">Imagen: Heinz-Peter Bader\/AP\/Picture Alliance<\/small><\/figcaption><\/figure>\n<p>De hecho, Austria es uno de los pa\u00edses europeos con mayor n\u00famero de armas, sobre todo para fines de caza tradicional.<\/p>\n<p>En los \u00faltimos a\u00f1os el n\u00famero de armas se ha disparado en este pa\u00eds de 9 millones de habitantes, seg\u00fan datos oficiales, al pasar entre 2018 y 2025 de un mill\u00f3n a m\u00e1s de un mill\u00f3n y medio, que est\u00e1n en manos de unos 380.000 propietarios, destaca el\u00a0 diario <em>La prensa<\/em>.<\/p>\n<p><span data-slot-id=\"Article_InContent-1\" class=\"rich-text-ad\"\/><\/p>\n<h2>Allanamiento de la vivienda del supuesto agresor y misa por las v\u00edctimas<\/h2>\n<p>La Polic\u00eda registr\u00f3 ayer el domicilio del supuesto agresor, de nacionalidad austr\u00edaca, donde encontraron una carta de despedida, en papel y en forma electr\u00f3nica, que sin embargo no dan indicios sobre los motivos de su crimen.<\/p>\n<p>Aparte de los once muertos, incluyendo el supuesto atacante, resultaron heridas 11 personas, entre las que hay varias en estado grave.<\/p>\n<p>Mientras que la c\u00fapula del Gobierno austr\u00edaco acudi\u00f3 anoche a una misa de conmemoraci\u00f3n de las v\u00edctimas en la Catedral de Graz, la selecci\u00f3n austr\u00edaca de f\u00fatbol jug\u00f3 su partido clasificatorio para el Mundial 2026 contra San Marino con un brazalete negro y tras un minuto de silencio.<\/p>\n<figure class=\"placeholder-image master_landscape big\"><img data-format=\"MASTER_LANDSCAPE\" data-id=\"72865961\" data-url=\"https:\/\/static.dw.com\/image\/72865961_${formatId}.jpg\" data-aspect-ratio=\"16\/9\" alt=\"Personal de la Cruz Roja haciendo un minuto de silencio frente a un homenaje en la puerta de la escuela de Graz donde el d\u00eda anterior un hombre atac\u00f3 y mat\u00f3 a 11 personas. (11.06.2025).\" style=\"padding-bottom: 56.25%; height: 0; max-height: 0;\"\/><figcaption class=\"img-caption\">Los residentes de Graz guardaron un minuto de silencio un d\u00eda despu\u00e9s del tiroteo mortal en una escuela.  Aqu\u00ed, personal de la Cruz Roja. (11.06.2025).<small class=\"copyright\">Imagen: Borut Zivulovic\/REUTERS<\/small><\/figcaption><\/figure>\n<p>Austria hab\u00eda vivido en las \u00faltimas tres d\u00e9cadas varios episodios de violencia en escuelas, con alg\u00fan que otro muerto, aunque nunca hubo un ataque de estas dimensiones.<\/p>\n<p>Si bien en la prensa y redes sociales circula la teor\u00eda de un supuesto acto de venganza del atacante por haber sufrido acoso escolar en el pasado, la Polic\u00eda austr\u00edaca no quiere ni confirmar ni desmentir estas versiones.<\/p>\n<h2>Un minuto de silencio a las 10.00 hora local<\/h2>\n<p>Mientras, el pa\u00eds entero guard\u00f3 esta ma\u00f1ana, a las 10.00 hora local (08.00 GMT), justo 24 horas despu\u00e9s del inicio de la masacre, un minuto de silencio.<\/p>\n<p>La empresa de transporte p\u00fablico de Viena, por ejemplo, detuvo a\u00a0todos sus veh\u00edculos, es decir, tranv\u00edas, autobuses y metro subterr\u00e1neo, para guardar ese minuto de silencio en honor a las v\u00edctimas de Graz.<\/p>\n<p>Anoche, miles de personas acudieron en pleno silencio a la plaza central de Graz para depositar velas en memoria de los asesinados, seis mujeres y chicas, as\u00ed como cuatro varones.<\/p>\n<p>La direcci\u00f3n de la escuela atacada emiti\u00f3 anoche en redes sociales un emotivo mensaje dirigido a sus alumnos.<\/p>\n<p>\u00abFue un d\u00eda terrible, que nos conmovi\u00f3 y afect\u00f3 profundamente a todos. Sigamos unidos como comunidad y apoy\u00e1ndonos mutuamente. Vuestros profesores y vuestra directora\u00bb, se\u00f1ala el breve mensaje en Instagram.<\/p>\n<p>Graz es la segunda ciudad de Austria, situada en el sur del pa\u00eds, cerca de la frontera con Eslovenia.<\/p>\n<p>Con 300.000 habitantes es la capital del estado federado de Estiria, uno de los centros industriales del pa\u00eds alpino.<\/p>\n<p>CP (EFE, AFP)<\/p>\n<\/div>\n\n","protected":false},"excerpt":{"rendered":"<p>Un hombre joven desempleado de 21 a\u00f1os, identificado por la prensa local como Arthur A., ingres\u00f3 el martes (10.06.2025) a las 10.00 hora local a su antiguo centro escolar en Graz, en el sur de Austria,\u00a0para disparar en dos aulas contra alumnos y docentes. Seg\u00fan los escasos relatos familiares y amigos de las v\u00edctimas que &hellip;<\/p>\n","protected":false},"author":1,"featured_media":31204,"comment_status":"open","ping_status":"open","sticky":false,"template":"","format":"standard","meta":{"fifu_image_url":"https:\/\/static.dw.com\/image\/72870298_6.jpg","fifu_image_alt":"","footnotes":""},"categories":[13],"tags":[],"class_list":["post-31203","post","type-post","status-publish","format-standard","has-post-thumbnail","","category-mundo"],"_links":{"self":[{"href":"https:\/\/noticiasveraces.com\/index.php?rest_route=\/wp\/v2\/posts\/31203","targetHints":{"allow":["GET"]}}],"collection":[{"href":"https:\/\/noticiasveraces.com\/index.php?rest_route=\/wp\/v2\/posts"}],"about":[{"href":"https:\/\/noticiasveraces.com\/index.php?rest_route=\/wp\/v2\/types\/post"}],"author":[{"embeddable":true,"href":"https:\/\/noticiasveraces.com\/index.php?rest_route=\/wp\/v2\/users\/1"}],"replies":[{"embeddable":true,"href":"https:\/\/noticiasveraces.com\/index.php?rest_route=%2Fwp%2Fv2%2Fcomments&post=31203"}],"version-history":[{"count":0,"href":"https:\/\/noticiasveraces.com\/index.php?rest_route=\/wp\/v2\/posts\/31203\/revisions"}],"wp:featuredmedia":[{"embeddable":true,"href":"https:\/\/noticiasveraces.com\/index.php?rest_route=\/wp\/v2\/media\/31204"}],"wp:attachment":[{"href":"https:\/\/noticiasveraces.com\/index.php?rest_route=%2Fwp%2Fv2%2Fmedia&parent=31203"}],"wp:term":[{"taxonomy":"category","embeddable":true,"href":"https:\/\/noticiasveraces.com\/index.php?rest_route=%2Fwp%2Fv2%2Fcategories&post=31203"},{"taxonomy":"post_tag","embeddable":true,"href":"https:\/\/noticiasveraces.com\/index.php?rest_route=%2Fwp%2Fv2%2Ftags&post=31203"}],"curies":[{"name":"wp","href":"https:\/\/api.w.org\/{rel}","templated":true}]}}