{"id":31180,"date":"2025-06-11T06:22:50","date_gmt":"2025-06-11T10:22:50","guid":{"rendered":"https:\/\/noticiasveraces.com\/?p=31180"},"modified":"2025-06-11T06:22:50","modified_gmt":"2025-06-11T10:22:50","slug":"naciones-unidas-reconoce-el-trabajo-de-regeneracion-del-mar-menor-en-la-conferencia-sobre-los-oceanos-clima-y-medio-ambiente","status":"publish","type":"post","link":"https:\/\/noticiasveraces.com\/?p=31180","title":{"rendered":"Naciones Unidas reconoce el trabajo de regeneraci\u00f3n del mar Menor en la conferencia sobre los oc\u00e9anos | Clima y Medio Ambiente"},"content":{"rendered":"<p> \n<\/p>\n<div data-dtm-region=\"articulo_cuerpo\">\n<p class=\"\">Cuando en el verano de 2016 el mar Menor, en la Regi\u00f3n de Murcia, se convirti\u00f3 en una especie de \u201csopa verde\u201d por la proliferaci\u00f3n masiva de algas derivada, en buena medida, de la llegada a la laguna salada de un exceso de nutrientes procedentes de la agricultura, la ciudadan\u00eda, los grupos ecologistas, la comunidad cient\u00edfica y tambi\u00e9n las instituciones pol\u00edticas se dieron cuenta de que se estaba llegando a un punto de no retorno. La aparici\u00f3n masiva de toneladas de peces muertos por la falta de ox\u00edgeno en el agua en 2019 y 2021 supuso el punto cr\u00edtico que oblig\u00f3 a todos a ponerse en marcha. Las medidas legales, las inversiones del Estado y la administraci\u00f3n regional y la movilizaci\u00f3n ciudadana empiezan a dar sus frutos y el Mar Menor tiende a la estabilidad, un esfuerzo que la ONU ha querido reconocer este a\u00f1o en el marco de su programa World Restoration Flagships, que identifica y apoya proyectos destacados de restauraci\u00f3n ecol\u00f3gica a gran escala.<\/p>\n<p class=\"\">El anuncio se ha hecho este mi\u00e9rcoles durante la conferencia de Naciones Unidas sobre los oc\u00e9anos que se celebra en la ciudad francesa de Niza, en la que se ha destacado el del mar Menor como un caso relevante por su valor ecol\u00f3gico, social y cultural, y tambi\u00e9n por la movilizaci\u00f3n \u201cciudadana, institucional y judicial sin precedentes para revertir su degradaci\u00f3n ambiental\u201d.<\/p>\n<p class=\"\">La presi\u00f3n social ha sido, probablemente, el elemento m\u00e1s decisivo en esa terna: la profesora de Filosof\u00eda del Derecho de la Universidad de Murcia Teresa Vicente se embarc\u00f3 en 2019 en el impulso de una iniciativa legislativa popular (ILP) que logr\u00f3 recabar m\u00e1s de 640.000 firmas para dotar de personalidad jur\u00eddica al mar Menor. La iniciativa se convirti\u00f3 en ley en septiembre de 2022 con el apoyo de todos los grupos pol\u00edticos del Congreso de los Diputados, salvo Vox, que la impugn\u00f3 ante el Tribunal Constitucional. Este aval\u00f3 punto por punto el contenido de la norma, que ha hecho de la laguna salada el primer ecosistema de Europa y uno de los pocos del mundo en tener derechos propios, como si de una persona se tratara. La norma culmin\u00f3 su desarrollo hace tan solo unas semanas, cuando se eligi\u00f3 a los tres tutores que velar\u00e1n por el cumplimiento de sus derechos. Teresa Vicente fue reconocida con el premio Goldman, considerado el Nobel del Medio Ambiente, por este trabajo.<\/p>\n<p class=\"\">El Gobierno de la Regi\u00f3n de Murcia tambi\u00e9n tom\u00f3 nota de la presi\u00f3n ciudadana y aprob\u00f3 la ley 3\/2020, del 27 de julio, de recuperaci\u00f3n y protecci\u00f3n del mar Menor, que fue modificada en 2023 y que ha supuesto restricciones a la actividad agr\u00edcola y ganadera del Campo de Cartagena con el fin de frenar la llegada de contaminantes a sus aguas.<\/p>\n<figure class=\"a_m a_m-h \"><span class=\"_db a_m_w _pr lb_btn\"><img alt=\"Una de las orillas del Mar Menor cubierta de algas, en 2023.\" decoding=\"auto\" class=\"_re lazyload a_m-h\" height=\"264\" srcset=\"https:\/\/imagenes.elpais.com\/resizer\/v2\/RCUUK2FEUFAFZMXNT3U2J3UPMU.jpg?auth=202eda71223f4a9b1c352d0a628b58ceb3ae5cf012bd16b26ce7c7899cb228d3&amp;width=414 414w,https:\/\/imagenes.elpais.com\/resizer\/v2\/RCUUK2FEUFAFZMXNT3U2J3UPMU.jpg?auth=202eda71223f4a9b1c352d0a628b58ceb3ae5cf012bd16b26ce7c7899cb228d3&amp;width=828 640w,https:\/\/imagenes.elpais.com\/resizer\/v2\/RCUUK2FEUFAFZMXNT3U2J3UPMU.jpg?auth=202eda71223f4a9b1c352d0a628b58ceb3ae5cf012bd16b26ce7c7899cb228d3&amp;width=980 1000w,https:\/\/imagenes.elpais.com\/resizer\/v2\/RCUUK2FEUFAFZMXNT3U2J3UPMU.jpg?auth=202eda71223f4a9b1c352d0a628b58ceb3ae5cf012bd16b26ce7c7899cb228d3&amp;width=1960 1960w\" width=\"414\" sizes=\"auto, (min-width:1199px) 1155px,(min-width:1001px) calc(100vw - 44px),(min-width:768px) 767px, 100vw\" src=\"https:\/\/imagenes.elpais.com\/resizer\/v2\/RCUUK2FEUFAFZMXNT3U2J3UPMU.jpg?auth=202eda71223f4a9b1c352d0a628b58ceb3ae5cf012bd16b26ce7c7899cb228d3&amp;width=414\" loading=\"lazy\"\/><svg aria-hidden=\"true\" class=\"icon_multimedia_ampliar | _pa a_m_i a_m_i-a _dn\" viewbox=\"0 0 40 40\"><use xlink:href=\"#svg-ampliar\"\/><\/svg><\/span><figcaption class=\"a_m_p\" aria-hidden=\"true\"><span>Una de las orillas del Mar Menor cubierta de algas, en 2023.<\/span><span class=\"a_m_m\">Picture Alliance (DPA\/Picture Alliance a trav\u00e9s de Getty Images)<\/span><\/figcaption><\/figure>\n<p class=\"\">La ley ha estado en el punto de mira de Vox desde su entrada en vigor y acabar con ella ha sido una de sus exigencias constantes. El pasado 5 de junio, el presidente de la comunidad aut\u00f3noma, Fernando L\u00f3pez Miras, anunci\u00f3 que hab\u00eda llegado a un acuerdo con los de Abascal para aprobar los presupuestos regionales para este 2025, que incluye el compromiso de modificar la norma antes de octubre. El pacto arranc\u00f3 este martes las cr\u00edticas de la ministra para la Transici\u00f3n Ecol\u00f3gica, Sara Aagesen, que participa en la cumbre de la ONU en Niza, y que consider\u00f3 \u201cuna gran irresponsabilidad\u201d modificar la ley. <\/p>\n<p class=\"\">\u201cNo podemos ir marcha atr\u00e1s, tenemos que preservar nuestros ecosistemas\u201d, advirti\u00f3 la ministra. El ministerio aprob\u00f3 en 2022 el Marco de Actuaciones Prioritarias para Recuperar el Mar Menor (MAPMM), que ha ido incrementando sus fondos hasta superar los 675 millones de euros en inversiones que incluyen actuaciones en origen, en toda la cuenca vertiente y soluciones basadas en la naturaleza como humedales artificiales y cinturones verdes para filtrar nutrientes. Actualmente hay ya actuaciones ejecutadas o en ejecuci\u00f3n por valor de 400 millones de euros, que se suman a los 110 millones comprometidos por el Gobierno murciano. <\/p>\n<p class=\"\">Ambas Administraciones, estatal y regional, han venido optando por la v\u00eda de la colaboraci\u00f3n en los \u00faltimos a\u00f1os, y han creado diversos organismo conjuntos de coordinaci\u00f3n de las actuaciones. Todo ello ha llevado a una paulatina recuperaci\u00f3n de este da\u00f1ado ecosistema que, aunque contin\u00faa en situaci\u00f3n de fragilidad, no ha repetido los episodios de \u201csopa verde\u201d y de mortandad de peces de hace un lustro.<\/p>\n<\/div>\n\n","protected":false},"excerpt":{"rendered":"<p>Cuando en el verano de 2016 el mar Menor, en la Regi\u00f3n de Murcia, se convirti\u00f3 en una especie de \u201csopa verde\u201d por la proliferaci\u00f3n masiva de algas derivada, en buena medida, de la llegada a la laguna salada de un exceso de nutrientes procedentes de la agricultura, la ciudadan\u00eda, los grupos ecologistas, la comunidad &hellip;<\/p>\n","protected":false},"author":1,"featured_media":31181,"comment_status":"open","ping_status":"open","sticky":false,"template":"","format":"standard","meta":{"fifu_image_url":"https:\/\/imagenes.elpais.com\/resizer\/v2\/XFMLY5POTFFKPH6XJ4YP3PA3PY.jpg?auth=1a07530a10bd487f5b1948d51e6914d40930772e0f5679a84da3a9a5389d9a4f&width=1200","fifu_image_alt":"","footnotes":""},"categories":[11],"tags":[],"class_list":["post-31180","post","type-post","status-publish","format-standard","has-post-thumbnail","","category-viaje"],"_links":{"self":[{"href":"https:\/\/noticiasveraces.com\/index.php?rest_route=\/wp\/v2\/posts\/31180","targetHints":{"allow":["GET"]}}],"collection":[{"href":"https:\/\/noticiasveraces.com\/index.php?rest_route=\/wp\/v2\/posts"}],"about":[{"href":"https:\/\/noticiasveraces.com\/index.php?rest_route=\/wp\/v2\/types\/post"}],"author":[{"embeddable":true,"href":"https:\/\/noticiasveraces.com\/index.php?rest_route=\/wp\/v2\/users\/1"}],"replies":[{"embeddable":true,"href":"https:\/\/noticiasveraces.com\/index.php?rest_route=%2Fwp%2Fv2%2Fcomments&post=31180"}],"version-history":[{"count":0,"href":"https:\/\/noticiasveraces.com\/index.php?rest_route=\/wp\/v2\/posts\/31180\/revisions"}],"wp:featuredmedia":[{"embeddable":true,"href":"https:\/\/noticiasveraces.com\/index.php?rest_route=\/wp\/v2\/media\/31181"}],"wp:attachment":[{"href":"https:\/\/noticiasveraces.com\/index.php?rest_route=%2Fwp%2Fv2%2Fmedia&parent=31180"}],"wp:term":[{"taxonomy":"category","embeddable":true,"href":"https:\/\/noticiasveraces.com\/index.php?rest_route=%2Fwp%2Fv2%2Fcategories&post=31180"},{"taxonomy":"post_tag","embeddable":true,"href":"https:\/\/noticiasveraces.com\/index.php?rest_route=%2Fwp%2Fv2%2Ftags&post=31180"}],"curies":[{"name":"wp","href":"https:\/\/api.w.org\/{rel}","templated":true}]}}