{"id":31164,"date":"2025-06-11T03:34:00","date_gmt":"2025-06-11T07:34:00","guid":{"rendered":"https:\/\/noticiasveraces.com\/?p=31164"},"modified":"2025-06-11T03:34:00","modified_gmt":"2025-06-11T07:34:00","slug":"mas-actual-que-nunca-dw-10-06-2025","status":"publish","type":"post","link":"https:\/\/noticiasveraces.com\/?p=31164","title":{"rendered":"\u00bfm\u00e1s actual que nunca? \u2013 DW \u2013 10\/06\/2025"},"content":{"rendered":"<p> \n<\/p>\n<div>\n<p>Fue hace nueve a\u00f1os: la \u00abmasacre de Orlando\u00bb.\u00a0El 12 de junio de 2016, en un ataque a un bar LGBTIQ, 49 personas murieron y 53 resultaron heridas en el estado estadounidense de Florida. Es solo uno de\u00a0muchos casos de violencia contra personas <em>queer.<\/em> El autor, director y dramaturgo Thomas H\u00f6ft cuenta la historia al principio de su \u00abQueerPassion\u00bb<em>,<\/em> acompa\u00f1ado por la orquesta Art House 17, con instrumentos hist\u00f3ricos.<\/p>\n<h2>Pasi\u00f3n \u00abqueer\u00bb<\/h2>\n<p>H\u00f6ft utiliza como base musical la famosa Pasi\u00f3n seg\u00fan San Juan, de Johann Sebastian Bach, la representaci\u00f3n musical de la Pasi\u00f3n de Jesucristo. En su texto, sin embargo, H\u00f6ft describe historias de personas <em>queer<\/em> discriminadas y asesinadas. \u00abPens\u00e9: \u00bfd\u00f3nde aparezco yo como hombre <em>queer<\/em> en la m\u00fasica cl\u00e1sica? En ning\u00fan lado, todo ha sido despreciado y prohibido\u00bb, dice en entrevista con DW. Eso es exactamente lo que quer\u00eda cambiar.<\/p>\n<h2>\u00abPasi\u00f3n \u00e1rabe\u00bb<\/h2>\n<p>La Pasi\u00f3n seg\u00fan\u00a0San Juan\u00a0de Bach\u00a0tambi\u00e9n sirvi\u00f3 de inspiraci\u00f3n al m\u00fasico y music\u00f3logo b\u00falgaro Vladimir Ivanoff. Le interesan los pueblos de Oriente Pr\u00f3ximo, cuna de Jesucristo, cuyo sufrimiento por la guerra, el desplazamiento y la opresi\u00f3n tiene una larga historia. El motivo de su \u00abPasi\u00f3n \u00e1rabe\u00bb\u00a0fue la invasi\u00f3n estadounidense de Irak en 2003, que tuvo consecuencias devastadoras para la poblaci\u00f3n civil. \u00abY ahora siento lo mismo por Gaza. Tuve conmigo en los talleres a varios estudiantes de m\u00fasica de Oriente Pr\u00f3ximo, de los que s\u00f3lo espor\u00e1dicamente s\u00e9 que siguen vivos\u00bb, explica Ivanoff a DW.<\/p>\n<p>Ivanoff ha dejado el texto y las notas de Johann Sebastian Bach en el original, pero algunos de los instrumentos proceden de la regi\u00f3n \u00e1rabe mediterr\u00e1nea. La cantante libanesa Fadia El-Hage canta todas las arias de Bach en \u00e1rabe.<\/p>\n<h2>Con Bach, de\u00a0gira<\/h2>\n<p>Tanto la Pasi\u00f3n \u00e1rabe como la <em>queer<\/em> est\u00e1n de gira. Se interpretar\u00e1n en el marco del Festival Bach de Leipzig (del 12 al 22 de junio), que este a\u00f1o lleva por lema \u00abTransformaci\u00f3n\u00bb. Fue en Leipzig donde Johann Sebastian Bach compuso su famosa Pasi\u00f3n seg\u00fan\u00a0San Juan en 1724, cuando era cantor de la iglesia de Santo Tom\u00e1s.<\/p>\n<h2>Puentes entre Occidente y Oriente<\/h2>\n<p>Vladimir Ivanoff ha recombinado piezas de la Pasi\u00f3n seg\u00fan San Juan y de la Pasi\u00f3n seg\u00fan\u00a0San Mateo, de Bach, para su \u00abPasi\u00f3n \u00e1rabe\u00bb. Adem\u00e1s de su conjunto Sarband<em>,<\/em> el cuarteto de cuerda Modern String Quartet actuar\u00e1 junto a la orquesta y el coro. Tambi\u00e9n se incluyen instrumentos de la regi\u00f3n mediterr\u00e1nea, como el la\u00fad de cuello corto ud, la flauta ney y el viol\u00edn \u00e1rabe. Ivanoff busca tender puentes y quiere utilizar la m\u00fasica para conectar Occidente y Oriente.<\/p>\n<figure class=\"placeholder-image master_landscape big\"><img data-format=\"MASTER_LANDSCAPE\" data-id=\"72758381\" data-url=\"https:\/\/static.dw.com\/image\/72758381_${formatId}.jpg\" data-aspect-ratio=\"16\/9\" alt=\"Europa Project queer Passion I Art House 17 - Queer Passion Utrecht\" style=\"padding-bottom: 56.25%; height: 0; max-height: 0;\"\/><figcaption class=\"img-caption\">La orquesta Art House 17 acompa\u00f1a con instrumentos hist\u00f3ricos las presentaciones de \u00abQueerPassion\u00bb.<small class=\"copyright\">Imagen: Marieke Wijntjes<\/small><\/figcaption><\/figure>\n<p>Sin embargo, el mero hecho de que los textos cristianos de la Pasi\u00f3n seg\u00fan\u00a0San Juan sean cantados en \u00e1rabe, y adem\u00e1s por una mujer, es una provocaci\u00f3n para los musulmanes devotos. Por eso sorprende tanto que Vladimir Ivanoff y su conjunto Sarband sean bienvenidos tanto en los festivales de m\u00fasica occidentales como en los \u00e1rabes.<\/p>\n<h2>\u00abGuerrilla Musical\u00bb<\/h2>\n<p>Desde 2003, el ensamble<em> <\/em>Sarband tambi\u00e9n viaja a Oriente Pr\u00f3ximo con su Pasi\u00f3n \u00e1rabe basada en Johann Sebastian Bach. Han actuado en la catedral de Beirut y en Alepo (Siria). \u00abTambi\u00e9n interpretamos la Pasi\u00f3n en Damasco, en el cine Alhambra, en una sala de conciertos de jazz muy famosa\u00bb, dice Ivanoff.<\/p>\n<p>En Abu Dhabi, fueron invitados en el marco del\u00a0premio literario Sheikh Zayed Book Award. Al Emir le gust\u00f3 su m\u00fasica. Poco antes del acto, se dieron cuenta de que estaba prevista una cantante femenina. Pero\u00a0no estaba permitido, y\u00a0el conjunto tuvo que tocar completamente instrumental.<\/p>\n<p>Ivanoff tambi\u00e9n viaj\u00f3 a regiones controladas por la milicia libanesa\u00a0Hezbol\u00e1 con su conjunto. A veces cambian las letras o los t\u00edtulos de las canciones cristianas y jud\u00edas, dice, pero lo soporta. \u00abEse es nuestro principio, queremos entrar en las estructuras en todas las\u00a0circunstancias\u00bb, dice Ivanoff. \u00abMe considero un poco guerrillero musical. Lo que hacemos es eficaz, y esta suave seducci\u00f3n funciona incre\u00edblemente bien\u00bb.<\/p>\n<p>Al igual que la de\u00a0Vladimir Ivanoff, la <em>Pasajero queer<\/em> de Thomas H\u00f6ft tambi\u00e9n se ci\u00f1e estrictamente a la m\u00fasica original de Bach. \u00abSolo el texto es nuevo\u00bb, dice H\u00f6ft. En \u00e9l, alude tanto a la discriminaci\u00f3n actual del colectivo LGBTIQ, como a\u00a0casos antiguos con los que se top\u00f3 durante su investigaci\u00f3n.<\/p>\n<p><span data-slot-id=\"Article_InContent-1\" class=\"rich-text-ad\"\/><\/p>\n<h2>Coros regionales<\/h2>\n<p>Los corales de la Pasi\u00f3n son cantados por coros regionales en los lugares de representaci\u00f3n asociados al movimiento LGBTIQ. En Leipzig, son los \u00abTollkirschen\u00bb, que suelen cantar canciones pop con coreograf\u00eda, y el coro femenino \u00abFr\u00e4ulein A Capella\u00bb<em>,<\/em> al que le gusta ensayar canciones de Europa del Este.<\/p>\n<p>Seg\u00fan sus propias declaraciones, los \u00abTollkirschen\u00bb\u00a0son el \u00fanico coro masculino abiertamente gay de los estados del este de Alemania. Las historias sobre la persecuci\u00f3n de las personas <em>queer<\/em> han conmovido profundamente a los miembros del coro. \u00abThomas H\u00f6ft nos cont\u00f3 los antecedentes durante el ensayo, a veces se nos saltaban las l\u00e1grimas y cant\u00e1bamos los corales de una forma completamente diferente\u00bb.<\/p>\n<p><em>\u00abQueerPassion\u00bb es un proyecto europeo y se presentar\u00e1 en Viena (7 de junio), Leipzig (13 de junio) y Amberes (22 de agosto).<\/em><\/p>\n<p>(MD\/ RML)<\/p>\n<\/div>\n\n","protected":false},"excerpt":{"rendered":"<p>Fue hace nueve a\u00f1os: la \u00abmasacre de Orlando\u00bb.\u00a0El 12 de junio de 2016, en un ataque a un bar LGBTIQ, 49 personas murieron y 53 resultaron heridas en el estado estadounidense de Florida. Es solo uno de\u00a0muchos casos de violencia contra personas queer. El autor, director y dramaturgo Thomas H\u00f6ft cuenta la historia al principio &hellip;<\/p>\n","protected":false},"author":1,"featured_media":31165,"comment_status":"open","ping_status":"open","sticky":false,"template":"","format":"standard","meta":{"fifu_image_url":"https:\/\/static.dw.com\/image\/72758277_6.jpg","fifu_image_alt":"","footnotes":""},"categories":[13],"tags":[],"class_list":["post-31164","post","type-post","status-publish","format-standard","has-post-thumbnail","","category-mundo"],"_links":{"self":[{"href":"https:\/\/noticiasveraces.com\/index.php?rest_route=\/wp\/v2\/posts\/31164","targetHints":{"allow":["GET"]}}],"collection":[{"href":"https:\/\/noticiasveraces.com\/index.php?rest_route=\/wp\/v2\/posts"}],"about":[{"href":"https:\/\/noticiasveraces.com\/index.php?rest_route=\/wp\/v2\/types\/post"}],"author":[{"embeddable":true,"href":"https:\/\/noticiasveraces.com\/index.php?rest_route=\/wp\/v2\/users\/1"}],"replies":[{"embeddable":true,"href":"https:\/\/noticiasveraces.com\/index.php?rest_route=%2Fwp%2Fv2%2Fcomments&post=31164"}],"version-history":[{"count":0,"href":"https:\/\/noticiasveraces.com\/index.php?rest_route=\/wp\/v2\/posts\/31164\/revisions"}],"wp:featuredmedia":[{"embeddable":true,"href":"https:\/\/noticiasveraces.com\/index.php?rest_route=\/wp\/v2\/media\/31165"}],"wp:attachment":[{"href":"https:\/\/noticiasveraces.com\/index.php?rest_route=%2Fwp%2Fv2%2Fmedia&parent=31164"}],"wp:term":[{"taxonomy":"category","embeddable":true,"href":"https:\/\/noticiasveraces.com\/index.php?rest_route=%2Fwp%2Fv2%2Fcategories&post=31164"},{"taxonomy":"post_tag","embeddable":true,"href":"https:\/\/noticiasveraces.com\/index.php?rest_route=%2Fwp%2Fv2%2Ftags&post=31164"}],"curies":[{"name":"wp","href":"https:\/\/api.w.org\/{rel}","templated":true}]}}