{"id":31153,"date":"2025-06-11T02:32:54","date_gmt":"2025-06-11T06:32:54","guid":{"rendered":"https:\/\/noticiasveraces.com\/?p=31153"},"modified":"2025-06-11T02:32:54","modified_gmt":"2025-06-11T06:32:54","slug":"alemania-aun-lejos-de-la-elite-a-un-ano-del-mundial-dw-10-06-2025","status":"publish","type":"post","link":"https:\/\/noticiasveraces.com\/?p=31153","title":{"rendered":"Alemania, a\u00fan lejos de la \u00e9lite a un a\u00f1o del Mundial \u2013 DW \u2013 10\/06\/2025"},"content":{"rendered":"<p> \n<\/p>\n<div>\n<p>Decepcionados y con la cabeza baja, los jugadores se retiraron del campo en el estadio de Stuttgart. Tras la derrota contra Francia en la Liga de Naciones (<em>Liga de las naciones<\/em>), la desilusi\u00f3n era evidente en todos los internacionales alemanes.<\/p>\n<p>Si bien la selecci\u00f3n alemana mostr\u00f3 una actuaci\u00f3n notablemente mejor frente a Francia, en comparaci\u00f3n con el duelo anterior ante Cristiano Ronaldo y Portugal, el \u00abFinal Four\u00bb termin\u00f3 dejando otras dos derrotas en el balance.<\/p>\n<p>\u00abHoy vimos un equipo completamente diferente, con mucho m\u00e1s coraje que contra Portugal. Pero en el f\u00fatbol tambi\u00e9n cuenta la eficacia de cara al gol\u00bb, declar\u00f3 el seleccionador Julian Nagelsmann, aludiendo a las claras ocasiones desaprovechadas por su equipo. \u00abSabemos que, en cuanto a calidad individual, a veces estamos un poco por debajo de las grandes potencias. Y Francia es una de ellas. Pero hoy, en muchos momentos, fuimos el mejor equipo casi\u00a0hasta\u00a0la l\u00ednea de meta\u00bb.<\/p>\n<h2>Falta de profundidad en la plantilla<\/h2>\n<p>Los dos partidos dejaron claro que esta Alemania, mermada por las ausencias, sigue estando a un gran paso de la \u00e9lite mundial, cuando solo queda\u00a0un a\u00f1o para el Mundial en EE. UU., Canad\u00e1 y M\u00e9xico (del 11 de junio al 19 de julio de 2026). Las bajas de titulares como Antonio R\u00fcdiger, Jamal Musiala o Kai Havertz fueron imposibles de compensar de forma adecuada por Nagelsmann.<\/p>\n<p>Detr\u00e1s del once titular, el nivel baja considerablemente. Adem\u00e1s, en algunas posiciones falta clase internacional. Como ya ocurr\u00eda hace algunos a\u00f1os, el lateral izquierdo y la delantera siguen siendo zonas problem\u00e1ticas; y, en general, los extremos r\u00e1pidos escasean.<\/p>\n<p>\u00abEn cuanto a la profundidad de plantilla, debemos abandonar la ilusi\u00f3n de que lo solucionaremos en un a\u00f1o\u00bb, admiti\u00f3 Nagelsmann de cara al Mundial 2026. \u00abNo podemos recuperar en dos a\u00f1os lo que se descuid\u00f3 durante ocho\u00bb.<\/p>\n<figure class=\"placeholder-image master_landscape big\"><img data-format=\"MASTER_LANDSCAPE\" data-id=\"72826049\" data-url=\"https:\/\/static.dw.com\/image\/72826049_${formatId}.jpg\" data-aspect-ratio=\"16\/9\" alt=\"El alem\u00e1n Florian Wirtz se enfrenta a varios jugadores de la selecci\u00f3n francesa.\" style=\"padding-bottom: 56.25%; height: 0; max-height: 0;\"\/><figcaption class=\"img-caption\">La selecci\u00f3n alemana mostr\u00f3 una gran mejora frente a Francia, pero al final tuvo que aceptar la derrota.<small class=\"copyright\">Imagen: Cathrin M\u00fcller\/Picture Alliance <\/small><\/figcaption><\/figure>\n<h2>Alemania, rezagada en formaci\u00f3n juvenil<\/h2>\n<p>El problema se\u00f1alado por Nagelsmann no es nuevo. Desde hace a\u00f1os, al f\u00fatbol alem\u00e1n le faltan j\u00f3venes talentos. Seg\u00fan un estudio a largo plazo encargado por la Federaci\u00f3n Alemana de F\u00fatbol (DFB) y la Liga Alemana de F\u00fatbol (DFL), la formaci\u00f3n de talentos de \u00e9lite fue descuidada durante a\u00f1os.<\/p>\n<p>\u00abMostramos que Alemania est\u00e1 claramente rezagada. Ning\u00fan club alem\u00e1n figura entre los diez mejores de las cinco grandes ligas m\u00e1s Portugal en cuanto a formaci\u00f3n de talentos\u00bb, explic\u00f3 el exentrenador de la Bundesliga Alexander Nouri, que particip\u00f3 en el estudio, en una entrevista con la plataforma <em>Transfermarkt.de<\/em>.<\/p>\n<p><span data-slot-id=\"Article_InContent-1\" class=\"rich-text-ad\"\/><\/p>\n<h2>Otras selecciones s\u00ed tienen j\u00f3venes l\u00edderes<\/h2>\n<p>En el extranjero, el trabajo con j\u00f3venes ha dado frutos y ha generado un enorme valor, seg\u00fan Nouri. En Espa\u00f1a, destacan los ofensivos de 22 a\u00f1os Nico Williams y Pedri, as\u00ed como el talento del siglo Lamine Yamal, que con solo 17 a\u00f1os ya suma varios t\u00edtulos.<\/p>\n<p>En Portugal, cifras como Nuno Mendes (22), Francisco concebido (22) o Vitinha (25) ya son pilares del equipo nacional. Francia tiene un panorama similar: <em>Liga de Campeones<\/em>son claros ejemplos.<\/p>\n<h2>Nagelsmann: \u00abSiento que este grupo tiene algo especial\u00bb<\/h2>\n<p>Pese a la falta de opciones y profundidad, la selecci\u00f3n alemana ha demostrado que puede competir con las grandes potencias. \u00abLo que siempre debe estar al cien por ciento\u00a0es nuestra disposici\u00f3n, nuestra actitud y nuestra mentalidad\u00bb, dijo el capit\u00e1n Joshua Kimmich. \u00abSi eso funciona, podemos competir con cualquiera\u00bb.<\/p>\n<p>Bajo el mando de Nagelsmann, el equipo ha evolucionado pese a los reveses recientes y ha sentado una base. \u00abSiento que este grupo tiene algo especial. Hay mucho potencial dormido. Queremos sacarlo a relucir\u00bb, afirm\u00f3 el t\u00e9cnico.<\/p>\n<p>\u00abRitmo y minutos de juego son claves para tener un buen equipo. Al Mundial solo podremos llevar jugadores que puedan aportar eso\u00bb, a\u00f1adi\u00f3 el seleccionador de 37 a\u00f1os. \u00c9l sabe que, para vencer a los grandes, todo debe encajar perfectamente.<\/p>\n<p>(GG\/RML)<\/p>\n<\/div>\n\n","protected":false},"excerpt":{"rendered":"<p>Decepcionados y con la cabeza baja, los jugadores se retiraron del campo en el estadio de Stuttgart. Tras la derrota contra Francia en la Liga de Naciones (Liga de las naciones), la desilusi\u00f3n era evidente en todos los internacionales alemanes. Si bien la selecci\u00f3n alemana mostr\u00f3 una actuaci\u00f3n notablemente mejor frente a Francia, en comparaci\u00f3n &hellip;<\/p>\n","protected":false},"author":1,"featured_media":31154,"comment_status":"open","ping_status":"open","sticky":false,"template":"","format":"standard","meta":{"fifu_image_url":"https:\/\/static.dw.com\/image\/72818483_6.jpg","fifu_image_alt":"","footnotes":""},"categories":[13],"tags":[],"class_list":["post-31153","post","type-post","status-publish","format-standard","has-post-thumbnail","","category-mundo"],"_links":{"self":[{"href":"https:\/\/noticiasveraces.com\/index.php?rest_route=\/wp\/v2\/posts\/31153","targetHints":{"allow":["GET"]}}],"collection":[{"href":"https:\/\/noticiasveraces.com\/index.php?rest_route=\/wp\/v2\/posts"}],"about":[{"href":"https:\/\/noticiasveraces.com\/index.php?rest_route=\/wp\/v2\/types\/post"}],"author":[{"embeddable":true,"href":"https:\/\/noticiasveraces.com\/index.php?rest_route=\/wp\/v2\/users\/1"}],"replies":[{"embeddable":true,"href":"https:\/\/noticiasveraces.com\/index.php?rest_route=%2Fwp%2Fv2%2Fcomments&post=31153"}],"version-history":[{"count":0,"href":"https:\/\/noticiasveraces.com\/index.php?rest_route=\/wp\/v2\/posts\/31153\/revisions"}],"wp:featuredmedia":[{"embeddable":true,"href":"https:\/\/noticiasveraces.com\/index.php?rest_route=\/wp\/v2\/media\/31154"}],"wp:attachment":[{"href":"https:\/\/noticiasveraces.com\/index.php?rest_route=%2Fwp%2Fv2%2Fmedia&parent=31153"}],"wp:term":[{"taxonomy":"category","embeddable":true,"href":"https:\/\/noticiasveraces.com\/index.php?rest_route=%2Fwp%2Fv2%2Fcategories&post=31153"},{"taxonomy":"post_tag","embeddable":true,"href":"https:\/\/noticiasveraces.com\/index.php?rest_route=%2Fwp%2Fv2%2Ftags&post=31153"}],"curies":[{"name":"wp","href":"https:\/\/api.w.org\/{rel}","templated":true}]}}