{"id":31146,"date":"2025-06-11T01:27:59","date_gmt":"2025-06-11T05:27:59","guid":{"rendered":"https:\/\/noticiasveraces.com\/?p=31146"},"modified":"2025-06-11T01:27:59","modified_gmt":"2025-06-11T05:27:59","slug":"sheinbaum-niega-haber-alentado-las-protestas-en-los-angeles-dw-11-06-2025","status":"publish","type":"post","link":"https:\/\/noticiasveraces.com\/?p=31146","title":{"rendered":"Sheinbaum niega haber alentado las protestas en Los \u00c1ngeles \u2013 DW \u2013 11\/06\/2025"},"content":{"rendered":"<p> \n<\/p>\n<div>\n<p>La presidenta de M\u00e9xico, Claudia Sheinbaum, asegur\u00f3 el martes (10.06.2025) que es \u00abfalso\u00bb que haya alentado las protestas en Los \u00c1ngeles contra la pol\u00edtica migratoria de Estados Unidos, como asegur\u00f3 la secretaria de Seguridad Nacional de ese pa\u00eds, Kristi Noem.<\/p>\n<p>Los \u00c1ngeles, segunda ciudad estadounidense con una vasta comunidad mexicana, es escenario de fuertes choques entre fuerzas de seguridad y manifestantes por las medidas contra migrantes del presidente Donald Trump, incluidas redadas y deportaciones.<\/p>\n<p>Noem \u00abequivocadamente mencion\u00f3 que alent\u00e9 protestas violentas en Los \u00c1ngeles. Le informo que es absolutamente falso\u00bb, dijo la mandataria en la red social X junto a un video de su rueda de prensa del lunes en la que condena la violencia durante las protestas que comenzaron el pasado viernes.<\/p>\n<blockquote class=\"tweet embed\" data-id=\"1932505129548157307\"\/>\n<p>Este martes temprano, durante una conferencia de prensa junto a Trump en la Casa Blanca, la secretaria de Seguridad Nacional sostuvo que la presidenta mexicana \u00abalent\u00f3 m\u00e1s protestas en Los \u00c1ngeles\u00bb.<\/p>\n<p>\u00abYo la condeno por eso. Ella no deber\u00eda estar alentando protestas violentas como las que estamos viendo\u00bb, afirm\u00f3 Noem en la Oficina Oval.<\/p>\n<h2>\u00abActos de provocaci\u00f3n\u00bb<\/h2>\n<p>Sheinbaum conden\u00f3 el lunes la violencia registrada durante las manifestaciones, a ra\u00edz de las cuales Trump despleg\u00f3 a miles de marines y efectivos de la Guardia Nacional.<\/p>\n<p>En medio de los disturbios se han hecho virales im\u00e1genes de personas con banderas mexicanas, junto a comentarios que sugieren la presencia de infiltrados.<\/p>\n<p>\u00abLa quema de patrullas parece m\u00e1s un acto de provocaci\u00f3n que de resistencia. Debe quedar claro: condenamos la violencia venga de donde venga\u00bb, afirm\u00f3 la presidenta izquierdista el lunes. \u00abLlamamos a la comunidad mexicana a actuar de manera pac\u00edfica y no caer en provocaciones\u00bb, a\u00f1adi\u00f3.<\/p>\n<p>Sheinbaum ha criticado los planes de Trump de gravar las remesas que env\u00edan a su pa\u00eds millones de mexicanos.<\/p>\n<p>\u00abDe ser necesario nos vamos a movilizar\u00bb, declar\u00f3 hace dos semanas, en medio de gestiones de congresistas mexicanos en Estados Unidos para frenar el impuesto.<\/p>\n<p>GS (AFP, AP)<\/p>\n<\/div>\n\n","protected":false},"excerpt":{"rendered":"<p>La presidenta de M\u00e9xico, Claudia Sheinbaum, asegur\u00f3 el martes (10.06.2025) que es \u00abfalso\u00bb que haya alentado las protestas en Los \u00c1ngeles contra la pol\u00edtica migratoria de Estados Unidos, como asegur\u00f3 la secretaria de Seguridad Nacional de ese pa\u00eds, Kristi Noem. Los \u00c1ngeles, segunda ciudad estadounidense con una vasta comunidad mexicana, es escenario de fuertes choques &hellip;<\/p>\n","protected":false},"author":1,"featured_media":31147,"comment_status":"open","ping_status":"open","sticky":false,"template":"","format":"standard","meta":{"fifu_image_url":"https:\/\/static.dw.com\/image\/72855635_6.jpg","fifu_image_alt":"","footnotes":""},"categories":[13],"tags":[],"class_list":["post-31146","post","type-post","status-publish","format-standard","has-post-thumbnail","","category-mundo"],"_links":{"self":[{"href":"https:\/\/noticiasveraces.com\/index.php?rest_route=\/wp\/v2\/posts\/31146","targetHints":{"allow":["GET"]}}],"collection":[{"href":"https:\/\/noticiasveraces.com\/index.php?rest_route=\/wp\/v2\/posts"}],"about":[{"href":"https:\/\/noticiasveraces.com\/index.php?rest_route=\/wp\/v2\/types\/post"}],"author":[{"embeddable":true,"href":"https:\/\/noticiasveraces.com\/index.php?rest_route=\/wp\/v2\/users\/1"}],"replies":[{"embeddable":true,"href":"https:\/\/noticiasveraces.com\/index.php?rest_route=%2Fwp%2Fv2%2Fcomments&post=31146"}],"version-history":[{"count":0,"href":"https:\/\/noticiasveraces.com\/index.php?rest_route=\/wp\/v2\/posts\/31146\/revisions"}],"wp:featuredmedia":[{"embeddable":true,"href":"https:\/\/noticiasveraces.com\/index.php?rest_route=\/wp\/v2\/media\/31147"}],"wp:attachment":[{"href":"https:\/\/noticiasveraces.com\/index.php?rest_route=%2Fwp%2Fv2%2Fmedia&parent=31146"}],"wp:term":[{"taxonomy":"category","embeddable":true,"href":"https:\/\/noticiasveraces.com\/index.php?rest_route=%2Fwp%2Fv2%2Fcategories&post=31146"},{"taxonomy":"post_tag","embeddable":true,"href":"https:\/\/noticiasveraces.com\/index.php?rest_route=%2Fwp%2Fv2%2Ftags&post=31146"}],"curies":[{"name":"wp","href":"https:\/\/api.w.org\/{rel}","templated":true}]}}