{"id":31142,"date":"2025-06-10T23:25:27","date_gmt":"2025-06-11T03:25:27","guid":{"rendered":"https:\/\/noticiasveraces.com\/?p=31142"},"modified":"2025-06-10T23:25:27","modified_gmt":"2025-06-11T03:25:27","slug":"imponen-toque-de-queda-nocturno-en-centro-de-los-angeles-dw-11-06-2025","status":"publish","type":"post","link":"https:\/\/noticiasveraces.com\/?p=31142","title":{"rendered":"Imponen toque de queda nocturno en centro de Los \u00c1ngeles \u2013 DW \u2013 11\/06\/2025"},"content":{"rendered":"<p> \n<\/p>\n<div>\n<p>La alcaldesa de Los \u00c1ngeles, Karen Bass, declar\u00f3 este martes (10.06.2025) un toque de queda nocturno en el centro de la segunda ciudad m\u00e1s grande de Estados Unidos, tras varias noches de protestas contra las redadas migratorias del presidente Donald Trump.<\/p>\n<p>\u00abHe declarado (el estado de) emergencia local y decretado un toque de queda en el centro de Los \u00c1ngeles para detener el vandalismo y parar los saqueos\u00bb, dijo Bass a los periodistas.<\/p>\n<p>La restricci\u00f3n llega luego de cinco d\u00edas de protestas en la ciudad y entrar\u00e1 en vigor esta noche a partir de las 20.00 hora local hasta las 6.00 GMT del mi\u00e9rcoles y abarca aproximadamente un \u00e1rea de 2.5 kil\u00f3metros cuadrados.<\/p>\n<p>Bass asegur\u00f3 que a\u00fan no se ha definido cu\u00e1nto tiempo permanecer\u00e1 en vigor el toque de queda, aunque se prev\u00e9 que se extienda por varios d\u00edas.<\/p>\n<p>Las autoridades decidieron imponer la medida ante los disturbios y actos vand\u00e1licos nocturnos que persisten tras las protestas de parte de grupos que se niegan a dispersarse. <\/p>\n<h2>Detienen a 67 personas<\/h2>\n<p>\u00abEl toque de queda ha sido considerado durante varios d\u00edas, pero claramente, despu\u00e9s de la violencia que tuvo lugar anoche, 23 negocios saqueados, y ya s\u00f3lo ante la naturaleza extensa y generalizada del vandalismo, llegamos a un punto de inflexi\u00f3n y declaramos el estado de emergencia y pedimos el toque de queda\u00bb, dijo la alcaldesa en una conferencia de prensa.<\/p>\n<p>El jefe del Departamento de Polic\u00eda de Los \u00c1ngeles, Jim McDonnell, detall\u00f3 que los \u00fanicos exentos del toque de queda son residentes dentro del \u00e1rea designada, personas en situaci\u00f3n de calle, personal de medios acreditados, as\u00ed como los trabajadores de seguridad p\u00fablica y servicios de emergencia.<\/p>\n<p>McDonell tambi\u00e9n se\u00f1al\u00f3 que este martes fueron detenidas 67 personas por bloquear \u00abilegalmente\u00bb la Autopista 101 durante la quinta jornada de manifestaciones en el centro de la ciudad.<\/p>\n<p>Las protestas en Los \u00c1ngeles comenzaron el viernes por la tarde tras las redadas de inmigraci\u00f3n de parte del Servicio de Control de Inmigraci\u00f3n y Aduanas (ICE).<\/p>\n<p>Trump ha decidido enviar miles de soldados a Los \u00c1ngeles, pese a que las autoridades locales no lo han solicitado y acusan al presidente de querer escalar la tensi\u00f3n.<\/p>\n<p>Mg (AFP, Efe, CNN)<\/p>\n<\/p>\n<\/div>\n\n","protected":false},"excerpt":{"rendered":"<p>La alcaldesa de Los \u00c1ngeles, Karen Bass, declar\u00f3 este martes (10.06.2025) un toque de queda nocturno en el centro de la segunda ciudad m\u00e1s grande de Estados Unidos, tras varias noches de protestas contra las redadas migratorias del presidente Donald Trump. \u00abHe declarado (el estado de) emergencia local y decretado un toque de queda en &hellip;<\/p>\n","protected":false},"author":1,"featured_media":31143,"comment_status":"open","ping_status":"open","sticky":false,"template":"","format":"standard","meta":{"fifu_image_url":"https:\/\/static.dw.com\/image\/72839978_6.jpg","fifu_image_alt":"","footnotes":""},"categories":[13],"tags":[],"class_list":["post-31142","post","type-post","status-publish","format-standard","has-post-thumbnail","","category-mundo"],"_links":{"self":[{"href":"https:\/\/noticiasveraces.com\/index.php?rest_route=\/wp\/v2\/posts\/31142","targetHints":{"allow":["GET"]}}],"collection":[{"href":"https:\/\/noticiasveraces.com\/index.php?rest_route=\/wp\/v2\/posts"}],"about":[{"href":"https:\/\/noticiasveraces.com\/index.php?rest_route=\/wp\/v2\/types\/post"}],"author":[{"embeddable":true,"href":"https:\/\/noticiasveraces.com\/index.php?rest_route=\/wp\/v2\/users\/1"}],"replies":[{"embeddable":true,"href":"https:\/\/noticiasveraces.com\/index.php?rest_route=%2Fwp%2Fv2%2Fcomments&post=31142"}],"version-history":[{"count":0,"href":"https:\/\/noticiasveraces.com\/index.php?rest_route=\/wp\/v2\/posts\/31142\/revisions"}],"wp:featuredmedia":[{"embeddable":true,"href":"https:\/\/noticiasveraces.com\/index.php?rest_route=\/wp\/v2\/media\/31143"}],"wp:attachment":[{"href":"https:\/\/noticiasveraces.com\/index.php?rest_route=%2Fwp%2Fv2%2Fmedia&parent=31142"}],"wp:term":[{"taxonomy":"category","embeddable":true,"href":"https:\/\/noticiasveraces.com\/index.php?rest_route=%2Fwp%2Fv2%2Fcategories&post=31142"},{"taxonomy":"post_tag","embeddable":true,"href":"https:\/\/noticiasveraces.com\/index.php?rest_route=%2Fwp%2Fv2%2Ftags&post=31142"}],"curies":[{"name":"wp","href":"https:\/\/api.w.org\/{rel}","templated":true}]}}