{"id":31138,"date":"2025-06-10T21:23:26","date_gmt":"2025-06-11T01:23:26","guid":{"rendered":"https:\/\/noticiasveraces.com\/?p=31138"},"modified":"2025-06-10T21:23:26","modified_gmt":"2025-06-11T01:23:26","slug":"al-menos-2-muertos-y-28-heridos-por-ataques-rusos-en-jarkov-dw-11-06-2025","status":"publish","type":"post","link":"https:\/\/noticiasveraces.com\/?p=31138","title":{"rendered":"Al menos 2 muertos y 28 heridos por ataques rusos en J\u00e1rkov \u2013 DW \u2013 11\/06\/2025"},"content":{"rendered":"<p> \n<\/p>\n<div>\n<p>Al menos dos personas murieron y 28 resultaron heridas en un ataque masivo de\u00a0drones rusos contra la ciudad ucraniana de J\u00e1rkov, inform\u00f3 el mi\u00e9rcoles (11.06.2025) el alcalde Ihor Terekhov.<\/p>\n<p>El funcionario indic\u00f3 que 17 ataques rusos con drones afectaron casas y edificaciones de J\u00e1rkov, incluido un edificio residencial de cinco plantas ubicado en el distrito de Slobidskyi, donde se produjo un incendio de gran magnitud.<\/p>\n<p>Seg\u00fan el diario <em>El Kiev Independent<\/em>las autoridades no descartan que la cifra total de v\u00edctimas sea m\u00e1s alta, pues se teme que varias personas quedaron bajo los escombros.<\/p>\n<p>Las autoridades ucranianas analizan la posibilidad de introducir restricciones temporales en los servicios de telefon\u00eda m\u00f3vil, ante el uso que Rusia hace de las redes m\u00f3viles para recabar informaci\u00f3n durante los ataques cada vez m\u00e1s masivos con drones, seg\u00fan deliberaciones de la comisi\u00f3n de Defensa del Parlamento ucraniano.<\/p>\n<h2>Drones Shahed de largo alcance\u00a0son iran\u00edes<\/h2>\n<p>Los drones rusos de largo alcance, incluidos los Shahed de fabricaci\u00f3n iran\u00ed, est\u00e1n cada vez m\u00e1s equipados con tarjetas SIM ucranianas de prepago para recoger y transmitir datos cr\u00edticos durante los vuelos, seg\u00fan informan los expertos que analizan los restos de drones.<\/p>\n<p>El nuevo ataque con drones contra J\u00e1rkov ocurri\u00f3 pocas horas despu\u00e9s del canje del segundo grupo de prisioneros de guerra acordado en la segunda ronda de negociaciones de Estambul, seg\u00fan informaron el Ministerio de Defensa ruso y el presidente ucraniano, Volod\u00edmir Zelenski.<\/p>\n<p>Este intercambio, que incluye a prisioneros heridos, enfermos graves y menores de 25 a\u00f1os, se llev\u00f3 a cabo tras el realizado el lunes entre ambas partes.<\/p>\n<p>En ninguno de los casos se especific\u00f3 el n\u00famero de prisioneros canjeados ni la fecha de pr\u00f3ximos intercambios, que se efectuar\u00e1n en el formato \u00abtodos por todos\u00bb, pero no menos de mil, seg\u00fan inform\u00f3 anteriormente el jefe negociador ruso, Vlad\u00edmir Medinski.<\/p>\n<p>GS (Efe, AFP, Reuters)<\/p>\n<div class=\"vjs-wrapper embed big\">\n<h2 aria-label=\"Video integrado \u2014 Ucrania asesta golpe moral al Kremlin\" class=\"headline\"><svg xmlns=\"http:\/\/www.w3.org\/2000\/svg\" viewbox=\"0 0 20 20\"><g fill-rule=\"evenodd\"><path d=\"M14.114 7.599H13.5l.002 4.706h.601l4.582 3.25-.005-11.11zM11.084 4.444l-9.007.002-1.336.797.002 9.514 1.334.793 9.007.006 1.509-.799-.004-9.516z\"\/><\/g><\/svg>Ucrania asesta golpe moral al Kremlin<\/h2>\n<p><video id=\"video-72792546\" controls=\"\" playsinline=\"\" preload=\"none\" poster=\"data:image\/png;base64,iVBORw0KGgoAAAANSUhEUgAAAAEAAAABCAQAAAC1HAwCAAAAC0lEQVR42mNkYAAAAAYAAjCB0C8AAAAASUVORK5CYII=\" data-id=\"72792546\" data-posterurl=\"https:\/\/static.dw.com\/image\/72443608_605.webp\" data-duration=\"02:28\"><source src=\"https:\/\/hlsvod.dw.com\/i\/dwtv_video\/flv\/js\/js20250604_STRIKESn10C_,AVC_480x270,AVC_512x288,AVC_640x360,AVC_960x540,AVC_1280x720,AVC_1920x1080,.mp4.csmil\/master.m3u8\" type=\"application\/x-mpegURL\"><source src=\"https:\/\/tvdownloaddw-a.akamaihd.net\/dwtv_video\/flv\/js\/js20250604_STRIKESn10C_AVC_1920x1080.mp4\" type=\"video\/mp4\"><track src=\"https:\/\/www.dw.com\/media\/subtitles\/72848682\" srclang=\"es\" label=\"SPANISH\" default=\"\"><p class=\"vjs-no-js\">Para ver este video, habilite JavaScript y considere actualizar a un navegador web que admite el video HTML5<\/p>\n<\/track><\/source><\/source><\/video><\/div>\n<\/div>\n\n","protected":false},"excerpt":{"rendered":"<p>Al menos dos personas murieron y 28 resultaron heridas en un ataque masivo de\u00a0drones rusos contra la ciudad ucraniana de J\u00e1rkov, inform\u00f3 el mi\u00e9rcoles (11.06.2025) el alcalde Ihor Terekhov. El funcionario indic\u00f3 que 17 ataques rusos con drones afectaron casas y edificaciones de J\u00e1rkov, incluido un edificio residencial de cinco plantas ubicado en el distrito &hellip;<\/p>\n","protected":false},"author":1,"featured_media":31139,"comment_status":"open","ping_status":"open","sticky":false,"template":"","format":"standard","meta":{"fifu_image_url":"https:\/\/static.dw.com\/image\/72857149_6.jpg","fifu_image_alt":"","footnotes":""},"categories":[13],"tags":[],"class_list":["post-31138","post","type-post","status-publish","format-standard","has-post-thumbnail","","category-mundo"],"_links":{"self":[{"href":"https:\/\/noticiasveraces.com\/index.php?rest_route=\/wp\/v2\/posts\/31138","targetHints":{"allow":["GET"]}}],"collection":[{"href":"https:\/\/noticiasveraces.com\/index.php?rest_route=\/wp\/v2\/posts"}],"about":[{"href":"https:\/\/noticiasveraces.com\/index.php?rest_route=\/wp\/v2\/types\/post"}],"author":[{"embeddable":true,"href":"https:\/\/noticiasveraces.com\/index.php?rest_route=\/wp\/v2\/users\/1"}],"replies":[{"embeddable":true,"href":"https:\/\/noticiasveraces.com\/index.php?rest_route=%2Fwp%2Fv2%2Fcomments&post=31138"}],"version-history":[{"count":0,"href":"https:\/\/noticiasveraces.com\/index.php?rest_route=\/wp\/v2\/posts\/31138\/revisions"}],"wp:featuredmedia":[{"embeddable":true,"href":"https:\/\/noticiasveraces.com\/index.php?rest_route=\/wp\/v2\/media\/31139"}],"wp:attachment":[{"href":"https:\/\/noticiasveraces.com\/index.php?rest_route=%2Fwp%2Fv2%2Fmedia&parent=31138"}],"wp:term":[{"taxonomy":"category","embeddable":true,"href":"https:\/\/noticiasveraces.com\/index.php?rest_route=%2Fwp%2Fv2%2Fcategories&post=31138"},{"taxonomy":"post_tag","embeddable":true,"href":"https:\/\/noticiasveraces.com\/index.php?rest_route=%2Fwp%2Fv2%2Ftags&post=31138"}],"curies":[{"name":"wp","href":"https:\/\/api.w.org\/{rel}","templated":true}]}}