{"id":31133,"date":"2025-06-10T20:27:47","date_gmt":"2025-06-11T00:27:47","guid":{"rendered":"https:\/\/noticiasveraces.com\/?p=31133"},"modified":"2025-06-10T20:27:47","modified_gmt":"2025-06-11T00:27:47","slug":"jhon-duran-estas-son-todas-las-lesiones-que-ha-tenido-en-su-carrera","status":"publish","type":"post","link":"https:\/\/noticiasveraces.com\/?p=31133","title":{"rendered":"Jhon Dur\u00e1n: estas son todas las lesiones que ha tenido en su carrera"},"content":{"rendered":"<p> \n<\/p>\n<header>\n<h3>\n<p>                Curiosidades de f\u00fatbol<br \/>\n            <\/h3>\n<h1>\n<p>            Jhon Dur\u00e1n: estas son todas las lesiones que ha tenido en su carrera<br \/>\n        <\/h1>\n<address>\n            <a>Diego Nahuel<br \/>\n        <\/address>\n<p>            10 de junio 2025 , 09:11 a.\u00a0m.<\/p>\n<\/header>\n<p>\u2022&nbsp;Jhon J\u00e1der Dur\u00e1n se pierde el partido entre la Selecci\u00f3n Colombia y Argentina por lesi\u00f3n.<\/p>\n<p>Por una molestia f\u00edsica<b>Jhon Dur\u00e1n debi\u00f3 ser desconvocado de la Selecci\u00f3n Colombia y no jugar\u00e1 el partido ante Argentina <\/b>de este martes 10 de junio en el estadio Monumental de Buenos Aires. En ese contexto, en medio de todas las cr\u00edticas que recibi\u00f3 el delantero y de los rumores que desde las distintas partes intentaron calmar, <b>aqu\u00ed repasamos el historial de lesiones que tuvo el delantero durante toda su carrera<\/b>al menos de las cuales hay registro por haberse conocido el parte m\u00e9dico.<\/p>\n<p>Mientras que N\u00e9stor Lorenzo tuvo que dar explicaciones p\u00fablicas, se dio a conocer que J\u00e1der abandon\u00f3 la concentraci\u00f3n con Colombia por un problema en la espalda, precisamente en una v\u00e9rtebra, problema que arrastra de cuando era jugador del Aston Villa. Justamente, en cuanto a lo documentado por <i>Mercado de transferencia<\/i>, <b>Jhon Dur\u00e1n tuvo 4 lesiones en su carrera<\/b> y todas ellas se dieron en el f\u00fatbol ingl\u00e9s, en la Premier League. A esas, <b>hay que sumarles estas 2 \u00faltimas molestias f\u00edsicas.<\/b><\/p>\n<figure>\n                        <img decoding=\"async\" src=\"https:\/\/www.futbolred.com\/uploads\/2025\/06\/09\/684792eee2649.jpeg\" \/><br \/>\n                    <\/figure>\n<h2>El historial de lesiones de Jhon J\u00e1der Dur\u00e1n durante su carrera<br \/><\/h2>\n<h2>\u00bfQu\u00e9 dijo N\u00e9stor Lorenzo de la lesi\u00f3n de Jhon Dur\u00e1n?<br \/><\/h2>\n<p>En la conferencia de prensa previa al duelo, el entrenador N\u00e9stor Lorenzo sostuvo: \u201c<b>Dur\u00e1n tuvo un problema en una v\u00e9rtebra<\/b> desde cuando jugaba en el Aston Villa y cada tanto le da dolores. Ven\u00eda jugando normal, no jug\u00f3 en Al-Nassr al final pero por un dolorcito en la pierna\u201d. Adem\u00e1s, coment\u00f3 con cierto enojo: \u201c<b>Lo que no dijo es que le aparece cada tanto el dolor<\/b> y lo trata con dos fisios que trabajan con \u00e9l, lo citamos en \u00f3ptimas condiciones\u201d.<\/p>\n\n","protected":false},"excerpt":{"rendered":"<p>Curiosidades de f\u00fatbol Jhon Dur\u00e1n: estas son todas las lesiones que ha tenido en su carrera Diego Nahuel 10 de junio 2025 , 09:11 a.\u00a0m. \u2022&nbsp;Jhon J\u00e1der Dur\u00e1n se pierde el partido entre la Selecci\u00f3n Colombia y Argentina por lesi\u00f3n. Por una molestia f\u00edsicaJhon Dur\u00e1n debi\u00f3 ser desconvocado de la Selecci\u00f3n Colombia y no jugar\u00e1 &hellip;<\/p>\n","protected":false},"author":1,"featured_media":31134,"comment_status":"open","ping_status":"open","sticky":false,"template":"","format":"standard","meta":{"fifu_image_url":"https:\/\/www.futbolred.com\/files\/og_thumbnail\/uploads\/2025\/06\/10\/68483ccb46957.jpeg","fifu_image_alt":"","footnotes":""},"categories":[6],"tags":[],"class_list":["post-31133","post","type-post","status-publish","format-standard","has-post-thumbnail","","category-deportes"],"_links":{"self":[{"href":"https:\/\/noticiasveraces.com\/index.php?rest_route=\/wp\/v2\/posts\/31133","targetHints":{"allow":["GET"]}}],"collection":[{"href":"https:\/\/noticiasveraces.com\/index.php?rest_route=\/wp\/v2\/posts"}],"about":[{"href":"https:\/\/noticiasveraces.com\/index.php?rest_route=\/wp\/v2\/types\/post"}],"author":[{"embeddable":true,"href":"https:\/\/noticiasveraces.com\/index.php?rest_route=\/wp\/v2\/users\/1"}],"replies":[{"embeddable":true,"href":"https:\/\/noticiasveraces.com\/index.php?rest_route=%2Fwp%2Fv2%2Fcomments&post=31133"}],"version-history":[{"count":0,"href":"https:\/\/noticiasveraces.com\/index.php?rest_route=\/wp\/v2\/posts\/31133\/revisions"}],"wp:featuredmedia":[{"embeddable":true,"href":"https:\/\/noticiasveraces.com\/index.php?rest_route=\/wp\/v2\/media\/31134"}],"wp:attachment":[{"href":"https:\/\/noticiasveraces.com\/index.php?rest_route=%2Fwp%2Fv2%2Fmedia&parent=31133"}],"wp:term":[{"taxonomy":"category","embeddable":true,"href":"https:\/\/noticiasveraces.com\/index.php?rest_route=%2Fwp%2Fv2%2Fcategories&post=31133"},{"taxonomy":"post_tag","embeddable":true,"href":"https:\/\/noticiasveraces.com\/index.php?rest_route=%2Fwp%2Fv2%2Ftags&post=31133"}],"curies":[{"name":"wp","href":"https:\/\/api.w.org\/{rel}","templated":true}]}}