{"id":31112,"date":"2025-06-10T19:20:41","date_gmt":"2025-06-10T23:20:41","guid":{"rendered":"https:\/\/noticiasveraces.com\/?p=31112"},"modified":"2025-06-10T19:20:41","modified_gmt":"2025-06-10T23:20:41","slug":"macron-promete-prohibir-el-acceso-a-redes-a-menores-de-15-dw-11-06-2025","status":"publish","type":"post","link":"https:\/\/noticiasveraces.com\/?p=31112","title":{"rendered":"Macron promete prohibir el acceso a redes a menores de 15 \u2013 DW \u2013 11\/06\/2025"},"content":{"rendered":"<p> \n<\/p>\n<div>\n<p>El presidente franc\u00e9s, Emmanuel Macron, asegur\u00f3 el martes (10.06.2025) que intentar\u00e1 prohibir el acceso de los menores de 15 a\u00f1os a las redes sociales, a las que acus\u00f3 de promover la violencia, tras el apu\u00f1alamiento mortal de una vigilante escolar por un estudiante de secundaria.<\/p>\n<p>\u00abVoy a dar unos meses para buscar la movilizaci\u00f3n europea. Si no lo logramos, negociar\u00e9 para poder aplicarlo en Francia. No podemos perder m\u00e1s tiempo\u00bb, asegur\u00f3 Macron en la televisi\u00f3n p\u00fablica France 2.<\/p>\n<p>Minutos antes, el primer ministro Fran\u00e7ois Bayrou hab\u00eda anunciado en el canal TF1 que prohibir\u00e1n de forma inmediata la venta de toda arma blanca a menores en el pa\u00eds, dond hasta ahora solo se prohib\u00edan los pu\u00f1ales.<\/p>\n<p>En ese sentido, Macron consider\u00f3 que hay \u00abuna epidemia de armas\u00bb entre los menores que constituye \u00abuna amenaza para ellos y para los vigilantes escolares\u00bb.<\/p>\n<h2>\u00abTolerancia cero\u00bb en venta de armas a menores<\/h2>\n<p>\u00abNo vamos a tolerar que un menor tenga un arma blanca. Eso implica a los propios menores, a los padres y tambi\u00e9n a los vendedores\u00bb, asegur\u00f3 el presidente, que se\u00f1al\u00f3 que tendr\u00e1n \u00abtolerancia cero\u00bb y que emprender\u00e1n \u00abuna reacci\u00f3n fuerte\u00bb frente a esta situaci\u00f3n.<\/p>\n<p>El apu\u00f1alamiento de una vigilante escolar a primera hora de la ma\u00f1ana en Nogent, en el noreste de Francia, cuando cacheaba la mochila de un alumno de 14 a\u00f1os a la entrada del centro de secundaria ha generado un gran pesar en Francia.<\/p>\n<p>Macron se\u00f1al\u00f3 que \u00abla violencia est\u00e1 cada vez m\u00e1s presente en las sociedades\u00bb y eso afecta a los menores, por lo que justific\u00f3 que se restrinja su acceso a las redes sociales.<\/p>\n<p>\u00abSe puede hacer, porque todas esas plataformas tienen la posibilidad mediante el reconocimiento facial de verificar la edad. Se ha hecho con una regulaci\u00f3n europea para las webs pornogr\u00e1ficas\u00bb, asegur\u00f3 el presidente.<\/p>\n<p>Al tiempo, critic\u00f3 a algunos medios de comunicaci\u00f3n y a la l\u00edder ultraderechista Marine Le Pen por \u00abmanipular\u00bb cierto hechos para crear revuelta social.<\/p>\n<p>GS (EFE, AFP)<\/p>\n<\/div>\n\n","protected":false},"excerpt":{"rendered":"<p>El presidente franc\u00e9s, Emmanuel Macron, asegur\u00f3 el martes (10.06.2025) que intentar\u00e1 prohibir el acceso de los menores de 15 a\u00f1os a las redes sociales, a las que acus\u00f3 de promover la violencia, tras el apu\u00f1alamiento mortal de una vigilante escolar por un estudiante de secundaria. \u00abVoy a dar unos meses para buscar la movilizaci\u00f3n europea. &hellip;<\/p>\n","protected":false},"author":1,"featured_media":31113,"comment_status":"open","ping_status":"open","sticky":false,"template":"","format":"standard","meta":{"fifu_image_url":"https:\/\/static.dw.com\/image\/70717955_6.jpg","fifu_image_alt":"","footnotes":""},"categories":[13],"tags":[],"class_list":["post-31112","post","type-post","status-publish","format-standard","has-post-thumbnail","","category-mundo"],"_links":{"self":[{"href":"https:\/\/noticiasveraces.com\/index.php?rest_route=\/wp\/v2\/posts\/31112","targetHints":{"allow":["GET"]}}],"collection":[{"href":"https:\/\/noticiasveraces.com\/index.php?rest_route=\/wp\/v2\/posts"}],"about":[{"href":"https:\/\/noticiasveraces.com\/index.php?rest_route=\/wp\/v2\/types\/post"}],"author":[{"embeddable":true,"href":"https:\/\/noticiasveraces.com\/index.php?rest_route=\/wp\/v2\/users\/1"}],"replies":[{"embeddable":true,"href":"https:\/\/noticiasveraces.com\/index.php?rest_route=%2Fwp%2Fv2%2Fcomments&post=31112"}],"version-history":[{"count":0,"href":"https:\/\/noticiasveraces.com\/index.php?rest_route=\/wp\/v2\/posts\/31112\/revisions"}],"wp:featuredmedia":[{"embeddable":true,"href":"https:\/\/noticiasveraces.com\/index.php?rest_route=\/wp\/v2\/media\/31113"}],"wp:attachment":[{"href":"https:\/\/noticiasveraces.com\/index.php?rest_route=%2Fwp%2Fv2%2Fmedia&parent=31112"}],"wp:term":[{"taxonomy":"category","embeddable":true,"href":"https:\/\/noticiasveraces.com\/index.php?rest_route=%2Fwp%2Fv2%2Fcategories&post=31112"},{"taxonomy":"post_tag","embeddable":true,"href":"https:\/\/noticiasveraces.com\/index.php?rest_route=%2Fwp%2Fv2%2Ftags&post=31112"}],"curies":[{"name":"wp","href":"https:\/\/api.w.org\/{rel}","templated":true}]}}