{"id":31102,"date":"2025-06-10T18:19:14","date_gmt":"2025-06-10T22:19:14","guid":{"rendered":"https:\/\/noticiasveraces.com\/?p=31102"},"modified":"2025-06-10T18:19:14","modified_gmt":"2025-06-10T22:19:14","slug":"los-angeles-alza-la-voz-por-sus-migrantes-indocumentados-dw-10-06-2025","status":"publish","type":"post","link":"https:\/\/noticiasveraces.com\/?p=31102","title":{"rendered":"Los \u00c1ngeles alza la voz por sus migrantes indocumentados \u2013 DW \u2013 10\/06\/2025"},"content":{"rendered":"<p> \n<\/p>\n<div>\n<p>Desde hace cinco d\u00edas, una sociedad civil indignada protesta en las calles de Los \u00c1ngeles contra la pol\u00edtica migratoria del Gobierno de Donald Trump. Las manifestaciones, que hasta ahora los observadores definen como mayoritariamente pac\u00edficas, detonaron tras una ola de redadas masivas en contra de inmigrantes indocumentados por parte del Servicio de Inmigraci\u00f3n y Aduanas (ICE, por sus siglas en ingl\u00e9s), en la segunda mayor ciudad de Estados Unidos.<\/p>\n<p>De los 13,7 millones de personas indocumentadas en el pa\u00eds norteamericano, 11,6 millones nacieron en Am\u00e9rica Latina, lo que equivale a un 84 por ciento de toda la poblaci\u00f3n migrante irregular en Estados Unidos, explica Ariel Ruiz Soto, analista pol\u00edtico s\u00e9nior del Instituto de Pol\u00edtica Migratoria (MPI, por sus siglas en ingl\u00e9s).<\/p>\n<h2>Inmigrantes arraigados en California<\/h2>\n<p>\u00abCalifornia es el estado con la mayor poblaci\u00f3n de indocumentados, y en el \u00e1rea metropolitana de Los \u00c1ngeles reside casi un mill\u00f3n de inmigrantes indocumentados\u00bb, especifica el experto en declaraciones a DW.<\/p>\n<p>Estas personas llevan d\u00e9cadas viviendo en el \u00e1rea, y tienen hijos, nietos y bisnietos nacidos en Estados Unidos, observa al respecto el Dr. Ernesto Caste\u00f1eda, director del\u00a0Centro de Estudios Latinoamericanos y Latinos (CLALS) de la American University, en Washington.<\/p>\n<p>\u00abUno de cada cinco habitantes es indocumentado o tiene un familiar que lo es. Adem\u00e1s, poco m\u00e1s de una tercera parte (35,4 por ciento) de la ciudad angelina naci\u00f3 en el extranjero, y muchos de ellos son solidarios y entienden que si la gente no tiene papeles migratorios no es porque no quiera, sino porque no puede tener acceso a los procesos para obtenerlos\u00bb, aclara el acad\u00e9mico, profesor de Sociolog\u00eda.<\/p>\n<p>Asimismo, m\u00e1s de la mitad de la poblaci\u00f3n con papeles irregulares en Los \u00c1ngeles\u00a0es originaria de M\u00e9xico y lleva unos 15 a\u00f1os en el pa\u00eds, destaca, por su parte, Maureen Meyer, vicepresidenta para Programas de la Oficina en Washington para Asuntos Latinoamericanos (WOLA).<\/p>\n<figure class=\"placeholder-image master_landscape big\"><img data-format=\"MASTER_LANDSCAPE\" data-id=\"72863457\" data-url=\"https:\/\/static.dw.com\/image\/72863457_${formatId}.jpg\" data-aspect-ratio=\"16\/9\" alt=\"Manifestaci\u00f3n en Los \u00c1ngeles contra la pol\u00edtica migratoria de Washington, resguardada por la Guardia Nacional de California. \" style=\"padding-bottom: 56.25%; height: 0; max-height: 0;\"\/><figcaption class=\"img-caption\">La mayor\u00eda de las manifestaciones contra la pol\u00edtica migratoria de Trump y las redadas y deportaciones del ICE han sido pac\u00edficas.<small class=\"copyright\">Imagen: David Ryder\/REUTERS<\/small><\/figcaption><\/figure>\n<h2>\u00abMiedo\u00bb\u00a0e \u00abincertidumbre\u00bb<\/h2>\n<p>Entre la comunidad de indocumentados de Los \u00c1ngeles reinan el \u00abmiedo\u00bb\u00a0y la \u00abincertidumbre\u00bb, asegura la experta en derechos humanos, y agrega que, con el actual Gobierno de Trump, agentes del ICE est\u00e1n haciendo redadas en lugares que antes eran considerados \u00abseguros\u00bb, como cortes, escuelas y hospitales.<\/p>\n<p>Muchas de las redadas masivas de la semana pasada se llevaron a cabo en lugares de trabajo, como f\u00e1bricas de ropa o restaurantes, o en zonas donde jornaleros buscan ser contratados para trabajar en la agricultura o la construcci\u00f3n.<\/p>\n<p>\u00abLa gente siente que nadie, que no sea documentado, est\u00e1 a salvo en el pa\u00eds\u00bb, dice Meyer. No obstante, prosigue, hay migrantes que no tienen otra opci\u00f3n que seguir buscando trabajo informal, pese a los riesgos de ser detenidos.<\/p>\n<p>\u00abPor otro lado, justamente por la historia de Los \u00c1ngeles, una ciudad, una zona migrante, hay muchas organizaciones que est\u00e1n apoyando a la poblaci\u00f3n indocumentada\u00bb, agrega la vicepresidenta para Programas de WOLA.<\/p>\n<p><span data-slot-id=\"Article_InContent-1\" class=\"rich-text-ad\"\/><\/p>\n<h2>Militares contra la migraci\u00f3n ilegal<\/h2>\n<p>Si bien los arrestos y las deportaciones no son nuevos en California, las t\u00e1cticas y la visibilidad de las operaciones han \u00abcambiado dr\u00e1sticamente el panorama para los inmigrantes indocumentados. La participaci\u00f3n de agentes federales y unidades militares ha endurecido m\u00e1s las confrontaciones entre inmigrantes y el ICE\u00bb, sostiene Ariel Ruiz, del MPI.<\/p>\n<p>En un intento por sofocar las protestas antigubernamentales, el Gobierno en Washington ha ordenado el env\u00edo de 700 marines y 4.000 miembros de la Guardia Nacional a Los \u00c1ngeles, pese al rechazo del Gobernador de California.<\/p>\n<p>\u00abPor lo pronto, la fuerza armada y los marinos no han sido parte de ninguna redada y hasta ahora esa no es la meta. Est\u00e1n resguardando edificios federales en Los \u00c1ngeles, donde el ICE tiene oficinas o donde han llevado a los inmigrantes detenidos, a los cuales no se les ha permitido ver a familiares o hablar con un abogado, en su mayor\u00eda\u00bb, explica el Dr. Caste\u00f1eda, en entrevista con DW.<\/p>\n<p>Sin embargo, agrega, en algunos casos las redadas del ICE han recibido apoyo de \u00abpersonal que trabaja para el FBI, la DEA, el Departamento de Alcohol, Tabaco, Armas de Fuego y Explosivos, entre otros\u00bb.<\/p>\n<p>En opini\u00f3n de Maureen Meyer, \u00abel despliegue masivo de agentes federales militares para enfrentar las protestas es algo in\u00e9dito en el pa\u00eds. Es uno de muchos esfuerzos de Trump por desplegar a los militares para tareas migratorias, sobre todo en la zona fronteriza, y expandir su uso mucho m\u00e1s all\u00e1 de su tarea tradicional\u00bb.<\/p>\n<p>\u00abLo novedoso para m\u00ed\u00bb, a\u00f1ade, por su parte, Casta\u00f1eda, \u00abes que los ciudadanos de Los \u00c1ngeles, la mayor\u00eda de la poblaci\u00f3n, se est\u00e1n oponiendo p\u00fablica y visiblemente contra estas redadas y las pol\u00edticas federales que no ven como un tema de seguridad p\u00fablica, sino como un programa para aterrorizar a minor\u00edas y un proyecto supremacista\u00bb.<\/p>\n<p>(RML)<\/p>\n<\/p>\n<\/div>\n\n","protected":false},"excerpt":{"rendered":"<p>Desde hace cinco d\u00edas, una sociedad civil indignada protesta en las calles de Los \u00c1ngeles contra la pol\u00edtica migratoria del Gobierno de Donald Trump. Las manifestaciones, que hasta ahora los observadores definen como mayoritariamente pac\u00edficas, detonaron tras una ola de redadas masivas en contra de inmigrantes indocumentados por parte del Servicio de Inmigraci\u00f3n y Aduanas &hellip;<\/p>\n","protected":false},"author":1,"featured_media":31103,"comment_status":"open","ping_status":"open","sticky":false,"template":"","format":"standard","meta":{"fifu_image_url":"https:\/\/static.dw.com\/image\/72855719_6.jpg","fifu_image_alt":"","footnotes":""},"categories":[13],"tags":[],"class_list":["post-31102","post","type-post","status-publish","format-standard","has-post-thumbnail","","category-mundo"],"_links":{"self":[{"href":"https:\/\/noticiasveraces.com\/index.php?rest_route=\/wp\/v2\/posts\/31102","targetHints":{"allow":["GET"]}}],"collection":[{"href":"https:\/\/noticiasveraces.com\/index.php?rest_route=\/wp\/v2\/posts"}],"about":[{"href":"https:\/\/noticiasveraces.com\/index.php?rest_route=\/wp\/v2\/types\/post"}],"author":[{"embeddable":true,"href":"https:\/\/noticiasveraces.com\/index.php?rest_route=\/wp\/v2\/users\/1"}],"replies":[{"embeddable":true,"href":"https:\/\/noticiasveraces.com\/index.php?rest_route=%2Fwp%2Fv2%2Fcomments&post=31102"}],"version-history":[{"count":0,"href":"https:\/\/noticiasveraces.com\/index.php?rest_route=\/wp\/v2\/posts\/31102\/revisions"}],"wp:featuredmedia":[{"embeddable":true,"href":"https:\/\/noticiasveraces.com\/index.php?rest_route=\/wp\/v2\/media\/31103"}],"wp:attachment":[{"href":"https:\/\/noticiasveraces.com\/index.php?rest_route=%2Fwp%2Fv2%2Fmedia&parent=31102"}],"wp:term":[{"taxonomy":"category","embeddable":true,"href":"https:\/\/noticiasveraces.com\/index.php?rest_route=%2Fwp%2Fv2%2Fcategories&post=31102"},{"taxonomy":"post_tag","embeddable":true,"href":"https:\/\/noticiasveraces.com\/index.php?rest_route=%2Fwp%2Fv2%2Ftags&post=31102"}],"curies":[{"name":"wp","href":"https:\/\/api.w.org\/{rel}","templated":true}]}}